{"id":6028,"date":"2026-04-29T10:02:12","date_gmt":"2026-04-29T07:02:12","guid":{"rendered":"https:\/\/belediyeis.org.tr\/merkez\/?p=6028"},"modified":"2026-04-29T10:02:12","modified_gmt":"2026-04-29T07:02:12","slug":"yasasin-1-mayis-yasasin-emekcilerin-birligi","status":"publish","type":"post","link":"https:\/\/belediyeis.org.tr\/merkez\/2026\/04\/29\/yasasin-1-mayis-yasasin-emekcilerin-birligi\/","title":{"rendered":"Ya\u015fas\u0131n 1 May\u0131s, Ya\u015fas\u0131n Emek\u00e7ilerin Birli\u011fi!"},"content":{"rendered":"<p><strong>S\u00d6M\u00dcR\u00dcYE, ADALETS\u0130ZL\u0130\u011eE KAR\u015eI; DEMOKRAS\u0130, ADALET VE BARI\u015e \u0130\u00c7\u0130N ALANLARDAYIZ.<\/strong><\/p>\n<p><strong>YA\u015eASIN 1 MAYIS, YA\u015eASIN EMEK\u00c7\u0130LER\u0130N B\u0130RL\u0130\u011e\u0130!<\/strong><\/p>\n<p><strong>De\u011ferli i\u015f\u00e7iler, emek\u00e7iler,<\/strong><\/p>\n<p>1 May\u0131s, emek\u00e7iler i\u00e7in takvimde s\u0131radan bir g\u00fcn de\u011fildir. Eme\u011fin s\u00f6m\u00fcr\u00fcye kar\u015f\u0131 y\u00fckseltti\u011fi ortak itiraz\u0131n, dayan\u0131\u015fman\u0131n ve m\u00fccadele iradesinin simgesidir. \u0130\u015f\u00e7ilerin, kad\u0131nlar\u0131n, gen\u00e7lerin ve toplumun t\u00fcm kesimlerinin e\u015fit ve \u00f6zg\u00fcr bir gelecek talebinde bulu\u015ftu\u011fu tarihsel bir g\u00fcnd\u00fcr.<\/p>\n<p>D\u00fcnya, emperyalist h\u0131rslar\u0131n ve sava\u015f tamtamlar\u0131n\u0131n g\u00f6lgesinde karanl\u0131k bir d\u00f6neme\u00e7ten ge\u00e7iyor. ABD emperyalizminin hukuk tan\u0131maz sald\u0131rganl\u0131\u011f\u0131 ve \u0130srail h\u00fck\u00fcmetinin sald\u0131rgan politikalar\u0131, Orta Do\u011fu\u2019yu derin bir y\u0131k\u0131ma s\u00fcr\u00fckl\u00fcyor. B\u00f6lgemizde estirilen sava\u015f r\u00fczg\u00e2rlar\u0131 insanl\u0131\u011f\u0131n ortak vicdan\u0131n\u0131 yaral\u0131yor.<\/p>\n<p>Emperyalist sald\u0131rganl\u0131k; adil b\u00f6l\u00fc\u015f\u00fcm yerine s\u00f6m\u00fcr\u00fcy\u00fc, refah yerine a\u00e7l\u0131\u011f\u0131, uygarl\u0131k yerine sefaleti, demokrasi yerine hukuk tan\u0131mazl\u0131\u011f\u0131 dayat\u0131yor.<\/p>\n<p>Bizler, <strong>\u201cE\u011fer vatan savunmas\u0131 i\u00e7in \u015fart de\u011filse her sava\u015f bir cinayettir\u201d<\/strong> anlay\u0131\u015f\u0131yla, Mustafa Kemal Atat\u00fcrk\u2019\u00fcn <strong>\u201cYurtta sulh, cihanda sulh\u201d<\/strong> ilkesiyle bar\u0131\u015f\u0131 savunuyoruz. \u00c7\u00fcnk\u00fc sava\u015f\u0131n maliyeti her zaman emek\u00e7inin sofras\u0131ndan kesilir. \u00c7\u00fcnk\u00fc bar\u0131\u015f en \u00e7ok emek\u00e7ilerin, kad\u0131nlar\u0131n ve gen\u00e7lerin ihtiyac\u0131d\u0131r.<\/p>\n<p><strong>SAVA\u015eSIZ, S\u00d6M\u00dcR\u00dcS\u00dcZ B\u0130R D\u00dcNYA!<\/strong><\/p>\n<p>\u00d6te yandan, \u00fclkemizde hukukun, demokrasinin, \u00f6rg\u00fctlenme ve ifade \u00f6zg\u00fcrl\u00fc\u011f\u00fcn\u00fcn zay\u0131flad\u0131\u011f\u0131 bir d\u00f6nemden ge\u00e7iyoruz. <strong>\u201cDemokrasi i\u015f\u00e7inin ekme\u011fidir\u201d<\/strong> s\u00f6z\u00fc yaln\u0131zca bir ifade de\u011fil, hayat\u0131n ger\u00e7e\u011fidir. \u00c7\u00fcnk\u00fc emek ancak hukukun ve demokrasinin g\u00fcvencesi alt\u0131nda korunabilir. Sofradaki ekmek, ancak adaletin oldu\u011fu bir d\u00fczende kal\u0131c\u0131 h\u00e2le gelir.<\/p>\n<p>Demokrasinin ve Cumhuriyet\u2019in kazan\u0131mlar\u0131, yarg\u0131n\u0131n siyasalla\u015fmas\u0131yla bir bir yok ediliyor. D\u00fc\u015f\u00fcnce ve ifade \u00f6zg\u00fcrl\u00fc\u011f\u00fc yok ediliyor. Gazeteciler, sanat\u00e7\u0131lar, siyaset\u00e7iler ve gen\u00e7ler susturulmak isteniyor.<\/p>\n<p>Oysa biz biliyoruz ki; hukukun, demokrasinin, \u00f6rg\u00fctlenme ve ifade \u00f6zg\u00fcrl\u00fc\u011f\u00fcn\u00fcn k\u0131s\u0131tland\u0131\u011f\u0131, adaletin i\u015flemedi\u011fi bir d\u00fczende ekmek de k\u00fc\u00e7\u00fcl\u00fcr, gelecek de karanl\u0131kla\u015f\u0131r.<\/p>\n<p><strong>DEMOKRAS\u0130, ADALET VE BARI\u015e \u0130\u00c7\u0130N ALANLARDAYIZ.<\/strong><\/p>\n<p><strong>EKONOM\u0130K YIKIMA VE ADALETS\u0130ZL\u0130\u011eE DUR D\u0130YORUZ!<\/strong><\/p>\n<p>\u00dclkemizde hayat pahal\u0131l\u0131\u011f\u0131, gelirde ve vergide ya\u015fanan adaletsizlikler art\u0131k dayan\u0131lmaz bir boyuta ula\u015fm\u0131\u015ft\u0131r. \u00dccretlilerin b\u00fcy\u00fck b\u00f6l\u00fcm\u00fc asgari \u00fccret civar\u0131nda bir \u00fccretle ya\u015fam m\u00fccadelesi veriyor. Hayat pahal\u0131l\u0131\u011f\u0131 emek\u00e7i halk\u0131m\u0131z\u0131n belini b\u00fck\u00fcyor.<\/p>\n<p>Emek\u00e7ilerin \u00fczerindeki vergi y\u00fck\u00fc artarken, sermayeye s\u00fcrekli ek imtiyazlar sa\u011flan\u0131yor. \u0130\u015fverenler, emek\u00e7ilere sadece bir \u201cmaliyet\u201d kalemi g\u00f6z\u00fcyle bak\u0131yor. \u0130nsan onurunu ve eme\u011fin de\u011ferini yok sayan bu anlay\u0131\u015f\u0131 k\u0131n\u0131yoruz.<\/p>\n<p>Belediye emek\u00e7ileri olarak bizler de y\u0131llard\u0131r s\u00fcren bir adaletsizlikle kar\u015f\u0131 kar\u015f\u0131yay\u0131z. Belediye \u015firket i\u015f\u00e7ileri, belediye i\u015f\u00e7ileri gibi kamu g\u00f6revi g\u00f6rmesine ve ayn\u0131 i\u015fi yapmas\u0131na ra\u011fmen belediye kadrosuna al\u0131nm\u0131yor.<\/p>\n<p><strong>KADRO, BELED\u0130YE \u015e\u0130RKET \u0130\u015e\u00c7\u0130S\u0130N\u0130N HAKKIDIR, ERTELENEMEZ.<\/strong><\/p>\n<p>\u0130\u015f cinayetleri s\u00fcr\u00fcyor, g\u00fcvencesiz \u00e7al\u0131\u015fma yayg\u0131nla\u015f\u0131yor, gen\u00e7ler geleceksizli\u011fe itiliyor. Okullarda \u015fiddet art\u0131yor, e\u011fitim g\u00fcvenli\u011fi tehdit alt\u0131nda.<\/p>\n<p><strong>AMA B\u0130Z \u00c7ARES\u0130Z DE\u011e\u0130L\u0130Z.<\/strong><\/p>\n<p>Eme\u011fi yok sayanlara cevab\u0131m\u0131z; \u00f6rg\u00fctl\u00fc g\u00fcc\u00fcm\u00fcz ve sars\u0131lmaz birli\u011fimiz olacakt\u0131r.<\/p>\n<p>Birli\u011fimiz en b\u00fcy\u00fck g\u00fcc\u00fcm\u00fczd\u00fcr.<\/p>\n<p>\u00c7\u00f6z\u00fcm; birliktedir, dayan\u0131\u015fmadad\u0131r, \u00f6rg\u00fctl\u00fc m\u00fccadelededir.<\/p>\n<p>\u00c7a\u011fda\u015f bir toplum yaratman\u0131n yolu e\u011fitimli ve \u00f6rg\u00fctl\u00fc olmaktan ge\u00e7er. Bizler; \u00e7evre hakk\u0131n\u0131n bir insan hakk\u0131 oldu\u011funu unutmadan do\u011fam\u0131za, topra\u011f\u0131m\u0131za ve gelece\u011fimize sahip \u00e7\u0131kaca\u011f\u0131z.<\/p>\n<p>Demokrasi, adalet ve bar\u0131\u015f i\u00e7in; sosyal devletin ve sosyal adaletin yeniden tesisi i\u00e7in alanlarda tek bir y\u00fcrek olarak hayk\u0131r\u0131yoruz:<\/p>\n<p><strong>KURTULU\u015e YOK TEK BA\u015eINA, YA HEP BERABER YA H\u0130\u00c7B\u0130R\u0130M\u0130Z!<\/strong><\/p>\n<p><strong>Taleplerimiz net:<\/strong><\/p>\n<p>-K\u0131dem tazminat\u0131 gasp edilemez. Fona devri giri\u015fimlerine son verilmeli, tavan kald\u0131r\u0131lmal\u0131d\u0131r.<\/p>\n<p>-Esnek \u00e7al\u0131\u015fmaya, g\u00fcvencesizli\u011fe kar\u015f\u0131 ger\u00e7ek i\u015f g\u00fcvencesi istiyoruz.<\/p>\n<p>-\u0130\u015f cinayetleri durdurulmal\u0131d\u0131r. Sorumlular yarg\u0131lanmal\u0131, denetimler etkin yap\u0131lmal\u0131d\u0131r.<\/p>\n<p>&#8211; Okullarda \u015fiddet durdurulmal\u0131, \u00f6\u011frenci ve e\u011fitimcilerin can g\u00fcvenli\u011fi sa\u011flanmal\u0131d\u0131r.<\/p>\n<p><strong>YA\u015eASIN \u00d6RG\u00dcTL\u00dc M\u00dcCADELEM\u0130Z!<\/strong><\/p>\n<p><strong>Ya\u015fas\u0131n i\u015f\u00e7ilerin birli\u011fi.<\/strong><\/p>\n<p><strong>Ya\u015fas\u0131n \u00f6rg\u00fctl\u00fc m\u00fccadelemiz.<\/strong><\/p>\n<p><strong>Ya\u015fas\u0131n 1 May\u0131s.<\/strong><\/p>\n<p>&nbsp;<\/p>\n","protected":false},"excerpt":{"rendered":"<p>S\u00d6M\u00dcR\u00dcYE, ADALETS\u0130ZL\u0130\u011eE KAR\u015eI; DEMOKRAS\u0130, ADALET VE BARI\u015e \u0130\u00c7\u0130N ALANLARDAYIZ. YA\u015eASIN 1 MAYIS, YA\u015eASIN EMEK\u00c7\u0130LER\u0130N B\u0130RL\u0130\u011e\u0130! De\u011ferli i\u015f\u00e7iler, emek\u00e7iler, 1 May\u0131s, emek\u00e7iler i\u00e7in takvimde s\u0131radan bir g\u00fcn de\u011fildir. Eme\u011fin s\u00f6m\u00fcr\u00fcye kar\u015f\u0131 y\u00fckseltti\u011fi ortak itiraz\u0131n, dayan\u0131\u015fman\u0131n ve m\u00fccadele iradesinin simgesidir. \u0130\u015f\u00e7ilerin, kad\u0131nlar\u0131n, gen\u00e7lerin ve toplumun t\u00fcm kesimlerinin e\u015fit ve \u00f6zg\u00fcr bir gelecek talebinde bulu\u015ftu\u011fu tarihsel bir g\u00fcnd\u00fcr. [&hellip;]<\/p>\n","protected":false},"author":3,"featured_media":5021,"comment_status":"open","ping_status":"open","sticky":false,"template":"","format":"standard","meta":{"jnews-multi-image_gallery":[],"jnews_single_post":{"subtitle":"","format":"standard","override":[{"template":"7","parallax":"1","layout":"no-sidebar-narrow","sidebar":"default-sidebar","second_sidebar":"default-sidebar","sticky_sidebar":"1","share_position":"hide","share_float_style":"share-normal","show_share_counter":"1","show_view_counter":"1","show_featured":"1","show_post_meta":"1","show_post_author_image":"1","show_post_date":"1","post_date_format":"default","post_date_format_custom":"Y\/m\/d","post_reading_time_wpm":"300","post_calculate_word_method":"str_word_count","show_zoom_button":"1","zoom_button_out_step":"2","zoom_button_in_step":"3","show_post_tag":"1","show_comment_section":"1","number_popup_post":"1","show_post_related":"1"}],"image_override":[{"single_post_thumbnail_size":"no-crop","single_post_gallery_size":"crop-715"}],"trending_post_position":"meta","trending_post_label":"Trending","sponsored_post_label":"Sponsored by","disable_ad":"0"},"jnews_primary_category":[],"jnews_social_meta":[],"jnews_override_counter":{"view_counter_number":"0","share_counter_number":"0","like_counter_number":"0","dislike_counter_number":"0"},"footnotes":""},"categories":[1],"tags":[],"class_list":["post-6028","post","type-post","status-publish","format-standard","has-post-thumbnail","hentry","category-genel"],"_links":{"self":[{"href":"https:\/\/belediyeis.org.tr\/merkez\/wp-json\/wp\/v2\/posts\/6028","targetHints":{"allow":["GET"]}}],"collection":[{"href":"https:\/\/belediyeis.org.tr\/merkez\/wp-json\/wp\/v2\/posts"}],"about":[{"href":"https:\/\/belediyeis.org.tr\/merkez\/wp-json\/wp\/v2\/types\/post"}],"author":[{"embeddable":true,"href":"https:\/\/belediyeis.org.tr\/merkez\/wp-json\/wp\/v2\/users\/3"}],"replies":[{"embeddable":true,"href":"https:\/\/belediyeis.org.tr\/merkez\/wp-json\/wp\/v2\/comments?post=6028"}],"version-history":[{"count":1,"href":"https:\/\/belediyeis.org.tr\/merkez\/wp-json\/wp\/v2\/posts\/6028\/revisions"}],"predecessor-version":[{"id":6029,"href":"https:\/\/belediyeis.org.tr\/merkez\/wp-json\/wp\/v2\/posts\/6028\/revisions\/6029"}],"wp:featuredmedia":[{"embeddable":true,"href":"https:\/\/belediyeis.org.tr\/merkez\/wp-json\/wp\/v2\/media\/5021"}],"wp:attachment":[{"href":"https:\/\/belediyeis.org.tr\/merkez\/wp-json\/wp\/v2\/media?parent=6028"}],"wp:term":[{"taxonomy":"category","embeddable":true,"href":"https:\/\/belediyeis.org.tr\/merkez\/wp-json\/wp\/v2\/categories?post=6028"},{"taxonomy":"post_tag","embeddable":true,"href":"https:\/\/belediyeis.org.tr\/merkez\/wp-json\/wp\/v2\/tags?post=6028"}],"curies":[{"name":"wp","href":"https:\/\/api.w.org\/{rel}","templated":true}]}}