{"id":6023,"date":"2026-04-22T16:58:50","date_gmt":"2026-04-22T13:58:50","guid":{"rendered":"https:\/\/belediyeis.org.tr\/merkez\/?p=6023"},"modified":"2026-04-22T17:02:35","modified_gmt":"2026-04-22T14:02:35","slug":"23-nisan-ulusal-egemenlik-ve-cocuk-bayrami-kutlu-olsun-5","status":"publish","type":"post","link":"https:\/\/belediyeis.org.tr\/merkez\/2026\/04\/22\/23-nisan-ulusal-egemenlik-ve-cocuk-bayrami-kutlu-olsun-5\/","title":{"rendered":"23 Nisan Ulusal Egemenlik ve \u00c7ocuk Bayram\u0131 Kutlu Olsun"},"content":{"rendered":"<p>Ulu \u00d6nder Mustafa Kemal Atat\u00fcrk, gen\u00e7 T\u00fcrkiye Cumhuriyeti\u2019nin \u00e7ocuklar\u0131n ellerinde y\u00fckselece\u011fine olan inanc\u0131 ve ulusal egemenli\u011fin kay\u0131ts\u0131z \u015farts\u0131z millete ait oldu\u011fu bilinciyle, egemenli\u011fin ve millet iradesinin simgesi olan T\u00fcrkiye B\u00fcy\u00fck Millet Meclisi\u2019nin a\u00e7\u0131ld\u0131\u011f\u0131 23 Nisan\u2019\u0131 t\u00fcm d\u00fcnya \u00e7ocuklar\u0131na bayram olarak arma\u011fan etmi\u015ftir. Bu anlaml\u0131 arma\u011fan, yaln\u0131zca bir bayram de\u011fil; \u00e7ocuklar\u0131n e\u015fit, \u00f6zg\u00fcr ve insanca ko\u015fullarda ya\u015fayaca\u011f\u0131 bir gelece\u011fin de g\u00fc\u00e7l\u00fc bir ifadesidir.<\/p>\n<p>Ne var ki bug\u00fcn, bu idealin gerektirdi\u011fi ko\u015fullardan uzakla\u015f\u0131l\u0131yor. E\u011fitimde f\u0131rsat e\u015fitsizlikleri derinle\u015firken, \u00e7ocuk eme\u011fi s\u00f6m\u00fcr\u00fcs\u00fc ve yoksulluk giderek daha g\u00f6r\u00fcn\u00fcr hale gelmekte; \u00e7ocuklar\u0131m\u0131z \u00e7ok erken ya\u015flarda gelecek kayg\u0131s\u0131yla tan\u0131\u015fmakta, okullarda t\u0131rmanan \u015fiddet olaylar\u0131 \u201cgelece\u011fimiz\u201d olan \u00e7ocuklar\u0131 tehdit etmektedir.<\/p>\n<p>Bug\u00fcn\u00fcn \u00e7ocuklar\u0131n\u0131n, yar\u0131n\u0131n yeti\u015fkinlerinin insanca ya\u015fam ko\u015fullar\u0131na kavu\u015ftu\u011fu; bilimsel ve laik e\u011fitimle donat\u0131ld\u0131\u011f\u0131; \u00f6zg\u00fcr ve ayd\u0131nl\u0131k bireyler olarak yeti\u015fti\u011fi bir \u00fclke i\u00e7in m\u00fccadele etmek, emek m\u00fccadelesinin ayr\u0131lmaz bir par\u00e7as\u0131d\u0131r.<\/p>\n<p>T\u00fcm d\u00fcnya \u00e7ocuklar\u0131n\u0131 bar\u0131\u015f, karde\u015flik ve \u00e7a\u011fda\u015f yar\u0131nlar ortak paydas\u0131nda bulu\u015fturan bu anlaml\u0131 g\u00fcnde, 23 Nisan Ulusal Egemenlik ve \u00c7ocuk Bayram\u0131\u2019n\u0131 kutluyor; ba\u015fta \u00fclkemizin \u00e7ocuklar\u0131 olmak \u00fczere t\u00fcm d\u00fcnya \u00e7ocuklar\u0131na bar\u0131\u015f, sa\u011fl\u0131k ve umut dolu bir gelecek diliyoruz.<\/p>\n<p>&nbsp;<\/p>\n","protected":false},"excerpt":{"rendered":"<p>Ulu \u00d6nder Mustafa Kemal Atat\u00fcrk, gen\u00e7 T\u00fcrkiye Cumhuriyeti\u2019nin \u00e7ocuklar\u0131n ellerinde y\u00fckselece\u011fine olan inanc\u0131 ve ulusal egemenli\u011fin kay\u0131ts\u0131z \u015farts\u0131z millete ait oldu\u011fu bilinciyle, egemenli\u011fin ve millet iradesinin simgesi olan T\u00fcrkiye B\u00fcy\u00fck Millet Meclisi\u2019nin a\u00e7\u0131ld\u0131\u011f\u0131 23 Nisan\u2019\u0131 t\u00fcm d\u00fcnya \u00e7ocuklar\u0131na bayram olarak arma\u011fan etmi\u015ftir. Bu anlaml\u0131 arma\u011fan, yaln\u0131zca bir bayram de\u011fil; \u00e7ocuklar\u0131n e\u015fit, \u00f6zg\u00fcr ve insanca ko\u015fullarda [&hellip;]<\/p>\n","protected":false},"author":3,"featured_media":6026,"comment_status":"open","ping_status":"open","sticky":false,"template":"","format":"standard","meta":{"jnews-multi-image_gallery":[],"jnews_single_post":{"subtitle":"","format":"standard","override":[{"template":"7","parallax":"1","layout":"no-sidebar-narrow","sidebar":"default-sidebar","second_sidebar":"default-sidebar","sticky_sidebar":"1","share_position":"hide","share_float_style":"share-normal","show_share_counter":"1","show_view_counter":"1","show_featured":"1","show_post_meta":"1","show_post_author_image":"1","show_post_date":"1","post_date_format":"default","post_date_format_custom":"Y\/m\/d","post_reading_time_wpm":"300","post_calculate_word_method":"str_word_count","show_zoom_button":"1","zoom_button_out_step":"2","zoom_button_in_step":"3","show_post_tag":"1","show_comment_section":"1","number_popup_post":"1","show_post_related":"1"}],"image_override":[{"single_post_thumbnail_size":"no-crop","single_post_gallery_size":"crop-715"}],"trending_post_position":"meta","trending_post_label":"Trending","sponsored_post_label":"Sponsored by","disable_ad":"0"},"jnews_primary_category":[],"jnews_social_meta":[],"jnews_override_counter":{"view_counter_number":"0","share_counter_number":"0","like_counter_number":"0","dislike_counter_number":"0"},"footnotes":""},"categories":[1],"tags":[],"class_list":["post-6023","post","type-post","status-publish","format-standard","has-post-thumbnail","hentry","category-genel"],"_links":{"self":[{"href":"https:\/\/belediyeis.org.tr\/merkez\/wp-json\/wp\/v2\/posts\/6023","targetHints":{"allow":["GET"]}}],"collection":[{"href":"https:\/\/belediyeis.org.tr\/merkez\/wp-json\/wp\/v2\/posts"}],"about":[{"href":"https:\/\/belediyeis.org.tr\/merkez\/wp-json\/wp\/v2\/types\/post"}],"author":[{"embeddable":true,"href":"https:\/\/belediyeis.org.tr\/merkez\/wp-json\/wp\/v2\/users\/3"}],"replies":[{"embeddable":true,"href":"https:\/\/belediyeis.org.tr\/merkez\/wp-json\/wp\/v2\/comments?post=6023"}],"version-history":[{"count":1,"href":"https:\/\/belediyeis.org.tr\/merkez\/wp-json\/wp\/v2\/posts\/6023\/revisions"}],"predecessor-version":[{"id":6025,"href":"https:\/\/belediyeis.org.tr\/merkez\/wp-json\/wp\/v2\/posts\/6023\/revisions\/6025"}],"wp:featuredmedia":[{"embeddable":true,"href":"https:\/\/belediyeis.org.tr\/merkez\/wp-json\/wp\/v2\/media\/6026"}],"wp:attachment":[{"href":"https:\/\/belediyeis.org.tr\/merkez\/wp-json\/wp\/v2\/media?parent=6023"}],"wp:term":[{"taxonomy":"category","embeddable":true,"href":"https:\/\/belediyeis.org.tr\/merkez\/wp-json\/wp\/v2\/categories?post=6023"},{"taxonomy":"post_tag","embeddable":true,"href":"https:\/\/belediyeis.org.tr\/merkez\/wp-json\/wp\/v2\/tags?post=6023"}],"curies":[{"name":"wp","href":"https:\/\/api.w.org\/{rel}","templated":true}]}}