{"id":5951,"date":"2026-03-07T14:56:42","date_gmt":"2026-03-07T11:56:42","guid":{"rendered":"https:\/\/belediyeis.org.tr\/merkez\/?p=5951"},"modified":"2026-03-07T15:34:11","modified_gmt":"2026-03-07T12:34:11","slug":"5951","status":"publish","type":"post","link":"https:\/\/belediyeis.org.tr\/merkez\/2026\/03\/07\/5951\/","title":{"rendered":"Ya\u015fas\u0131n 8 Mart!"},"content":{"rendered":"<p>Ya\u015fas\u0131n 8 Mart!<\/p>\n<p>Ya\u015fas\u0131n D\u00fcnya Emek\u00e7i Kad\u0131nlar\u0131n Uluslararas\u0131 Birlik, Dayan\u0131\u015fma ve M\u00fccadele G\u00fcn\u00fc!<\/p>\n<p>8 Mart, d\u00fcnya genelinde kad\u0131nlar\u0131n e\u015fit i\u015fe e\u015fit \u00fccret, insanca \u00e7al\u0131\u015fma ko\u015fullar\u0131, g\u00fcvenceli istihdam ve \u015fiddetsiz bir ya\u015fam taleplerini y\u00fckseltti\u011fi; dayan\u0131\u015fmay\u0131 ve ortak m\u00fccadeleyi b\u00fcy\u00fctt\u00fc\u011f\u00fc tarihsel bir g\u00fcnd\u00fcr.<\/p>\n<p>Kad\u0131nlar\u0131 toplumsal hayattan ve \u00e7al\u0131\u015fma ya\u015fam\u0131ndan d\u0131\u015flamaya, eve hapsetmeye \u00e7al\u0131\u015fan \u00e7a\u011fd\u0131\u015f\u0131 anlay\u0131\u015flara kar\u015f\u0131; eme\u011fin, e\u015fitli\u011fin ve \u00f6zg\u00fcrl\u00fc\u011f\u00fcn sesi bug\u00fcn daha g\u00fc\u00e7l\u00fc \u00e7\u0131kmaktad\u0131r. Kad\u0131nlar h\u00e2l\u00e2 i\u015fyerinde ayr\u0131mc\u0131l\u0131\u011fa, evde ve sokakta \u015fiddete, kamusal alanda temsilde e\u015fitsizli\u011fe maruz b\u0131rak\u0131lmakta; failler \u00e7o\u011fu zaman cezas\u0131zl\u0131kla \u00f6d\u00fcllendirilmektedir.<\/p>\n<p>Biliyoruz ki g\u00fczel yar\u0131nlar; ancak kad\u0131nlar\u0131n \u00f6zg\u00fcr, ba\u011f\u0131ms\u0131z ve e\u015fit bireyler olarak ya\u015fam\u0131n her alan\u0131nda var oldu\u011fu bir toplumda m\u00fcmk\u00fcnd\u00fcr. B\u00fcy\u00fck \u00d6nder Mustafa Kemal Atat\u00fcrk, \u201cKad\u0131nlar\u0131m\u0131z ilim ve fen sahibi olacaklar ve erkeklerin ge\u00e7tikleri b\u00fct\u00fcn \u00f6\u011fretim basamaklar\u0131ndan ge\u00e7eceklerdir. Kad\u0131nlar toplum ya\u015fam\u0131nda erkeklerle birlikte y\u00fcr\u00fcyerek birbirinin yard\u0131mc\u0131s\u0131 ve destek\u00e7isi olacaklard\u0131r&#8221; diyerek Cumhuriyet\u2019in ilan\u0131yla birlikte \u00f6nceli\u011fi medeni haklara, e\u011fitimde e\u015fitli\u011fe, kad\u0131nlar\u0131n e\u015fit yurtta\u015flar olarak toplumsal ya\u015fama kat\u0131laca\u011f\u0131 d\u00fczenlemelere vermi\u015ftir.<\/p>\n<p>Kad\u0131n eme\u011finin g\u00f6r\u00fcnmez k\u0131l\u0131nmas\u0131na, g\u00fcvencesiz ve esnek \u00e7al\u0131\u015fmaya mahk\u00fbm edilmesine, bak\u0131m y\u00fck\u00fcn\u00fcn yaln\u0131zca kad\u0131nlar\u0131n omzuna b\u0131rak\u0131lmas\u0131na kar\u015f\u0131 \u00e7\u0131k\u0131yoruz. Laik, demokratik ve sosyal bir hukuk devletinde kad\u0131n haklar\u0131 da emek haklar\u0131 da birbirinden ayr\u0131 d\u00fc\u015f\u00fcn\u00fclemez. Kad\u0131na y\u00f6nelik \u015fiddetin \u00f6nlenmesi, \u00e7al\u0131\u015fma ya\u015fam\u0131nda e\u015fitli\u011fin sa\u011flanmas\u0131 ve karar mekanizmalar\u0131nda kad\u0131n temsilinin art\u0131r\u0131lmas\u0131 i\u00e7in kararl\u0131 bir m\u00fccadele \u015fartt\u0131r.<\/p>\n<p>Kad\u0131n-erkek omuz omuza; e\u015fitlik, \u00f6zg\u00fcrl\u00fck ve adalet m\u00fccadelesini b\u00fcy\u00fctmeye devam edece\u011fiz. Ayr\u0131mc\u0131l\u0131\u011f\u0131n, \u015fiddetin ve s\u00f6m\u00fcr\u00fcn\u00fcn olmad\u0131\u011f\u0131; eme\u011fin de\u011fer g\u00f6rd\u00fc\u011f\u00fc, kad\u0131nlar\u0131n korkusuzca ya\u015fayabildi\u011fi bir \u00fclke m\u00fcmk\u00fcnd\u00fcr. \u00d6zg\u00fcr, e\u015fit ve bar\u0131\u015f dolu yar\u0131nlar i\u00e7in ya\u015fas\u0131n 8 Mart, ya\u015fas\u0131n kad\u0131nlar\u0131n uluslararas\u0131 birlik, dayan\u0131\u015fma ve m\u00fccadele g\u00fcn\u00fc!<\/p>\n<p><img fetchpriority=\"high\" decoding=\"async\" class=\"alignnone size-full wp-image-5940\" src=\"http:\/\/belediyeis.org.tr\/merkez\/wp-content\/uploads\/2026\/03\/KADINLAR-GUNU111-1.jpg\" alt=\"\" width=\"600\" height=\"600\" srcset=\"https:\/\/belediyeis.org.tr\/merkez\/wp-content\/uploads\/2026\/03\/KADINLAR-GUNU111-1.jpg 600w, https:\/\/belediyeis.org.tr\/merkez\/wp-content\/uploads\/2026\/03\/KADINLAR-GUNU111-1-300x300.jpg 300w, https:\/\/belediyeis.org.tr\/merkez\/wp-content\/uploads\/2026\/03\/KADINLAR-GUNU111-1-150x150.jpg 150w, https:\/\/belediyeis.org.tr\/merkez\/wp-content\/uploads\/2026\/03\/KADINLAR-GUNU111-1-75x75.jpg 75w, https:\/\/belediyeis.org.tr\/merkez\/wp-content\/uploads\/2026\/03\/KADINLAR-GUNU111-1-350x350.jpg 350w\" sizes=\"(max-width: 600px) 100vw, 600px\" \/><\/p>\n<p>&nbsp;<\/p>\n","protected":false},"excerpt":{"rendered":"<p>Ya\u015fas\u0131n 8 Mart! Ya\u015fas\u0131n D\u00fcnya Emek\u00e7i Kad\u0131nlar\u0131n Uluslararas\u0131 Birlik, Dayan\u0131\u015fma ve M\u00fccadele G\u00fcn\u00fc! 8 Mart, d\u00fcnya genelinde kad\u0131nlar\u0131n e\u015fit i\u015fe e\u015fit \u00fccret, insanca \u00e7al\u0131\u015fma ko\u015fullar\u0131, g\u00fcvenceli istihdam ve \u015fiddetsiz bir ya\u015fam taleplerini y\u00fckseltti\u011fi; dayan\u0131\u015fmay\u0131 ve ortak m\u00fccadeleyi b\u00fcy\u00fctt\u00fc\u011f\u00fc tarihsel bir g\u00fcnd\u00fcr. Kad\u0131nlar\u0131 toplumsal hayattan ve \u00e7al\u0131\u015fma ya\u015fam\u0131ndan d\u0131\u015flamaya, eve hapsetmeye \u00e7al\u0131\u015fan \u00e7a\u011fd\u0131\u015f\u0131 anlay\u0131\u015flara kar\u015f\u0131; eme\u011fin, [&hellip;]<\/p>\n","protected":false},"author":3,"featured_media":5952,"comment_status":"open","ping_status":"open","sticky":false,"template":"","format":"standard","meta":{"jnews-multi-image_gallery":[],"jnews_single_post":{"subtitle":"","format":"standard","override":[{"template":"7","parallax":"1","layout":"no-sidebar-narrow","sidebar":"default-sidebar","second_sidebar":"default-sidebar","sticky_sidebar":"1","share_position":"hide","share_float_style":"share-normal","show_share_counter":"1","show_view_counter":"1","show_featured":"1","show_post_meta":"1","show_post_author_image":"1","show_post_date":"1","post_date_format":"default","post_date_format_custom":"Y\/m\/d","post_reading_time_wpm":"300","post_calculate_word_method":"str_word_count","show_zoom_button":"1","zoom_button_out_step":"2","zoom_button_in_step":"3","show_post_tag":"1","show_comment_section":"1","number_popup_post":"1","show_post_related":"1"}],"image_override":[{"single_post_thumbnail_size":"no-crop","single_post_gallery_size":"crop-715"}],"trending_post_position":"meta","trending_post_label":"Trending","sponsored_post_label":"Sponsored by","disable_ad":"0"},"jnews_primary_category":[],"jnews_social_meta":[],"jnews_override_counter":{"view_counter_number":"0","share_counter_number":"0","like_counter_number":"0","dislike_counter_number":"0"},"footnotes":""},"categories":[1],"tags":[],"class_list":["post-5951","post","type-post","status-publish","format-standard","has-post-thumbnail","hentry","category-genel"],"_links":{"self":[{"href":"https:\/\/belediyeis.org.tr\/merkez\/wp-json\/wp\/v2\/posts\/5951","targetHints":{"allow":["GET"]}}],"collection":[{"href":"https:\/\/belediyeis.org.tr\/merkez\/wp-json\/wp\/v2\/posts"}],"about":[{"href":"https:\/\/belediyeis.org.tr\/merkez\/wp-json\/wp\/v2\/types\/post"}],"author":[{"embeddable":true,"href":"https:\/\/belediyeis.org.tr\/merkez\/wp-json\/wp\/v2\/users\/3"}],"replies":[{"embeddable":true,"href":"https:\/\/belediyeis.org.tr\/merkez\/wp-json\/wp\/v2\/comments?post=5951"}],"version-history":[{"count":4,"href":"https:\/\/belediyeis.org.tr\/merkez\/wp-json\/wp\/v2\/posts\/5951\/revisions"}],"predecessor-version":[{"id":5954,"href":"https:\/\/belediyeis.org.tr\/merkez\/wp-json\/wp\/v2\/posts\/5951\/revisions\/5954"}],"wp:featuredmedia":[{"embeddable":true,"href":"https:\/\/belediyeis.org.tr\/merkez\/wp-json\/wp\/v2\/media\/5952"}],"wp:attachment":[{"href":"https:\/\/belediyeis.org.tr\/merkez\/wp-json\/wp\/v2\/media?parent=5951"}],"wp:term":[{"taxonomy":"category","embeddable":true,"href":"https:\/\/belediyeis.org.tr\/merkez\/wp-json\/wp\/v2\/categories?post=5951"},{"taxonomy":"post_tag","embeddable":true,"href":"https:\/\/belediyeis.org.tr\/merkez\/wp-json\/wp\/v2\/tags?post=5951"}],"curies":[{"name":"wp","href":"https:\/\/api.w.org\/{rel}","templated":true}]}}