{"id":5842,"date":"2025-12-28T12:47:17","date_gmt":"2025-12-28T09:47:17","guid":{"rendered":"https:\/\/belediyeis.org.tr\/merkez\/?p=5842"},"modified":"2025-12-28T12:47:17","modified_gmt":"2025-12-28T09:47:17","slug":"sendikamiz-mugla-subenin-13-olagan-genel-kurulu-gerceklestirildi","status":"publish","type":"post","link":"https:\/\/belediyeis.org.tr\/merkez\/2025\/12\/28\/sendikamiz-mugla-subenin-13-olagan-genel-kurulu-gerceklestirildi\/","title":{"rendered":"Sendikam\u0131z Mu\u011fla \u015eube\u2019nin 13. Ola\u011fan Genel Kurulu ger\u00e7ekle\u015ftirildi."},"content":{"rendered":"<p>Delegelerimizin ve \u00fcyelerimizin kat\u0131l\u0131m\u0131yla yap\u0131lan genel kurulun Divan Ba\u015fkanl\u0131\u011f\u0131n\u0131 sendikam\u0131z Ankara \u015eube Ba\u015fkan\u0131 Murat Yurdakul yaparken, Divan Ba\u015fkan Yard\u0131mc\u0131l\u0131\u011f\u0131n\u0131 Genel Disiplin Kurulu Raport\u00f6r\u00fc Cem \u00d6zer, Divan Katip \u00dcyeliklerini ise Ayd\u0131n \u015eube Ba\u015fkan\u0131 Hidayet Yaman, Burdur \u015eube Ba\u015fkan\u0131 Mehmet Ferit \u00c7elikba\u015f ve delegelerimizden Elif Barut yapt\u0131lar.<\/p>\n<p>Genel kurula delegelerimizin ve \u00fcyelerimizin yan\u0131 s\u0131ra T\u00fcrk-\u0130\u015f B\u00f6lge Ba\u015fkan\u0131 Hayrettin \u00c7akmak, Yata\u011fan Belediye Ba\u015fkan\u0131 Mesut G\u00fcnay, \u00f6nceki d\u00f6nem CHP Mu\u011fla Milletvekili S\u00fcleyman Girgin, Orman-\u0130\u015f Sendikas\u0131 Genel Ba\u015fkan\u0131 Birol G\u00f6k, Mu\u011fla Atat\u00fcrk\u00e7\u00fc D\u00fc\u015f\u00fcnce Derne\u011fi Ba\u015fkan\u0131 Cahit Yaka, Tez Koop-\u0130\u015f Mu\u011fla \u015eube Ba\u015fkan\u0131 H\u00fcseyin Y\u0131ld\u0131z, Toleyis Mu\u011fla \u015eube Ba\u015fkan\u0131 Ersin Sancakl\u0131, E\u011fitim Sen Mu\u011fla \u015eube Ba\u015fkan\u0131 Nil\u00fcfer Enginsu, T\u00fcm Yerel Sen Mu\u011fla \u015eube Ba\u015fkan\u0131 Ufuk \u015eim\u015fek, Maden-\u0130\u015f Sendikas\u0131 Mu\u011fla \u015eube y\u00f6neticileri, Tes-\u0130\u015f Sendikas\u0131 Mu\u011fla \u015eube y\u00f6neticileri kat\u0131ld\u0131lar.<\/p>\n<p>Genel kurulda konu\u015fmalar\u0131n ve di\u011fer maddelerin g\u00f6r\u00fc\u015f\u00fclmesinin ard\u0131ndan se\u00e7imlere ge\u00e7ildi. Se\u00e7imler sonucu kurullara se\u00e7ileceklere ba\u015far\u0131lar dileriz.<\/p>\n<p><img fetchpriority=\"high\" decoding=\"async\" class=\"alignnone size-medium wp-image-5844\" src=\"http:\/\/belediyeis.org.tr\/merkez\/wp-content\/uploads\/2025\/12\/WhatsApp-Image-2025-12-28-at-11.16.25-300x225.jpeg\" alt=\"\" width=\"300\" height=\"225\" srcset=\"https:\/\/belediyeis.org.tr\/merkez\/wp-content\/uploads\/2025\/12\/WhatsApp-Image-2025-12-28-at-11.16.25-300x225.jpeg 300w, https:\/\/belediyeis.org.tr\/merkez\/wp-content\/uploads\/2025\/12\/WhatsApp-Image-2025-12-28-at-11.16.25-1024x768.jpeg 1024w, https:\/\/belediyeis.org.tr\/merkez\/wp-content\/uploads\/2025\/12\/WhatsApp-Image-2025-12-28-at-11.16.25-768x576.jpeg 768w, https:\/\/belediyeis.org.tr\/merkez\/wp-content\/uploads\/2025\/12\/WhatsApp-Image-2025-12-28-at-11.16.25-1536x1152.jpeg 1536w, https:\/\/belediyeis.org.tr\/merkez\/wp-content\/uploads\/2025\/12\/WhatsApp-Image-2025-12-28-at-11.16.25-750x563.jpeg 750w, https:\/\/belediyeis.org.tr\/merkez\/wp-content\/uploads\/2025\/12\/WhatsApp-Image-2025-12-28-at-11.16.25-1140x855.jpeg 1140w, https:\/\/belediyeis.org.tr\/merkez\/wp-content\/uploads\/2025\/12\/WhatsApp-Image-2025-12-28-at-11.16.25.jpeg 2040w\" sizes=\"(max-width: 300px) 100vw, 300px\" \/> <img decoding=\"async\" class=\"alignnone size-medium wp-image-5845\" src=\"http:\/\/belediyeis.org.tr\/merkez\/wp-content\/uploads\/2025\/12\/WhatsApp-Image-2025-12-28-at-11.16.21-300x225.jpeg\" alt=\"\" width=\"300\" height=\"225\" srcset=\"https:\/\/belediyeis.org.tr\/merkez\/wp-content\/uploads\/2025\/12\/WhatsApp-Image-2025-12-28-at-11.16.21-300x225.jpeg 300w, https:\/\/belediyeis.org.tr\/merkez\/wp-content\/uploads\/2025\/12\/WhatsApp-Image-2025-12-28-at-11.16.21-1024x768.jpeg 1024w, https:\/\/belediyeis.org.tr\/merkez\/wp-content\/uploads\/2025\/12\/WhatsApp-Image-2025-12-28-at-11.16.21-768x576.jpeg 768w, https:\/\/belediyeis.org.tr\/merkez\/wp-content\/uploads\/2025\/12\/WhatsApp-Image-2025-12-28-at-11.16.21-1536x1152.jpeg 1536w, https:\/\/belediyeis.org.tr\/merkez\/wp-content\/uploads\/2025\/12\/WhatsApp-Image-2025-12-28-at-11.16.21-750x563.jpeg 750w, https:\/\/belediyeis.org.tr\/merkez\/wp-content\/uploads\/2025\/12\/WhatsApp-Image-2025-12-28-at-11.16.21-1140x855.jpeg 1140w, https:\/\/belediyeis.org.tr\/merkez\/wp-content\/uploads\/2025\/12\/WhatsApp-Image-2025-12-28-at-11.16.21.jpeg 2040w\" sizes=\"(max-width: 300px) 100vw, 300px\" \/><\/p>\n","protected":false},"excerpt":{"rendered":"<p>Delegelerimizin ve \u00fcyelerimizin kat\u0131l\u0131m\u0131yla yap\u0131lan genel kurulun Divan Ba\u015fkanl\u0131\u011f\u0131n\u0131 sendikam\u0131z Ankara \u015eube Ba\u015fkan\u0131 Murat Yurdakul yaparken, Divan Ba\u015fkan Yard\u0131mc\u0131l\u0131\u011f\u0131n\u0131 Genel Disiplin Kurulu Raport\u00f6r\u00fc Cem \u00d6zer, Divan Katip \u00dcyeliklerini ise Ayd\u0131n \u015eube Ba\u015fkan\u0131 Hidayet Yaman, Burdur \u015eube Ba\u015fkan\u0131 Mehmet Ferit \u00c7elikba\u015f ve delegelerimizden Elif Barut yapt\u0131lar. Genel kurula delegelerimizin ve \u00fcyelerimizin yan\u0131 s\u0131ra T\u00fcrk-\u0130\u015f B\u00f6lge Ba\u015fkan\u0131 [&hellip;]<\/p>\n","protected":false},"author":4,"featured_media":5843,"comment_status":"open","ping_status":"open","sticky":false,"template":"","format":"standard","meta":{"jnews-multi-image_gallery":[],"jnews_single_post":[],"jnews_primary_category":[],"jnews_social_meta":[],"jnews_override_counter":[],"footnotes":""},"categories":[1],"tags":[305],"class_list":["post-5842","post","type-post","status-publish","format-standard","has-post-thumbnail","hentry","category-genel","tag-sube-genel-kurulu"],"_links":{"self":[{"href":"https:\/\/belediyeis.org.tr\/merkez\/wp-json\/wp\/v2\/posts\/5842","targetHints":{"allow":["GET"]}}],"collection":[{"href":"https:\/\/belediyeis.org.tr\/merkez\/wp-json\/wp\/v2\/posts"}],"about":[{"href":"https:\/\/belediyeis.org.tr\/merkez\/wp-json\/wp\/v2\/types\/post"}],"author":[{"embeddable":true,"href":"https:\/\/belediyeis.org.tr\/merkez\/wp-json\/wp\/v2\/users\/4"}],"replies":[{"embeddable":true,"href":"https:\/\/belediyeis.org.tr\/merkez\/wp-json\/wp\/v2\/comments?post=5842"}],"version-history":[{"count":1,"href":"https:\/\/belediyeis.org.tr\/merkez\/wp-json\/wp\/v2\/posts\/5842\/revisions"}],"predecessor-version":[{"id":5846,"href":"https:\/\/belediyeis.org.tr\/merkez\/wp-json\/wp\/v2\/posts\/5842\/revisions\/5846"}],"wp:featuredmedia":[{"embeddable":true,"href":"https:\/\/belediyeis.org.tr\/merkez\/wp-json\/wp\/v2\/media\/5843"}],"wp:attachment":[{"href":"https:\/\/belediyeis.org.tr\/merkez\/wp-json\/wp\/v2\/media?parent=5842"}],"wp:term":[{"taxonomy":"category","embeddable":true,"href":"https:\/\/belediyeis.org.tr\/merkez\/wp-json\/wp\/v2\/categories?post=5842"},{"taxonomy":"post_tag","embeddable":true,"href":"https:\/\/belediyeis.org.tr\/merkez\/wp-json\/wp\/v2\/tags?post=5842"}],"curies":[{"name":"wp","href":"https:\/\/api.w.org\/{rel}","templated":true}]}}