{"id":5822,"date":"2025-12-21T13:48:20","date_gmt":"2025-12-21T10:48:20","guid":{"rendered":"https:\/\/belediyeis.org.tr\/merkez\/?p=5822"},"modified":"2025-12-21T13:48:20","modified_gmt":"2025-12-21T10:48:20","slug":"istanbul-4-nolu-subenin-2-olagan-genel-kurulu-yapildi","status":"publish","type":"post","link":"https:\/\/belediyeis.org.tr\/merkez\/2025\/12\/21\/istanbul-4-nolu-subenin-2-olagan-genel-kurulu-yapildi\/","title":{"rendered":"\u0130stanbul 4 Nolu \u015eube\u2019nin 2. Ola\u011fan Genel Kurulu yap\u0131ld\u0131."},"content":{"rendered":"<div class=\"xdj266r x14z9mp xat24cr x1lziwak x1vvkbs x126k92a\">\n<div dir=\"auto\">Genel Kurula delegelerimizin ve \u00fcyelerimizin yan\u0131 s\u0131ra Adalar Belediye Ba\u015fkan\u0131 Ali Ercan Akpolat, CHP Adalar \u0130l\u00e7e Ba\u015fkan\u0131 G\u00f6zde Ac\u0131r, \u0130BB Bimta\u015f Genel M\u00fcd\u00fcr\u00fc \u00d6zg\u00fcr Bora Yaprak, \u0130BB \u0130mar A.\u015e. Sat\u0131n Alma M\u00fcd\u00fcr\u00fc Ubeydullah \u015eener, Ey\u00fcpsultan Belediyesi Espa\u015f A.\u015e. Genel M\u00fcd\u00fcr\u00fc S\u00fcleyman Uluocak, \u00dcsk\u00fcdar Belediyesi Kent A.\u015e. Sat\u0131n Alma M\u00fcd\u00fcr\u00fc Ufuk Bel\u00f6ren, Ey\u00fcpsultan Belediyesi Estur A.\u015e. \u0130nsan Kaynaklar\u0131 M\u00fcd\u00fcr\u00fc Ozan Y\u0131ld\u0131z, Bas\u0131n-\u0130\u015f Sendikas\u0131 Genel Sekreteri Ahmet \u00d6zbak\u0131r, T\u00fcmtis 1 Nolu \u015eube Ba\u015fkan\u0131 Ersin T\u00fcrkmen, Toleyis \u0130stanbul B\u00f6lge Ba\u015fkan\u0131 \u00d6zg\u00fcr Boyraz, Toleyis 2 Nolu \u015eube Ba\u015fkan\u0131 Emine K\u0131l\u0131n\u00e7arslan, TGS \u0130stanbul \u015eube Ba\u015fkan\u0131 \u00d6zg\u00fcr Deniz Kaya, Toleyis Marmara \u015eube Ba\u015fkan\u0131 Yusuf Erba\u015f, T\u00fcrk Metal Sendikas\u0131 Tuzla \u015eube Ba\u015fkan\u0131 Yusuf \u0130kisivri, Maltepe Belediyesi \u00f6nceki d\u00f6nem Meclis \u00dcyesi Erdo\u011fan Kocao\u011flu, BEY-VAK Ba\u015fkan\u0131 Atilla \u00c7elik, \u00f6nceki d\u00f6nem \u0130DOP Ba\u015fkan\u0131 Ahmet \u015eat\u0131ro\u011flu ile sendikam\u0131z \u00f6nceki d\u00f6nem Genel Denetleme Kurulu Ba\u015fkan\u0131 Ali Haydar \u00d6zcan ve \u015fubelerimizin y\u00f6neticileri kat\u0131ld\u0131lar.<\/div>\n<\/div>\n<div class=\"x14z9mp xat24cr x1lziwak x1vvkbs xtlvy1s x126k92a\">\n<div dir=\"auto\"><\/div>\n<div dir=\"auto\">Genel Kurulun Divan Ba\u015fkanl\u0131\u011f\u0131n\u0131 sendikam\u0131z Toplu \u0130\u015f S\u00f6zle\u015fmeleri Genel Sekreteri G\u00fcney Demirda\u015f, Divan Ba\u015fkan Yard\u0131mc\u0131l\u0131klar\u0131n\u0131 \u0130stanbul 1 Nolu \u015eube Ba\u015fkan\u0131 Halil Ko\u00e7ak, \u0130stanbul 2 Nolu \u015eube Ba\u015fkan\u0131 Sava\u015f Do\u011fan ve \u0130stanbul 3 Nolu \u015eube Ba\u015fkan\u0131 Muhammet Ceylan, Divan Katip \u00fcyeliklerini ise Kocaeli \u015eube Ba\u015fkan\u0131 Ertu\u011frul \u00c7\u0131nar ile Trakya \u015eube Ba\u015fkan\u0131 \u0130brahim \u00d6z\u00e7elik yapt\u0131lar.<\/div>\n<\/div>\n<div class=\"x14z9mp xat24cr x1lziwak x1vvkbs xtlvy1s x126k92a\">\n<div dir=\"auto\"><\/div>\n<div dir=\"auto\">Genel kurulda, konu\u015fmalar ve raporlar\u0131n g\u00f6r\u00fc\u015f\u00fcl\u00fcp ibra edilmesinin ard\u0131ndan se\u00e7imlere ge\u00e7ildi. Yap\u0131lan se\u00e7imler sonucu kurullara se\u00e7ileceklere ba\u015far\u0131lar dileriz.<\/div>\n<div dir=\"auto\"><img fetchpriority=\"high\" decoding=\"async\" class=\"alignnone size-medium wp-image-5824\" src=\"http:\/\/belediyeis.org.tr\/merkez\/wp-content\/uploads\/2025\/12\/WhatsApp-Image-2025-12-21-at-12.56.17-1-300x225.jpeg\" alt=\"\" width=\"300\" height=\"225\" srcset=\"https:\/\/belediyeis.org.tr\/merkez\/wp-content\/uploads\/2025\/12\/WhatsApp-Image-2025-12-21-at-12.56.17-1-300x225.jpeg 300w, https:\/\/belediyeis.org.tr\/merkez\/wp-content\/uploads\/2025\/12\/WhatsApp-Image-2025-12-21-at-12.56.17-1-1024x768.jpeg 1024w, https:\/\/belediyeis.org.tr\/merkez\/wp-content\/uploads\/2025\/12\/WhatsApp-Image-2025-12-21-at-12.56.17-1-768x576.jpeg 768w, https:\/\/belediyeis.org.tr\/merkez\/wp-content\/uploads\/2025\/12\/WhatsApp-Image-2025-12-21-at-12.56.17-1-1536x1152.jpeg 1536w, https:\/\/belediyeis.org.tr\/merkez\/wp-content\/uploads\/2025\/12\/WhatsApp-Image-2025-12-21-at-12.56.17-1-750x563.jpeg 750w, https:\/\/belediyeis.org.tr\/merkez\/wp-content\/uploads\/2025\/12\/WhatsApp-Image-2025-12-21-at-12.56.17-1-1140x855.jpeg 1140w, https:\/\/belediyeis.org.tr\/merkez\/wp-content\/uploads\/2025\/12\/WhatsApp-Image-2025-12-21-at-12.56.17-1.jpeg 1600w\" sizes=\"(max-width: 300px) 100vw, 300px\" \/> <img decoding=\"async\" class=\"alignnone size-medium wp-image-5825\" src=\"http:\/\/belediyeis.org.tr\/merkez\/wp-content\/uploads\/2025\/12\/WhatsApp-Image-2025-12-21-at-12.56.17-300x225.jpeg\" alt=\"\" width=\"300\" height=\"225\" srcset=\"https:\/\/belediyeis.org.tr\/merkez\/wp-content\/uploads\/2025\/12\/WhatsApp-Image-2025-12-21-at-12.56.17-300x225.jpeg 300w, https:\/\/belediyeis.org.tr\/merkez\/wp-content\/uploads\/2025\/12\/WhatsApp-Image-2025-12-21-at-12.56.17-1024x768.jpeg 1024w, https:\/\/belediyeis.org.tr\/merkez\/wp-content\/uploads\/2025\/12\/WhatsApp-Image-2025-12-21-at-12.56.17-768x576.jpeg 768w, https:\/\/belediyeis.org.tr\/merkez\/wp-content\/uploads\/2025\/12\/WhatsApp-Image-2025-12-21-at-12.56.17-1536x1152.jpeg 1536w, https:\/\/belediyeis.org.tr\/merkez\/wp-content\/uploads\/2025\/12\/WhatsApp-Image-2025-12-21-at-12.56.17-750x563.jpeg 750w, https:\/\/belediyeis.org.tr\/merkez\/wp-content\/uploads\/2025\/12\/WhatsApp-Image-2025-12-21-at-12.56.17-1140x855.jpeg 1140w, https:\/\/belediyeis.org.tr\/merkez\/wp-content\/uploads\/2025\/12\/WhatsApp-Image-2025-12-21-at-12.56.17.jpeg 1600w\" sizes=\"(max-width: 300px) 100vw, 300px\" \/><\/div>\n<\/div>\n","protected":false},"excerpt":{"rendered":"<p>Genel Kurula delegelerimizin ve \u00fcyelerimizin yan\u0131 s\u0131ra Adalar Belediye Ba\u015fkan\u0131 Ali Ercan Akpolat, CHP Adalar \u0130l\u00e7e Ba\u015fkan\u0131 G\u00f6zde Ac\u0131r, \u0130BB Bimta\u015f Genel M\u00fcd\u00fcr\u00fc \u00d6zg\u00fcr Bora Yaprak, \u0130BB \u0130mar A.\u015e. Sat\u0131n Alma M\u00fcd\u00fcr\u00fc Ubeydullah \u015eener, Ey\u00fcpsultan Belediyesi Espa\u015f A.\u015e. Genel M\u00fcd\u00fcr\u00fc S\u00fcleyman Uluocak, \u00dcsk\u00fcdar Belediyesi Kent A.\u015e. Sat\u0131n Alma M\u00fcd\u00fcr\u00fc Ufuk Bel\u00f6ren, Ey\u00fcpsultan Belediyesi Estur A.\u015e. [&hellip;]<\/p>\n","protected":false},"author":4,"featured_media":5823,"comment_status":"open","ping_status":"open","sticky":false,"template":"","format":"standard","meta":{"jnews-multi-image_gallery":[],"jnews_single_post":{"subtitle":"","format":"standard","override":[{"template":"7","parallax":"1","layout":"no-sidebar-narrow","sidebar":"default-sidebar","second_sidebar":"default-sidebar","sticky_sidebar":"1","share_position":"hide","share_float_style":"share-normal","show_share_counter":"1","show_view_counter":"1","show_featured":"1","show_post_meta":"1","show_post_author_image":"1","show_post_date":"1","post_date_format":"default","post_date_format_custom":"Y\/m\/d","post_reading_time_wpm":"300","post_calculate_word_method":"str_word_count","show_zoom_button":"1","zoom_button_out_step":"2","zoom_button_in_step":"3","show_post_tag":"1","show_comment_section":"1","number_popup_post":"1","show_post_related":"1"}],"image_override":[{"single_post_thumbnail_size":"no-crop","single_post_gallery_size":"crop-715"}],"trending_post_position":"meta","trending_post_label":"Trending","sponsored_post_label":"Sponsored by","disable_ad":"0"},"jnews_primary_category":[],"jnews_social_meta":[],"jnews_override_counter":{"view_counter_number":"0","share_counter_number":"0","like_counter_number":"0","dislike_counter_number":"0"},"footnotes":""},"categories":[1],"tags":[305],"class_list":["post-5822","post","type-post","status-publish","format-standard","has-post-thumbnail","hentry","category-genel","tag-sube-genel-kurulu"],"_links":{"self":[{"href":"https:\/\/belediyeis.org.tr\/merkez\/wp-json\/wp\/v2\/posts\/5822","targetHints":{"allow":["GET"]}}],"collection":[{"href":"https:\/\/belediyeis.org.tr\/merkez\/wp-json\/wp\/v2\/posts"}],"about":[{"href":"https:\/\/belediyeis.org.tr\/merkez\/wp-json\/wp\/v2\/types\/post"}],"author":[{"embeddable":true,"href":"https:\/\/belediyeis.org.tr\/merkez\/wp-json\/wp\/v2\/users\/4"}],"replies":[{"embeddable":true,"href":"https:\/\/belediyeis.org.tr\/merkez\/wp-json\/wp\/v2\/comments?post=5822"}],"version-history":[{"count":1,"href":"https:\/\/belediyeis.org.tr\/merkez\/wp-json\/wp\/v2\/posts\/5822\/revisions"}],"predecessor-version":[{"id":5826,"href":"https:\/\/belediyeis.org.tr\/merkez\/wp-json\/wp\/v2\/posts\/5822\/revisions\/5826"}],"wp:featuredmedia":[{"embeddable":true,"href":"https:\/\/belediyeis.org.tr\/merkez\/wp-json\/wp\/v2\/media\/5823"}],"wp:attachment":[{"href":"https:\/\/belediyeis.org.tr\/merkez\/wp-json\/wp\/v2\/media?parent=5822"}],"wp:term":[{"taxonomy":"category","embeddable":true,"href":"https:\/\/belediyeis.org.tr\/merkez\/wp-json\/wp\/v2\/categories?post=5822"},{"taxonomy":"post_tag","embeddable":true,"href":"https:\/\/belediyeis.org.tr\/merkez\/wp-json\/wp\/v2\/tags?post=5822"}],"curies":[{"name":"wp","href":"https:\/\/api.w.org\/{rel}","templated":true}]}}