{"id":5818,"date":"2025-12-21T13:21:15","date_gmt":"2025-12-21T10:21:15","guid":{"rendered":"https:\/\/belediyeis.org.tr\/merkez\/?p=5818"},"modified":"2025-12-21T13:21:15","modified_gmt":"2025-12-21T10:21:15","slug":"karabuk-subenin-13-olagan-genel-kurulu-yapildi","status":"publish","type":"post","link":"https:\/\/belediyeis.org.tr\/merkez\/2025\/12\/21\/karabuk-subenin-13-olagan-genel-kurulu-yapildi\/","title":{"rendered":"Karab\u00fck \u015eube\u2019nin 13. Ola\u011fan Genel Kurulu yap\u0131ld\u0131."},"content":{"rendered":"<p>Genel Kurula delegelerimizin ve \u00fcyelerimizin yan\u0131 s\u0131ra T\u00fcrk-\u0130\u015f \u0130l Temsilcisi \u015eair El\u00e7in, T\u00fcrk Metal Sendikas\u0131 y\u00f6neticisi \u015eahin Dikilita\u015f ile sendikam\u0131z \u00f6nceki d\u00f6nem Karab\u00fck \u015eube Ba\u015fkan\u0131 H\u00fcseyin Do\u011fan, \u00f6nceki d\u00f6nem Zonguldak \u015eube Ba\u015fkan\u0131 Tahsin Atayan ve \u015fubelerimizin y\u00f6neticileri kat\u0131ld\u0131lar.<\/p>\n<p>Genel Kurulun Divan Ba\u015fkanl\u0131\u011f\u0131n\u0131 sendikam\u0131z E\u011fitim Uzman\u0131 Mehmet Ali Candan, Divan \u00dcyeliklerini ise Ankara \u00c7evre Belediyeler \u015eube Ba\u015fkan\u0131 Mustafa Akba\u015f, Bolu \u015eube Ba\u015fkan\u0131 \u00c7a\u011fda\u015f \u00d6zkan ve Zonguldak \u015eube Ba\u015fkan\u0131 Osman Karata\u015f yapt\u0131lar.<\/p>\n<p>Genel kurulda, konu\u015fmalar ve raporlar\u0131n g\u00f6r\u00fc\u015f\u00fcl\u00fcp ibra edilmesinin ard\u0131ndan se\u00e7imlere ge\u00e7ildi. Yap\u0131lan se\u00e7imler sonucu kurullara se\u00e7ileceklere ba\u015far\u0131lar dileriz.<\/p>\n<p><img fetchpriority=\"high\" decoding=\"async\" class=\"alignnone size-medium wp-image-5820\" src=\"http:\/\/belediyeis.org.tr\/merkez\/wp-content\/uploads\/2025\/12\/WhatsApp-Image-2025-12-21-at-10.59.19-2-300x169.jpeg\" alt=\"\" width=\"300\" height=\"169\" srcset=\"https:\/\/belediyeis.org.tr\/merkez\/wp-content\/uploads\/2025\/12\/WhatsApp-Image-2025-12-21-at-10.59.19-2-300x169.jpeg 300w, https:\/\/belediyeis.org.tr\/merkez\/wp-content\/uploads\/2025\/12\/WhatsApp-Image-2025-12-21-at-10.59.19-2-1024x576.jpeg 1024w, https:\/\/belediyeis.org.tr\/merkez\/wp-content\/uploads\/2025\/12\/WhatsApp-Image-2025-12-21-at-10.59.19-2-768x432.jpeg 768w, https:\/\/belediyeis.org.tr\/merkez\/wp-content\/uploads\/2025\/12\/WhatsApp-Image-2025-12-21-at-10.59.19-2-1536x864.jpeg 1536w, https:\/\/belediyeis.org.tr\/merkez\/wp-content\/uploads\/2025\/12\/WhatsApp-Image-2025-12-21-at-10.59.19-2-2048x1152.jpeg 2048w, https:\/\/belediyeis.org.tr\/merkez\/wp-content\/uploads\/2025\/12\/WhatsApp-Image-2025-12-21-at-10.59.19-2-750x422.jpeg 750w, https:\/\/belediyeis.org.tr\/merkez\/wp-content\/uploads\/2025\/12\/WhatsApp-Image-2025-12-21-at-10.59.19-2-1140x641.jpeg 1140w\" sizes=\"(max-width: 300px) 100vw, 300px\" \/><\/p>\n","protected":false},"excerpt":{"rendered":"<p>Genel Kurula delegelerimizin ve \u00fcyelerimizin yan\u0131 s\u0131ra T\u00fcrk-\u0130\u015f \u0130l Temsilcisi \u015eair El\u00e7in, T\u00fcrk Metal Sendikas\u0131 y\u00f6neticisi \u015eahin Dikilita\u015f ile sendikam\u0131z \u00f6nceki d\u00f6nem Karab\u00fck \u015eube Ba\u015fkan\u0131 H\u00fcseyin Do\u011fan, \u00f6nceki d\u00f6nem Zonguldak \u015eube Ba\u015fkan\u0131 Tahsin Atayan ve \u015fubelerimizin y\u00f6neticileri kat\u0131ld\u0131lar. Genel Kurulun Divan Ba\u015fkanl\u0131\u011f\u0131n\u0131 sendikam\u0131z E\u011fitim Uzman\u0131 Mehmet Ali Candan, Divan \u00dcyeliklerini ise Ankara \u00c7evre Belediyeler \u015eube [&hellip;]<\/p>\n","protected":false},"author":4,"featured_media":5819,"comment_status":"open","ping_status":"open","sticky":false,"template":"","format":"standard","meta":{"jnews-multi-image_gallery":[],"jnews_single_post":{"subtitle":"","format":"standard","override":[{"template":"7","parallax":"1","layout":"no-sidebar-narrow","sidebar":"default-sidebar","second_sidebar":"default-sidebar","sticky_sidebar":"1","share_position":"hide","share_float_style":"share-normal","show_share_counter":"1","show_view_counter":"1","show_featured":"1","show_post_meta":"1","show_post_author_image":"1","show_post_date":"1","post_date_format":"default","post_date_format_custom":"Y\/m\/d","post_reading_time_wpm":"300","post_calculate_word_method":"str_word_count","show_zoom_button":"1","zoom_button_out_step":"2","zoom_button_in_step":"3","show_post_tag":"1","show_comment_section":"1","number_popup_post":"1","show_post_related":"1"}],"image_override":[{"single_post_thumbnail_size":"no-crop","single_post_gallery_size":"crop-715"}],"trending_post_position":"meta","trending_post_label":"Trending","sponsored_post_label":"Sponsored by","disable_ad":"0"},"jnews_primary_category":[],"jnews_social_meta":[],"jnews_override_counter":{"view_counter_number":"0","share_counter_number":"0","like_counter_number":"0","dislike_counter_number":"0"},"footnotes":""},"categories":[1],"tags":[305],"class_list":["post-5818","post","type-post","status-publish","format-standard","has-post-thumbnail","hentry","category-genel","tag-sube-genel-kurulu"],"_links":{"self":[{"href":"https:\/\/belediyeis.org.tr\/merkez\/wp-json\/wp\/v2\/posts\/5818","targetHints":{"allow":["GET"]}}],"collection":[{"href":"https:\/\/belediyeis.org.tr\/merkez\/wp-json\/wp\/v2\/posts"}],"about":[{"href":"https:\/\/belediyeis.org.tr\/merkez\/wp-json\/wp\/v2\/types\/post"}],"author":[{"embeddable":true,"href":"https:\/\/belediyeis.org.tr\/merkez\/wp-json\/wp\/v2\/users\/4"}],"replies":[{"embeddable":true,"href":"https:\/\/belediyeis.org.tr\/merkez\/wp-json\/wp\/v2\/comments?post=5818"}],"version-history":[{"count":1,"href":"https:\/\/belediyeis.org.tr\/merkez\/wp-json\/wp\/v2\/posts\/5818\/revisions"}],"predecessor-version":[{"id":5821,"href":"https:\/\/belediyeis.org.tr\/merkez\/wp-json\/wp\/v2\/posts\/5818\/revisions\/5821"}],"wp:featuredmedia":[{"embeddable":true,"href":"https:\/\/belediyeis.org.tr\/merkez\/wp-json\/wp\/v2\/media\/5819"}],"wp:attachment":[{"href":"https:\/\/belediyeis.org.tr\/merkez\/wp-json\/wp\/v2\/media?parent=5818"}],"wp:term":[{"taxonomy":"category","embeddable":true,"href":"https:\/\/belediyeis.org.tr\/merkez\/wp-json\/wp\/v2\/categories?post=5818"},{"taxonomy":"post_tag","embeddable":true,"href":"https:\/\/belediyeis.org.tr\/merkez\/wp-json\/wp\/v2\/tags?post=5818"}],"curies":[{"name":"wp","href":"https:\/\/api.w.org\/{rel}","templated":true}]}}