{"id":5768,"date":"2025-12-13T16:20:43","date_gmt":"2025-12-13T13:20:43","guid":{"rendered":"https:\/\/belediyeis.org.tr\/merkez\/?p=5768"},"modified":"2025-12-13T16:20:43","modified_gmt":"2025-12-13T13:20:43","slug":"trakya-subenin-13-olagan-genel-kurulu-gerceklestirildi","status":"publish","type":"post","link":"https:\/\/belediyeis.org.tr\/merkez\/2025\/12\/13\/trakya-subenin-13-olagan-genel-kurulu-gerceklestirildi\/","title":{"rendered":"Trakya \u015eube\u2019nin 13. Ola\u011fan Genel Kurulu ger\u00e7ekle\u015ftirildi."},"content":{"rendered":"<p>Delegelerimizin ve \u00fcyelerimizin kat\u0131l\u0131m\u0131yla yap\u0131lan genel kurula T\u00fcrk-\u0130\u015f K\u0131rklareli \u0130l Ba\u015fkan\u0131 Tamer Sosyal, K\u0131rklareli Evrensekiz Belediye Ba\u015fkan\u0131 Birol \u00d6zbay, Tekirda\u011f \u00c7orlu Belediye Ba\u015fkan Yard\u0131mc\u0131s\u0131 Adnan Kum, K\u0131rklareli Babaeski Belediye Ba\u015fkan Vekili Hakan Ar\u0131c\u0131, CHP \u00c7orlu \u0130l\u00e7e Ba\u015fkan\u0131 Mert Y\u0131lmaz, Kristal-\u0130\u015f Sendikas\u0131 Genel Ba\u015fkan Vekili Mehmet \u00d6zm\u00fc\u015f, Uluslararas\u0131 \u0130\u015f\u00e7i Dayan\u0131\u015fmas\u0131 Derne\u011fi Y\u00f6neticileri, Tek G\u0131da-\u0130\u015f Sendikas\u0131 Trakya \u015eube Ba\u015fkan\u0131 Ayta\u00e7 G\u00f6\u00e7men, Emekli Sen \u00c7orlu \u015eube Ba\u015fkan\u0131 L\u00fctf\u00fc Bah\u00e7eci, T\u00fcrk Metal Sendikas\u0131 \u00c7orlu \u015eube Ba\u015fkan\u0131 Caner Al\u00f6zkan, Koop-\u0130\u015f Sendikas\u0131 Tekirda\u011f \u015eube Ba\u015fkan\u0131 Ziya Nur \u00dczmez, E\u011fitim-\u0130\u015f \u015eube Ba\u015fkan\u0131 Halil Mutlu Er, Emekli Sen Y\u00f6netim Kurulu \u00dcyeleri Engin Besledi ve Sahit Ulu\u00f6zyurt, \u00c7evre Platformu Giri\u015fiminden Kemal Din\u00e7er ve T\u00fcrk Harb-\u0130\u015f Sendikas\u0131 Trakya \u015eube Burak Y\u0131lmaz kat\u0131ld\u0131lar.<\/p>\n<p>Genel kurulun Divan Ba\u015fkanl\u0131\u011f\u0131n\u0131 sendikam\u0131z Toplu \u0130\u015f S\u00f6zle\u015fmeleri Genel Sekreteri G\u00fcney Demirda\u015f, Divan Ba\u015fkan Yard\u0131mc\u0131l\u0131\u011f\u0131n\u0131 \u0130stanbul 4 Nolu \u015eube Ba\u015fkan\u0131 Sezai Aky\u00fcrek, Divan Katip \u00dcyeliklerini ise \u0130stanbul 1 Nolu \u015eube Ba\u015fkan\u0131 Halil Ko\u00e7ak ve \u0130stanbul 2 Nolu \u015eube Ba\u015fkan\u0131 Sava\u015f Do\u011fan ile \u0130stanbul 3 Nolu \u015eube Ba\u015fkan\u0131 Muhammet Ceylan yapt\u0131lar.<\/p>\n<p>Genel kurul g\u00fcndemi uyar\u0131nca konu\u015fmalar ve raporlar\u0131n g\u00f6r\u00fc\u015f\u00fclmesinin ard\u0131ndan kurullar\u0131n se\u00e7ilmesine ge\u00e7ildi. Yap\u0131lan se\u00e7imler sonucu kurullara se\u00e7ilenlere ba\u015far\u0131lar dileriz.<\/p>\n<p><img fetchpriority=\"high\" decoding=\"async\" class=\"alignnone size-medium wp-image-5770\" src=\"http:\/\/belediyeis.org.tr\/merkez\/wp-content\/uploads\/2025\/12\/WhatsApp-Image-2025-12-13-at-15.15.34-300x225.jpeg\" alt=\"\" width=\"300\" height=\"225\" srcset=\"https:\/\/belediyeis.org.tr\/merkez\/wp-content\/uploads\/2025\/12\/WhatsApp-Image-2025-12-13-at-15.15.34-300x225.jpeg 300w, https:\/\/belediyeis.org.tr\/merkez\/wp-content\/uploads\/2025\/12\/WhatsApp-Image-2025-12-13-at-15.15.34-1024x768.jpeg 1024w, https:\/\/belediyeis.org.tr\/merkez\/wp-content\/uploads\/2025\/12\/WhatsApp-Image-2025-12-13-at-15.15.34-768x576.jpeg 768w, https:\/\/belediyeis.org.tr\/merkez\/wp-content\/uploads\/2025\/12\/WhatsApp-Image-2025-12-13-at-15.15.34-1536x1152.jpeg 1536w, https:\/\/belediyeis.org.tr\/merkez\/wp-content\/uploads\/2025\/12\/WhatsApp-Image-2025-12-13-at-15.15.34-750x563.jpeg 750w, https:\/\/belediyeis.org.tr\/merkez\/wp-content\/uploads\/2025\/12\/WhatsApp-Image-2025-12-13-at-15.15.34-1140x855.jpeg 1140w, https:\/\/belediyeis.org.tr\/merkez\/wp-content\/uploads\/2025\/12\/WhatsApp-Image-2025-12-13-at-15.15.34.jpeg 1600w\" sizes=\"(max-width: 300px) 100vw, 300px\" \/> <img decoding=\"async\" class=\"alignnone size-medium wp-image-5771\" src=\"http:\/\/belediyeis.org.tr\/merkez\/wp-content\/uploads\/2025\/12\/WhatsApp-Image-2025-12-13-at-15.13.33-300x225.jpeg\" alt=\"\" width=\"300\" height=\"225\" srcset=\"https:\/\/belediyeis.org.tr\/merkez\/wp-content\/uploads\/2025\/12\/WhatsApp-Image-2025-12-13-at-15.13.33-300x225.jpeg 300w, https:\/\/belediyeis.org.tr\/merkez\/wp-content\/uploads\/2025\/12\/WhatsApp-Image-2025-12-13-at-15.13.33-1024x768.jpeg 1024w, https:\/\/belediyeis.org.tr\/merkez\/wp-content\/uploads\/2025\/12\/WhatsApp-Image-2025-12-13-at-15.13.33-768x576.jpeg 768w, https:\/\/belediyeis.org.tr\/merkez\/wp-content\/uploads\/2025\/12\/WhatsApp-Image-2025-12-13-at-15.13.33-1536x1152.jpeg 1536w, https:\/\/belediyeis.org.tr\/merkez\/wp-content\/uploads\/2025\/12\/WhatsApp-Image-2025-12-13-at-15.13.33-750x563.jpeg 750w, https:\/\/belediyeis.org.tr\/merkez\/wp-content\/uploads\/2025\/12\/WhatsApp-Image-2025-12-13-at-15.13.33-1140x855.jpeg 1140w, https:\/\/belediyeis.org.tr\/merkez\/wp-content\/uploads\/2025\/12\/WhatsApp-Image-2025-12-13-at-15.13.33.jpeg 1600w\" sizes=\"(max-width: 300px) 100vw, 300px\" \/> <img decoding=\"async\" class=\"alignnone size-medium wp-image-5772\" src=\"http:\/\/belediyeis.org.tr\/merkez\/wp-content\/uploads\/2025\/12\/WhatsApp-Image-2025-12-13-at-15.12.50-3-300x200.jpeg\" alt=\"\" width=\"300\" height=\"200\" srcset=\"https:\/\/belediyeis.org.tr\/merkez\/wp-content\/uploads\/2025\/12\/WhatsApp-Image-2025-12-13-at-15.12.50-3-300x200.jpeg 300w, https:\/\/belediyeis.org.tr\/merkez\/wp-content\/uploads\/2025\/12\/WhatsApp-Image-2025-12-13-at-15.12.50-3-1024x682.jpeg 1024w, https:\/\/belediyeis.org.tr\/merkez\/wp-content\/uploads\/2025\/12\/WhatsApp-Image-2025-12-13-at-15.12.50-3-768x512.jpeg 768w, https:\/\/belediyeis.org.tr\/merkez\/wp-content\/uploads\/2025\/12\/WhatsApp-Image-2025-12-13-at-15.12.50-3-1536x1023.jpeg 1536w, https:\/\/belediyeis.org.tr\/merkez\/wp-content\/uploads\/2025\/12\/WhatsApp-Image-2025-12-13-at-15.12.50-3-750x500.jpeg 750w, https:\/\/belediyeis.org.tr\/merkez\/wp-content\/uploads\/2025\/12\/WhatsApp-Image-2025-12-13-at-15.12.50-3-1140x760.jpeg 1140w, https:\/\/belediyeis.org.tr\/merkez\/wp-content\/uploads\/2025\/12\/WhatsApp-Image-2025-12-13-at-15.12.50-3.jpeg 1600w\" sizes=\"(max-width: 300px) 100vw, 300px\" \/><\/p>\n","protected":false},"excerpt":{"rendered":"<p>Delegelerimizin ve \u00fcyelerimizin kat\u0131l\u0131m\u0131yla yap\u0131lan genel kurula T\u00fcrk-\u0130\u015f K\u0131rklareli \u0130l Ba\u015fkan\u0131 Tamer Sosyal, K\u0131rklareli Evrensekiz Belediye Ba\u015fkan\u0131 Birol \u00d6zbay, Tekirda\u011f \u00c7orlu Belediye Ba\u015fkan Yard\u0131mc\u0131s\u0131 Adnan Kum, K\u0131rklareli Babaeski Belediye Ba\u015fkan Vekili Hakan Ar\u0131c\u0131, CHP \u00c7orlu \u0130l\u00e7e Ba\u015fkan\u0131 Mert Y\u0131lmaz, Kristal-\u0130\u015f Sendikas\u0131 Genel Ba\u015fkan Vekili Mehmet \u00d6zm\u00fc\u015f, Uluslararas\u0131 \u0130\u015f\u00e7i Dayan\u0131\u015fmas\u0131 Derne\u011fi Y\u00f6neticileri, Tek G\u0131da-\u0130\u015f Sendikas\u0131 Trakya [&hellip;]<\/p>\n","protected":false},"author":4,"featured_media":5769,"comment_status":"open","ping_status":"open","sticky":false,"template":"","format":"standard","meta":{"jnews-multi-image_gallery":[],"jnews_single_post":{"subtitle":"","format":"standard","override":[{"template":"7","parallax":"1","layout":"no-sidebar-narrow","sidebar":"default-sidebar","second_sidebar":"default-sidebar","sticky_sidebar":"1","share_position":"hide","share_float_style":"share-normal","show_share_counter":"1","show_view_counter":"1","show_featured":"1","show_post_meta":"1","show_post_author_image":"1","show_post_date":"1","post_date_format":"default","post_date_format_custom":"Y\/m\/d","post_reading_time_wpm":"300","post_calculate_word_method":"str_word_count","show_zoom_button":"1","zoom_button_out_step":"2","zoom_button_in_step":"3","show_post_tag":"1","show_comment_section":"1","number_popup_post":"1","show_post_related":"1"}],"image_override":[{"single_post_thumbnail_size":"no-crop","single_post_gallery_size":"crop-715"}],"trending_post_position":"meta","trending_post_label":"Trending","sponsored_post_label":"Sponsored by","disable_ad":"0"},"jnews_primary_category":[],"jnews_social_meta":[],"jnews_override_counter":{"view_counter_number":"0","share_counter_number":"0","like_counter_number":"0","dislike_counter_number":"0"},"footnotes":""},"categories":[1],"tags":[305],"class_list":["post-5768","post","type-post","status-publish","format-standard","has-post-thumbnail","hentry","category-genel","tag-sube-genel-kurulu"],"_links":{"self":[{"href":"https:\/\/belediyeis.org.tr\/merkez\/wp-json\/wp\/v2\/posts\/5768","targetHints":{"allow":["GET"]}}],"collection":[{"href":"https:\/\/belediyeis.org.tr\/merkez\/wp-json\/wp\/v2\/posts"}],"about":[{"href":"https:\/\/belediyeis.org.tr\/merkez\/wp-json\/wp\/v2\/types\/post"}],"author":[{"embeddable":true,"href":"https:\/\/belediyeis.org.tr\/merkez\/wp-json\/wp\/v2\/users\/4"}],"replies":[{"embeddable":true,"href":"https:\/\/belediyeis.org.tr\/merkez\/wp-json\/wp\/v2\/comments?post=5768"}],"version-history":[{"count":1,"href":"https:\/\/belediyeis.org.tr\/merkez\/wp-json\/wp\/v2\/posts\/5768\/revisions"}],"predecessor-version":[{"id":5773,"href":"https:\/\/belediyeis.org.tr\/merkez\/wp-json\/wp\/v2\/posts\/5768\/revisions\/5773"}],"wp:featuredmedia":[{"embeddable":true,"href":"https:\/\/belediyeis.org.tr\/merkez\/wp-json\/wp\/v2\/media\/5769"}],"wp:attachment":[{"href":"https:\/\/belediyeis.org.tr\/merkez\/wp-json\/wp\/v2\/media?parent=5768"}],"wp:term":[{"taxonomy":"category","embeddable":true,"href":"https:\/\/belediyeis.org.tr\/merkez\/wp-json\/wp\/v2\/categories?post=5768"},{"taxonomy":"post_tag","embeddable":true,"href":"https:\/\/belediyeis.org.tr\/merkez\/wp-json\/wp\/v2\/tags?post=5768"}],"curies":[{"name":"wp","href":"https:\/\/api.w.org\/{rel}","templated":true}]}}