{"id":5758,"date":"2025-12-13T14:25:48","date_gmt":"2025-12-13T11:25:48","guid":{"rendered":"https:\/\/belediyeis.org.tr\/merkez\/?p=5758"},"modified":"2025-12-15T13:16:54","modified_gmt":"2025-12-15T10:16:54","slug":"zonguldak-subenin-13-olagan-genel-kurulu-genel-baskanimiz-nihat-yurdakulun-katilimiyla-yapildi","status":"publish","type":"post","link":"https:\/\/belediyeis.org.tr\/merkez\/2025\/12\/13\/zonguldak-subenin-13-olagan-genel-kurulu-genel-baskanimiz-nihat-yurdakulun-katilimiyla-yapildi\/","title":{"rendered":"Zonguldak \u015eube\u2019nin 13. Ola\u011fan Genel Kurulu Genel Ba\u015fkan\u0131m\u0131z Nihat Yurdakul\u2019un kat\u0131l\u0131m\u0131yla yap\u0131ld\u0131."},"content":{"rendered":"<div class=\"xdj266r x14z9mp xat24cr x1lziwak x1vvkbs x126k92a\">\n<div dir=\"auto\">Genel Kurula delegelerimizin ve \u00fcyelerimizin yan\u0131 s\u0131ra T\u00fcrk-\u0130\u015f \u0130l Temsilcisi Aysel Yaman Kocaba\u015f, Zonguldak Belediye Ba\u015fkan\u0131 Tahsin Erdem, Cumhuriyet Halk Partisi \u0130l Ba\u015fkan\u0131 Devrim Dural, Cumhuriyet Halk Partisi Merkez \u0130l\u00e7e Ba\u015fkan\u0131 Nazmi \u00d6zden, Genel Maden-\u0130\u015f Genel Merkez Y\u00f6neticisi Cengiz Sara\u00e7, Sa\u011fl\u0131k-\u0130\u015f Sendikas\u0131 \u015eube Ba\u015fkan\u0131 Hakan Uzun ile sendikam\u0131z \u00f6nceki d\u00f6nem Genel Merkez y\u00f6neticilerinden Nihat Ay\u00e7i\u00e7ek, \u00f6nceki d\u00f6nem Zonguldak \u015eube Ba\u015fkanlar\u0131 Cavit Z\u00fclfikar ve Tahsin Atayan da kat\u0131ld\u0131lar.<\/div>\n<\/div>\n<div class=\"x14z9mp xat24cr x1lziwak x1vvkbs xtlvy1s x126k92a\">\n<div dir=\"auto\">Genel kurulun Divan Ba\u015fkanl\u0131\u011f\u0131n\u0131 sendikam\u0131z Ankara \u015eube Ba\u015fkan\u0131 Murat Yurdakul yaparken, Divan Katip \u00dcyeliklerini Bolu \u015eube Ba\u015fkan\u0131 \u00c7a\u011fda\u015f \u00d6zkan, Karab\u00fck \u015eube Ba\u015fkan\u0131 Tar\u0131k D\u00fczyer ve Kocaeli \u015eube Ba\u015fkan\u0131 Ertu\u011frul \u00c7\u0131nar \u00fcstlendiler.<\/div>\n<\/div>\n<div class=\"x14z9mp xat24cr x1lziwak x1vvkbs xtlvy1s x126k92a\">\n<div dir=\"auto\">Genel Kurulda bir konu\u015fma yapan Genel Ba\u015fkan\u0131m\u0131z; konuklar\u0131m\u0131za ve kat\u0131l\u0131mc\u0131lara te\u015fekk\u00fcr ederek s\u00f6zlerine ba\u015flad\u0131: \u201cSay\u0131n Belediye Ba\u015fkan\u0131, Say\u0131n \u0130l Ba\u015fkan\u0131, Say\u0131n Merkez \u0130l\u00e7e Ba\u015fkan\u0131, siyasi partilerin say\u0131n temsilcileri sa\u011f olsunlar kongremize geldiler, bizleri onurland\u0131rd\u0131lar. Gelmeyen yerlerde de in\u015fallah bunlar \u00f6rnek al\u0131n\u0131r. Siyasi parti temsilcileri ve belediyelerin y\u00f6neticileri; i\u015f\u00e7ilerin, emek\u00e7ilerin bulundu\u011fu toplant\u0131lara, kongrelere, panellere kat\u0131l\u0131rlar.\u201d dedi.<\/div>\n<\/div>\n<div class=\"x14z9mp xat24cr x1lziwak x1vvkbs xtlvy1s x126k92a\">\n<div dir=\"auto\">\u00dclkemizde, a\u015f\u0131lmas\u0131 gereken \u00e7ok b\u00fcy\u00fck sorunlar oldu\u011funa de\u011finen Genel Ba\u015fkan\u0131m\u0131z \u015funlar\u0131 s\u00f6yledi: \u201cBu sorunlar e\u011fer a\u015f\u0131lacaksa, gelecek nesillere, \u00e7ocuklar\u0131m\u0131za, torunlar\u0131m\u0131za bu \u00fclkeyi b\u0131rakacaksak, bunu hep birlikte \u00e7\u00f6zece\u011fiz. Yoksa tek ba\u015f\u0131na olmaz. Ya birbirimizi iyi dinleyece\u011fiz, \u00e7ocuklar\u0131m\u0131za, torunlar\u0131m\u0131za, \u00fclkemize ve gelece\u011fimize sahip \u00e7\u0131k\u0131p ayd\u0131nl\u0131k g\u00fcnlere kavu\u015faca\u011f\u0131z ya da bu \u00fclke karanl\u0131\u011fa s\u00fcr\u00fcklenecek. Bak\u0131n, bundan kurtulmak asl\u0131nda \u00e7ok zor de\u011fil. Bu bizim elimizde. Ellerimizi s\u0131k\u0131ca kenetlersek kurtuluruz, \u00e7ocuklar\u0131m\u0131z\u0131n gelece\u011fini de kurtar\u0131r\u0131z.\u201d<\/div>\n<\/div>\n<div class=\"x14z9mp xat24cr x1lziwak x1vvkbs xtlvy1s x126k92a\">\n<div dir=\"auto\">Genel Ba\u015fkan\u0131m\u0131z Nihat Yurdakul s\u00f6zlerini \u015f\u00f6yle s\u00fcrd\u00fcrd\u00fc: \u201cDemokratik sistem nedir? Parlamenter sistemdir. \u00dclkenin denetlenmesidir. Daha iyisi bulunana kadar da bu sistem ge\u00e7erlidir. Peki \u00fclke bug\u00fcn b\u00f6yle mi y\u00f6netiliyor? Hay\u0131r. \u201cParlamenter sistem iyi de\u011fil\u201d denildi ve 2017-2018\u2019de bu sisteme ge\u00e7ildi. Ne dediler bize? \u201cDolar d\u00fc\u015fecek\u201d dediler. O zaman dolar 1,40-1,50 lirayd\u0131. Bug\u00fcn 42,5 lira. \u201cEnflasyon d\u00fc\u015fecek, i\u015fsizlik azalacak, parlamentonun de\u011feri artacak\u201d dediler. Hi\u00e7biri olmad\u0131. \u00dclke nereye geldi arkada\u015flar? E\u011fitim yok, \u00e7a\u011fda\u015f e\u011fitim yok. Teknoloji yok, yat\u0131r\u0131m yok, \u00fcretim yok, halkla payla\u015f\u0131m yok. Peki biz ne yapaca\u011f\u0131z? Nas\u0131l ayakta duraca\u011f\u0131z? Ailemizi namerde muhta\u00e7 etmeyece\u011fiz. Bu \u00fclke betonla, faizle y\u00f6netiliyor. Seksen alt\u0131 milyon \u00e7al\u0131\u015f\u0131yor, bir avu\u00e7 rant\u00e7\u0131 kazan\u0131yor. Peki bunun sonu ne olacak? \u00c7ocuklar\u0131m\u0131za, torunlar\u0131m\u0131za ne b\u0131rakaca\u011f\u0131z? Bu i\u015fi kurtaracak olan siyaset\u00e7iler de\u011fildir. Bunu bilerek s\u00f6yl\u00fcyorum. Bu i\u015fi \u00e7\u00f6zecek iki yap\u0131 vard\u0131r: \u0130\u015f\u00e7i s\u0131n\u0131f\u0131 ve \u00fcniversiteler. \u00dcniversiteler i\u015f\u00e7i s\u0131n\u0131f\u0131yla bulu\u015fmad\u0131\u011f\u0131 s\u00fcrece bu sorunlar \u00e7\u00f6z\u00fclmez.\u201d<\/div>\n<\/div>\n<div class=\"x14z9mp xat24cr x1lziwak x1vvkbs xtlvy1s x126k92a\">\n<div dir=\"auto\">Sendikalar\u0131n \u00f6zg\u00fcr ve ba\u011f\u0131ms\u0131z olmas\u0131 gerekti\u011fini s\u00f6yleyen Genel Ba\u015fkan\u0131m\u0131z \u015funlar\u0131 ifade etti: \u201cSendikalar \u00f6zg\u00fcr ve ba\u011f\u0131ms\u0131z olmal\u0131d\u0131r. Hi\u00e7bir siyasi yap\u0131n\u0131n emrinde olmamal\u0131d\u0131r. Kim do\u011fru yap\u0131yorsa alk\u0131\u015flanmal\u0131, kim yanl\u0131\u015f yap\u0131yorsa ele\u015ftirilmelidir. Diz \u00e7\u00f6kmemeli, e\u011filmemelidir. Biz siyaset\u00e7i de\u011filiz, sendikac\u0131y\u0131z. Politika yapar\u0131z ama siyaset yapmay\u0131z. Politika; k\u0131rmadan, d\u00f6kmeden hedefe ula\u015fma sanat\u0131d\u0131r. Bizim hedefimiz \u00e7al\u0131\u015fmak, \u00fcretmek, ailemizi namerde muhta\u00e7 etmemektir.\u201d<\/div>\n<div dir=\"auto\">Genel Ba\u015fkan\u0131m\u0131z, konu\u015fmas\u0131nda asgari \u00fccret tart\u0131\u015fmalar\u0131na da de\u011findi: \u201cAlmanya\u2019y\u0131 \u00f6rnek g\u00f6steriyorlar. Almanya\u2019da asgari \u00fccret 2.200 euro. Bizde asgari \u00fccreti ne i\u015f\u00e7i ne i\u015fveren belirliyor; h\u00fck\u00fcmet belirliyor. H\u00fck\u00fcmet \u00e7\u0131ksa da \u201845 bin lira asgari \u00fccret\u2019 dese ne olur? Bize diyorlar ki \u2018asgari \u00fccret artarsa i\u015f\u00e7i huzursuz olur.\u2019 Bu ak\u0131lla bu \u00fclke y\u00f6netiliyor.\u201d<\/div>\n<\/div>\n<div class=\"x14z9mp xat24cr x1lziwak x1vvkbs xtlvy1s x126k92a\">\n<div dir=\"auto\">Genel Ba\u015fkan\u0131m\u0131z, \u201cBen siyaset\u00e7i de\u011filim, emek\u00e7iyim, i\u015f\u00e7iyim, sendikac\u0131y\u0131m. Bu \u00fclkede hukuk olsun, demokrasi olsun, adalet olsun istiyorum. \u00c7ocuklar\u0131ma b\u00f6yle bir \u00fclke b\u0131rakmak istiyorum. \u00dcniversiteler, i\u015f\u00e7i s\u0131n\u0131f\u0131 birlikte aya\u011fa kalkmad\u0131k\u00e7a bu haks\u0131zl\u0131klar bitmez. Bu \u00fclkeyi kurtarmak i\u00e7in herkesin ortak bir anlay\u0131\u015fta birle\u015fmesi \u015fartt\u0131r. Bu pusula Mustafa Kemal Atat\u00fcrk\u2019\u00fcn kurdu\u011fu Cumhuriyetin, laikli\u011fin, hukukun pusulas\u0131d\u0131r. Ya bu yolu se\u00e7ece\u011fiz, \u00e7ocuklar\u0131m\u0131z\u0131 ayd\u0131nl\u0131\u011fa \u00e7\u0131karaca\u011f\u0131z ya da karanl\u0131\u011fa s\u00fcr\u00fcklenece\u011fiz. Tercih sizindir diyerek s\u00f6zlerini tamamlad\u0131.<\/div>\n<\/div>\n<div class=\"x14z9mp xat24cr x1lziwak x1vvkbs xtlvy1s x126k92a\">\n<div dir=\"auto\">Genel Ba\u015fkan\u0131m\u0131z, sendikam\u0131zda uzun y\u0131llar m\u00fccadele veren ve Zonguldak\u2019ta birlikteli\u011fi \u00f6teden beri devam ettiren sendikam\u0131z y\u00f6neticilerini sahneye davet ederek, emekleri i\u00e7in \u00f6rg\u00fct\u00fcm\u00fcz ad\u0131na te\u015fekk\u00fcrlerini sundu.<\/div>\n<\/div>\n<div class=\"x14z9mp xat24cr x1lziwak x1vvkbs xtlvy1s x126k92a\">\n<div dir=\"auto\">Genel Kurulda konu\u015fma yapan Zonguldak Belediye Ba\u015fkan\u0131 Tahsin Erdem ise; \u201cAnnenize, baban\u0131za sorun; en son ne zaman tiyatroya gittiler, konsere gittiler, sinemaya gittiler ya da tatile \u00e7\u0131kt\u0131lar?\u201d diyerek sosyal hayattaki yoksunlu\u011fa dikkat \u00e7ekti. Toplumun hak etti\u011fi ya\u015fam standartlar\u0131n\u0131 sorgulamad\u0131\u011f\u0131n\u0131 belirten Erdem, insanlar\u0131n neden bu ko\u015fullar\u0131 kabullendi\u011fini sorgulad\u0131. \u00dclke kaynaklar\u0131n\u0131n nas\u0131l kullan\u0131ld\u0131\u011f\u0131n\u0131n ortada oldu\u011funu ifade eden Erdem, medya ve g\u00fcndelik programlarla toplumun bilin\u00e7li \u015fekilde uyu\u015fturuldu\u011funu savundu. Erdem, genel kurulun hay\u0131rl\u0131 u\u011furlu olmas\u0131n\u0131 dileyerek s\u00f6zlerini noktalad\u0131.<\/div>\n<\/div>\n<div class=\"x14z9mp xat24cr x1lziwak x1vvkbs xtlvy1s x126k92a\">\n<div dir=\"auto\">Genel Kurulda s\u00f6z alan Cumhuriyet Halk Partisi Zonguldak \u0130l Ba\u015fkan\u0131 Say\u0131n Devrim Dural: \u201c\u0130\u015f\u00e7i s\u0131n\u0131f\u0131, emek\u00e7i s\u0131n\u0131f\u0131 ve sendikal m\u00fccadele veren herkes bizim yol arkada\u015f\u0131m\u0131zd\u0131r\u201d diyerek genel kurulun g\u00fczellikler getirmesini temenni etti.<\/div>\n<\/div>\n<div class=\"x14z9mp xat24cr x1lziwak x1vvkbs xtlvy1s x126k92a\">\n<div dir=\"auto\">Delegelerimiz de genel kurulda k\u00fcrs\u00fcye gelerek; g\u00f6r\u00fc\u015f, \u00f6neri ve taleplerini kat\u0131l\u0131mc\u0131larla payla\u015ft\u0131lar.<\/div>\n<\/div>\n<div class=\"x14z9mp xat24cr x1lziwak x1vvkbs xtlvy1s x126k92a\">\n<div dir=\"auto\">Konu\u015fmalar\u0131n ard\u0131ndan genel kurul g\u00fcndeminde yer alan di\u011fer maddelere ve son olarak da kurullar\u0131n se\u00e7imine ge\u00e7ildi. Yap\u0131lan se\u00e7imler sonucu kurullara se\u00e7ilenlere ba\u015far\u0131lar dileriz.<\/div>\n<div dir=\"auto\"><img fetchpriority=\"high\" decoding=\"async\" class=\"alignnone size-medium wp-image-5775\" src=\"http:\/\/belediyeis.org.tr\/merkez\/wp-content\/uploads\/2025\/12\/WhatsApp-Image-2025-12-13-at-16.29.55-225x300.jpeg\" alt=\"\" width=\"225\" height=\"300\" srcset=\"https:\/\/belediyeis.org.tr\/merkez\/wp-content\/uploads\/2025\/12\/WhatsApp-Image-2025-12-13-at-16.29.55-225x300.jpeg 225w, https:\/\/belediyeis.org.tr\/merkez\/wp-content\/uploads\/2025\/12\/WhatsApp-Image-2025-12-13-at-16.29.55-768x1024.jpeg 768w, https:\/\/belediyeis.org.tr\/merkez\/wp-content\/uploads\/2025\/12\/WhatsApp-Image-2025-12-13-at-16.29.55-1152x1536.jpeg 1152w, https:\/\/belediyeis.org.tr\/merkez\/wp-content\/uploads\/2025\/12\/WhatsApp-Image-2025-12-13-at-16.29.55-1536x2048.jpeg 1536w, https:\/\/belediyeis.org.tr\/merkez\/wp-content\/uploads\/2025\/12\/WhatsApp-Image-2025-12-13-at-16.29.55-750x1000.jpeg 750w, https:\/\/belediyeis.org.tr\/merkez\/wp-content\/uploads\/2025\/12\/WhatsApp-Image-2025-12-13-at-16.29.55-1140x1520.jpeg 1140w, https:\/\/belediyeis.org.tr\/merkez\/wp-content\/uploads\/2025\/12\/WhatsApp-Image-2025-12-13-at-16.29.55-scaled.jpeg 1920w\" sizes=\"(max-width: 225px) 100vw, 225px\" \/><\/div>\n<div dir=\"auto\"><img decoding=\"async\" class=\"alignnone size-medium wp-image-5760\" src=\"http:\/\/belediyeis.org.tr\/merkez\/wp-content\/uploads\/2025\/12\/WhatsApp-Image-2025-12-13-at-13.52.55-300x199.jpeg\" alt=\"\" width=\"300\" height=\"199\" srcset=\"https:\/\/belediyeis.org.tr\/merkez\/wp-content\/uploads\/2025\/12\/WhatsApp-Image-2025-12-13-at-13.52.55-300x199.jpeg 300w, https:\/\/belediyeis.org.tr\/merkez\/wp-content\/uploads\/2025\/12\/WhatsApp-Image-2025-12-13-at-13.52.55-1024x678.jpeg 1024w, https:\/\/belediyeis.org.tr\/merkez\/wp-content\/uploads\/2025\/12\/WhatsApp-Image-2025-12-13-at-13.52.55-768x508.jpeg 768w, https:\/\/belediyeis.org.tr\/merkez\/wp-content\/uploads\/2025\/12\/WhatsApp-Image-2025-12-13-at-13.52.55-1536x1017.jpeg 1536w, https:\/\/belediyeis.org.tr\/merkez\/wp-content\/uploads\/2025\/12\/WhatsApp-Image-2025-12-13-at-13.52.55-750x496.jpeg 750w, https:\/\/belediyeis.org.tr\/merkez\/wp-content\/uploads\/2025\/12\/WhatsApp-Image-2025-12-13-at-13.52.55-1140x755.jpeg 1140w, https:\/\/belediyeis.org.tr\/merkez\/wp-content\/uploads\/2025\/12\/WhatsApp-Image-2025-12-13-at-13.52.55.jpeg 1600w\" sizes=\"(max-width: 300px) 100vw, 300px\" \/><img decoding=\"async\" class=\"alignnone size-medium wp-image-5761\" src=\"http:\/\/belediyeis.org.tr\/merkez\/wp-content\/uploads\/2025\/12\/images.jpg\" alt=\"\" width=\"260\" height=\"194\" \/> <img loading=\"lazy\" decoding=\"async\" class=\"alignnone size-medium wp-image-5762\" src=\"http:\/\/belediyeis.org.tr\/merkez\/wp-content\/uploads\/2025\/12\/WhatsApp-Image-2025-12-13-at-13.52.55-1-199x300.jpeg\" alt=\"\" width=\"199\" height=\"300\" srcset=\"https:\/\/belediyeis.org.tr\/merkez\/wp-content\/uploads\/2025\/12\/WhatsApp-Image-2025-12-13-at-13.52.55-1-199x300.jpeg 199w, https:\/\/belediyeis.org.tr\/merkez\/wp-content\/uploads\/2025\/12\/WhatsApp-Image-2025-12-13-at-13.52.55-1-678x1024.jpeg 678w, https:\/\/belediyeis.org.tr\/merkez\/wp-content\/uploads\/2025\/12\/WhatsApp-Image-2025-12-13-at-13.52.55-1-768x1160.jpeg 768w, https:\/\/belediyeis.org.tr\/merkez\/wp-content\/uploads\/2025\/12\/WhatsApp-Image-2025-12-13-at-13.52.55-1-1017x1536.jpeg 1017w, https:\/\/belediyeis.org.tr\/merkez\/wp-content\/uploads\/2025\/12\/WhatsApp-Image-2025-12-13-at-13.52.55-1-750x1133.jpeg 750w, https:\/\/belediyeis.org.tr\/merkez\/wp-content\/uploads\/2025\/12\/WhatsApp-Image-2025-12-13-at-13.52.55-1.jpeg 1059w\" sizes=\"(max-width: 199px) 100vw, 199px\" \/> <img loading=\"lazy\" decoding=\"async\" class=\"alignnone size-medium wp-image-5763\" src=\"http:\/\/belediyeis.org.tr\/merkez\/wp-content\/uploads\/2025\/12\/WhatsApp-Image-2025-12-13-at-13.50.55-1-300x199.jpeg\" alt=\"\" width=\"300\" height=\"199\" srcset=\"https:\/\/belediyeis.org.tr\/merkez\/wp-content\/uploads\/2025\/12\/WhatsApp-Image-2025-12-13-at-13.50.55-1-300x199.jpeg 300w, https:\/\/belediyeis.org.tr\/merkez\/wp-content\/uploads\/2025\/12\/WhatsApp-Image-2025-12-13-at-13.50.55-1-1024x678.jpeg 1024w, https:\/\/belediyeis.org.tr\/merkez\/wp-content\/uploads\/2025\/12\/WhatsApp-Image-2025-12-13-at-13.50.55-1-768x508.jpeg 768w, https:\/\/belediyeis.org.tr\/merkez\/wp-content\/uploads\/2025\/12\/WhatsApp-Image-2025-12-13-at-13.50.55-1-1536x1017.jpeg 1536w, https:\/\/belediyeis.org.tr\/merkez\/wp-content\/uploads\/2025\/12\/WhatsApp-Image-2025-12-13-at-13.50.55-1-750x496.jpeg 750w, https:\/\/belediyeis.org.tr\/merkez\/wp-content\/uploads\/2025\/12\/WhatsApp-Image-2025-12-13-at-13.50.55-1-1140x755.jpeg 1140w, https:\/\/belediyeis.org.tr\/merkez\/wp-content\/uploads\/2025\/12\/WhatsApp-Image-2025-12-13-at-13.50.55-1.jpeg 1600w\" sizes=\"(max-width: 300px) 100vw, 300px\" \/> <img loading=\"lazy\" decoding=\"async\" class=\"alignnone size-medium wp-image-5764\" src=\"http:\/\/belediyeis.org.tr\/merkez\/wp-content\/uploads\/2025\/12\/WhatsApp-Image-2025-12-13-at-13.51.54-300x199.jpeg\" alt=\"\" width=\"300\" height=\"199\" srcset=\"https:\/\/belediyeis.org.tr\/merkez\/wp-content\/uploads\/2025\/12\/WhatsApp-Image-2025-12-13-at-13.51.54-300x199.jpeg 300w, https:\/\/belediyeis.org.tr\/merkez\/wp-content\/uploads\/2025\/12\/WhatsApp-Image-2025-12-13-at-13.51.54-1024x678.jpeg 1024w, https:\/\/belediyeis.org.tr\/merkez\/wp-content\/uploads\/2025\/12\/WhatsApp-Image-2025-12-13-at-13.51.54-768x508.jpeg 768w, https:\/\/belediyeis.org.tr\/merkez\/wp-content\/uploads\/2025\/12\/WhatsApp-Image-2025-12-13-at-13.51.54-1536x1017.jpeg 1536w, https:\/\/belediyeis.org.tr\/merkez\/wp-content\/uploads\/2025\/12\/WhatsApp-Image-2025-12-13-at-13.51.54-750x496.jpeg 750w, https:\/\/belediyeis.org.tr\/merkez\/wp-content\/uploads\/2025\/12\/WhatsApp-Image-2025-12-13-at-13.51.54-1140x755.jpeg 1140w, https:\/\/belediyeis.org.tr\/merkez\/wp-content\/uploads\/2025\/12\/WhatsApp-Image-2025-12-13-at-13.51.54.jpeg 1600w\" sizes=\"(max-width: 300px) 100vw, 300px\" \/> <img loading=\"lazy\" decoding=\"async\" class=\"alignnone size-medium wp-image-5765\" src=\"http:\/\/belediyeis.org.tr\/merkez\/wp-content\/uploads\/2025\/12\/WhatsApp-Image-2025-12-13-at-13.50.55-300x199.jpeg\" alt=\"\" width=\"300\" height=\"199\" srcset=\"https:\/\/belediyeis.org.tr\/merkez\/wp-content\/uploads\/2025\/12\/WhatsApp-Image-2025-12-13-at-13.50.55-300x199.jpeg 300w, https:\/\/belediyeis.org.tr\/merkez\/wp-content\/uploads\/2025\/12\/WhatsApp-Image-2025-12-13-at-13.50.55-1024x678.jpeg 1024w, https:\/\/belediyeis.org.tr\/merkez\/wp-content\/uploads\/2025\/12\/WhatsApp-Image-2025-12-13-at-13.50.55-768x508.jpeg 768w, https:\/\/belediyeis.org.tr\/merkez\/wp-content\/uploads\/2025\/12\/WhatsApp-Image-2025-12-13-at-13.50.55-1536x1017.jpeg 1536w, https:\/\/belediyeis.org.tr\/merkez\/wp-content\/uploads\/2025\/12\/WhatsApp-Image-2025-12-13-at-13.50.55-750x496.jpeg 750w, https:\/\/belediyeis.org.tr\/merkez\/wp-content\/uploads\/2025\/12\/WhatsApp-Image-2025-12-13-at-13.50.55-1140x755.jpeg 1140w, https:\/\/belediyeis.org.tr\/merkez\/wp-content\/uploads\/2025\/12\/WhatsApp-Image-2025-12-13-at-13.50.55.jpeg 1600w\" sizes=\"(max-width: 300px) 100vw, 300px\" \/><\/div>\n<\/div>\n","protected":false},"excerpt":{"rendered":"<p>Genel Kurula delegelerimizin ve \u00fcyelerimizin yan\u0131 s\u0131ra T\u00fcrk-\u0130\u015f \u0130l Temsilcisi Aysel Yaman Kocaba\u015f, Zonguldak Belediye Ba\u015fkan\u0131 Tahsin Erdem, Cumhuriyet Halk Partisi \u0130l Ba\u015fkan\u0131 Devrim Dural, Cumhuriyet Halk Partisi Merkez \u0130l\u00e7e Ba\u015fkan\u0131 Nazmi \u00d6zden, Genel Maden-\u0130\u015f Genel Merkez Y\u00f6neticisi Cengiz Sara\u00e7, Sa\u011fl\u0131k-\u0130\u015f Sendikas\u0131 \u015eube Ba\u015fkan\u0131 Hakan Uzun ile sendikam\u0131z \u00f6nceki d\u00f6nem Genel Merkez y\u00f6neticilerinden Nihat Ay\u00e7i\u00e7ek, [&hellip;]<\/p>\n","protected":false},"author":4,"featured_media":5759,"comment_status":"open","ping_status":"open","sticky":false,"template":"","format":"standard","meta":{"jnews-multi-image_gallery":[],"jnews_single_post":{"subtitle":"","format":"standard","override":[{"template":"7","parallax":"1","layout":"no-sidebar-narrow","sidebar":"default-sidebar","second_sidebar":"default-sidebar","sticky_sidebar":"1","share_position":"hide","share_float_style":"share-normal","show_share_counter":"1","show_view_counter":"1","show_featured":"1","show_post_meta":"1","show_post_author_image":"1","show_post_date":"1","post_date_format":"default","post_date_format_custom":"Y\/m\/d","post_reading_time_wpm":"300","post_calculate_word_method":"str_word_count","show_zoom_button":"1","zoom_button_out_step":"2","zoom_button_in_step":"3","show_post_tag":"1","show_comment_section":"1","number_popup_post":"1","show_post_related":"1"}],"image_override":[{"single_post_thumbnail_size":"no-crop","single_post_gallery_size":"crop-715"}],"trending_post_position":"meta","trending_post_label":"Trending","sponsored_post_label":"Sponsored by","disable_ad":"0"},"jnews_primary_category":[],"jnews_social_meta":[],"jnews_override_counter":{"view_counter_number":"0","share_counter_number":"0","like_counter_number":"0","dislike_counter_number":"0"},"footnotes":""},"categories":[1],"tags":[305],"class_list":["post-5758","post","type-post","status-publish","format-standard","has-post-thumbnail","hentry","category-genel","tag-sube-genel-kurulu"],"_links":{"self":[{"href":"https:\/\/belediyeis.org.tr\/merkez\/wp-json\/wp\/v2\/posts\/5758","targetHints":{"allow":["GET"]}}],"collection":[{"href":"https:\/\/belediyeis.org.tr\/merkez\/wp-json\/wp\/v2\/posts"}],"about":[{"href":"https:\/\/belediyeis.org.tr\/merkez\/wp-json\/wp\/v2\/types\/post"}],"author":[{"embeddable":true,"href":"https:\/\/belediyeis.org.tr\/merkez\/wp-json\/wp\/v2\/users\/4"}],"replies":[{"embeddable":true,"href":"https:\/\/belediyeis.org.tr\/merkez\/wp-json\/wp\/v2\/comments?post=5758"}],"version-history":[{"count":2,"href":"https:\/\/belediyeis.org.tr\/merkez\/wp-json\/wp\/v2\/posts\/5758\/revisions"}],"predecessor-version":[{"id":5776,"href":"https:\/\/belediyeis.org.tr\/merkez\/wp-json\/wp\/v2\/posts\/5758\/revisions\/5776"}],"wp:featuredmedia":[{"embeddable":true,"href":"https:\/\/belediyeis.org.tr\/merkez\/wp-json\/wp\/v2\/media\/5759"}],"wp:attachment":[{"href":"https:\/\/belediyeis.org.tr\/merkez\/wp-json\/wp\/v2\/media?parent=5758"}],"wp:term":[{"taxonomy":"category","embeddable":true,"href":"https:\/\/belediyeis.org.tr\/merkez\/wp-json\/wp\/v2\/categories?post=5758"},{"taxonomy":"post_tag","embeddable":true,"href":"https:\/\/belediyeis.org.tr\/merkez\/wp-json\/wp\/v2\/tags?post=5758"}],"curies":[{"name":"wp","href":"https:\/\/api.w.org\/{rel}","templated":true}]}}