{"id":5740,"date":"2025-12-08T14:18:57","date_gmt":"2025-12-08T11:18:57","guid":{"rendered":"https:\/\/belediyeis.org.tr\/merkez\/?p=5740"},"modified":"2025-12-08T14:18:57","modified_gmt":"2025-12-08T11:18:57","slug":"izmir-buyuksehir-belediyesindeki-uyelerimiz-eksik-yatan-maaslari-icin-basin-aciklamasi-yapti","status":"publish","type":"post","link":"https:\/\/belediyeis.org.tr\/merkez\/2025\/12\/08\/izmir-buyuksehir-belediyesindeki-uyelerimiz-eksik-yatan-maaslari-icin-basin-aciklamasi-yapti\/","title":{"rendered":"\u0130zmir B\u00fcy\u00fck\u015fehir Belediyesi\u2019ndeki \u00fcyelerimiz eksik yatan maa\u015flar\u0131 i\u00e7in bas\u0131n a\u00e7\u0131klamas\u0131 yapt\u0131"},"content":{"rendered":"<p>Sendikam\u0131z \u0130zmir \u015eubeler binas\u0131 \u00f6n\u00fcnde toplanan \u00fcyelerimiz ad\u0131na bas\u0131n a\u00e7\u0131klamas\u0131 yapan \u0130zmir 2 Nolu \u015eube Ba\u015fkan\u0131 Sava\u015f Atalay, \u0130zdo\u011fa, \u0130zula\u015f ve \u0130zbeton \u015firketlerinde kas\u0131m ay\u0131nda maa\u015flar\u0131n eksik \u00f6dendi\u011fini, ikramiyelerin de iki ayd\u0131r yat\u0131r\u0131lmad\u0131\u011f\u0131n\u0131 belirterek, \u201cBir i\u015fverenin en temel g\u00f6revi \u00fccretleri tam ve zaman\u0131nda \u00f6demektir. Bu sadece hukuki de\u011fil, ayn\u0131 zamanda ahlaki, vicdani ve insani bir zorunluluktur\u201d dedi.<\/p>\n<p>\u0130zmir\u2019i ya\u015fanabilir bir \u015fehir yapan, hizmeti bir an olsun aksatmayan belediye emek\u00e7ilerinin maa\u015flar\u0131n\u0131n eksik \u00f6denmesinin onlar\u0131 a\u00e7l\u0131\u011fa, yoksullu\u011fa, borca itti\u011fini s\u00f6yleyen Atalay, \u015funlar\u0131 s\u00f6yledi:<\/p>\n<p>\u201cFedak\u00e2rl\u0131k m\u0131 diyorsunuz? Bu kent i\u00e7in fedak\u00e2rl\u0131\u011f\u0131n en b\u00fcy\u00fc\u011f\u00fcn\u00fc y\u0131llard\u0131r belediye emek\u00e7ileri yap\u0131yor. Gece-g\u00fcnd\u00fcz, bayram-seyran demeden \u00e7al\u0131\u015fan i\u015f\u00e7ilerin fazla mesai \u00fccretlerini ve ikramiyelerini \u00f6demediniz. \u00c7\u00f6zece\u011fiz, iktidar s\u0131k\u0131\u015ft\u0131r\u0131yor dediniz, sonu\u00e7 de\u011fi\u015fmedi. \u015eimdi de maa\u015flar eksik yatt\u0131. \u0130zmir B\u00fcy\u00fck\u015fehir Belediyesi y\u00f6netimini ciddiyete, sorumlulu\u011fa ve hakkaniyete davet ediyoruz. Bu kentin y\u00fck\u00fcn\u00fc s\u0131rtlayan emek\u00e7ilere \u00fccretlerini tam ve zaman\u0131nda \u00f6demek hem yasal hem insani g\u00f6revinizdir. Maa\u015flar\u0131n eksik \u00f6denmesi gibi bir uygulamadan derh\u00e2l vazge\u00e7in. Aksi halde bilin ki her sabr\u0131n bir s\u0131n\u0131r\u0131 vard\u0131r. Emek\u00e7inin sabr\u0131n\u0131 zorlamay\u0131n.<\/p>\n<p>Belediye y\u00f6netimine \u00e7a\u011fr\u0131m\u0131z net: E\u011fer ger\u00e7ekten \u2018sosyal, demokrat, halk\u00e7\u0131\u2019 bir y\u00f6netimiz diyorsan\u0131z, bunun gere\u011fini yap\u0131n. \u00d6nceli\u011fi emek\u00e7iye, al\u0131nterine, eme\u011fin kutsall\u0131\u011f\u0131na verin. Belediye emek\u00e7ilerinin \u00fccretlerini eksiksiz ve zaman\u0131nda \u00f6deyin. Fedak\u00e2rl\u0131k istiyorsan\u0131z, y\u0131llard\u0131r belediyeyle i\u015f yapan ve \u00f6demelerini tam ve zaman\u0131nda alan ta\u015feron firmalardan isteyin; emek\u00e7iden de\u011fil.\u201d<\/p>\n<p>Bas\u0131n a\u00e7\u0131klamas\u0131na sendikam\u0131z \u00fcyeleri ve temsilcilerinin yan\u0131 s\u0131ra Sendikam\u0131z \u0130zmir 1,2, 3, 4 Nolu \u015eubelerinin y\u00f6neticileri ile EMEP \u0130zmir \u0130l Ba\u015fkan\u0131 Elif \u00c7uhadar da kat\u0131ld\u0131.<\/p>\n<div id='gallery_1' class='gallery galleryid-5740 gallery-columns-1 gallery-size-large'><figure class='gallery-item'>\n                <div class='gallery-icon portrait'>\n                    <a href='https:\/\/belediyeis.org.tr\/merkez\/wp-content\/uploads\/2025\/12\/WhatsApp-Image-2025-12-08-at-12.07.17.jpeg'><img fetchpriority=\"high\" decoding=\"async\" width=\"768\" height=\"1024\" src=\"\" class=\"attachment-large size-large lazyload\" alt=\"\" data-src=\"https:\/\/belediyeis.org.tr\/merkez\/wp-content\/uploads\/2025\/12\/WhatsApp-Image-2025-12-08-at-12.07.17-768x1024.jpeg\" data-sizes=\"auto\" data-srcset=\"https:\/\/belediyeis.org.tr\/merkez\/wp-content\/uploads\/2025\/12\/WhatsApp-Image-2025-12-08-at-12.07.17-768x1024.jpeg 768w, https:\/\/belediyeis.org.tr\/merkez\/wp-content\/uploads\/2025\/12\/WhatsApp-Image-2025-12-08-at-12.07.17-225x300.jpeg 225w, https:\/\/belediyeis.org.tr\/merkez\/wp-content\/uploads\/2025\/12\/WhatsApp-Image-2025-12-08-at-12.07.17-1152x1536.jpeg 1152w, https:\/\/belediyeis.org.tr\/merkez\/wp-content\/uploads\/2025\/12\/WhatsApp-Image-2025-12-08-at-12.07.17-750x1000.jpeg 750w, https:\/\/belediyeis.org.tr\/merkez\/wp-content\/uploads\/2025\/12\/WhatsApp-Image-2025-12-08-at-12.07.17-1140x1520.jpeg 1140w, https:\/\/belediyeis.org.tr\/merkez\/wp-content\/uploads\/2025\/12\/WhatsApp-Image-2025-12-08-at-12.07.17.jpeg 1200w\" data-expand=\"700\" \/><\/a>\n                <\/div><\/figure><br style=\"clear: both\" \/><figure class='gallery-item'>\n                <div class='gallery-icon landscape'>\n                    <a href='https:\/\/belediyeis.org.tr\/merkez\/wp-content\/uploads\/2025\/12\/WhatsApp-Image-2025-12-08-at-12.07.18.jpeg'><img decoding=\"async\" width=\"1024\" height=\"576\" src=\"\" class=\"attachment-large size-large lazyload\" alt=\"\" data-src=\"https:\/\/belediyeis.org.tr\/merkez\/wp-content\/uploads\/2025\/12\/WhatsApp-Image-2025-12-08-at-12.07.18-1024x576.jpeg\" data-sizes=\"auto\" data-srcset=\"https:\/\/belediyeis.org.tr\/merkez\/wp-content\/uploads\/2025\/12\/WhatsApp-Image-2025-12-08-at-12.07.18-1024x576.jpeg 1024w, https:\/\/belediyeis.org.tr\/merkez\/wp-content\/uploads\/2025\/12\/WhatsApp-Image-2025-12-08-at-12.07.18-300x169.jpeg 300w, https:\/\/belediyeis.org.tr\/merkez\/wp-content\/uploads\/2025\/12\/WhatsApp-Image-2025-12-08-at-12.07.18-768x432.jpeg 768w, https:\/\/belediyeis.org.tr\/merkez\/wp-content\/uploads\/2025\/12\/WhatsApp-Image-2025-12-08-at-12.07.18-1536x864.jpeg 1536w, https:\/\/belediyeis.org.tr\/merkez\/wp-content\/uploads\/2025\/12\/WhatsApp-Image-2025-12-08-at-12.07.18-750x422.jpeg 750w, https:\/\/belediyeis.org.tr\/merkez\/wp-content\/uploads\/2025\/12\/WhatsApp-Image-2025-12-08-at-12.07.18-1140x641.jpeg 1140w, https:\/\/belediyeis.org.tr\/merkez\/wp-content\/uploads\/2025\/12\/WhatsApp-Image-2025-12-08-at-12.07.18.jpeg 1600w\" data-expand=\"700\" \/><\/a>\n                <\/div><\/figure><br style=\"clear: both\" \/><figure class='gallery-item'>\n                <div class='gallery-icon landscape'>\n                    <a href='https:\/\/belediyeis.org.tr\/merkez\/wp-content\/uploads\/2025\/12\/WhatsApp-Image-2025-12-08-at-13.09.24-1.jpeg'><img decoding=\"async\" width=\"1024\" height=\"768\" src=\"\" class=\"attachment-large size-large lazyload\" alt=\"\" data-src=\"https:\/\/belediyeis.org.tr\/merkez\/wp-content\/uploads\/2025\/12\/WhatsApp-Image-2025-12-08-at-13.09.24-1-1024x768.jpeg\" data-sizes=\"auto\" data-srcset=\"https:\/\/belediyeis.org.tr\/merkez\/wp-content\/uploads\/2025\/12\/WhatsApp-Image-2025-12-08-at-13.09.24-1-1024x768.jpeg 1024w, https:\/\/belediyeis.org.tr\/merkez\/wp-content\/uploads\/2025\/12\/WhatsApp-Image-2025-12-08-at-13.09.24-1-300x225.jpeg 300w, https:\/\/belediyeis.org.tr\/merkez\/wp-content\/uploads\/2025\/12\/WhatsApp-Image-2025-12-08-at-13.09.24-1-768x576.jpeg 768w, https:\/\/belediyeis.org.tr\/merkez\/wp-content\/uploads\/2025\/12\/WhatsApp-Image-2025-12-08-at-13.09.24-1-1536x1152.jpeg 1536w, https:\/\/belediyeis.org.tr\/merkez\/wp-content\/uploads\/2025\/12\/WhatsApp-Image-2025-12-08-at-13.09.24-1-750x563.jpeg 750w, https:\/\/belediyeis.org.tr\/merkez\/wp-content\/uploads\/2025\/12\/WhatsApp-Image-2025-12-08-at-13.09.24-1-1140x855.jpeg 1140w, https:\/\/belediyeis.org.tr\/merkez\/wp-content\/uploads\/2025\/12\/WhatsApp-Image-2025-12-08-at-13.09.24-1.jpeg 1600w\" data-expand=\"700\" \/><\/a>\n                <\/div><\/figure><br style=\"clear: both\" \/>\n            <\/div>\n\n","protected":false},"excerpt":{"rendered":"<p>Sendikam\u0131z \u0130zmir \u015eubeler binas\u0131 \u00f6n\u00fcnde toplanan \u00fcyelerimiz ad\u0131na bas\u0131n a\u00e7\u0131klamas\u0131 yapan \u0130zmir 2 Nolu \u015eube Ba\u015fkan\u0131 Sava\u015f Atalay, \u0130zdo\u011fa, \u0130zula\u015f ve \u0130zbeton \u015firketlerinde kas\u0131m ay\u0131nda maa\u015flar\u0131n eksik \u00f6dendi\u011fini, ikramiyelerin de iki ayd\u0131r yat\u0131r\u0131lmad\u0131\u011f\u0131n\u0131 belirterek, \u201cBir i\u015fverenin en temel g\u00f6revi \u00fccretleri tam ve zaman\u0131nda \u00f6demektir. Bu sadece hukuki de\u011fil, ayn\u0131 zamanda ahlaki, vicdani ve insani bir [&hellip;]<\/p>\n","protected":false},"author":3,"featured_media":5744,"comment_status":"open","ping_status":"open","sticky":false,"template":"","format":"standard","meta":{"jnews-multi-image_gallery":[],"jnews_single_post":{"subtitle":"","format":"standard","override":[{"template":"7","parallax":"1","layout":"no-sidebar-narrow","sidebar":"default-sidebar","second_sidebar":"default-sidebar","sticky_sidebar":"1","share_position":"hide","share_float_style":"share-normal","show_share_counter":"1","show_view_counter":"1","show_featured":"1","show_post_meta":"1","show_post_author_image":"1","show_post_date":"1","post_date_format":"default","post_date_format_custom":"Y\/m\/d","post_reading_time_wpm":"300","post_calculate_word_method":"str_word_count","show_zoom_button":"1","zoom_button_out_step":"2","zoom_button_in_step":"3","show_post_tag":"1","show_comment_section":"1","number_popup_post":"1","show_post_related":"1"}],"image_override":[{"single_post_thumbnail_size":"no-crop","single_post_gallery_size":"crop-715"}],"trending_post_position":"meta","trending_post_label":"Trending","sponsored_post_label":"Sponsored by","disable_ad":"0"},"jnews_primary_category":[],"jnews_social_meta":[],"jnews_override_counter":{"view_counter_number":"0","share_counter_number":"0","like_counter_number":"0","dislike_counter_number":"0"},"footnotes":""},"categories":[1],"tags":[],"class_list":["post-5740","post","type-post","status-publish","format-standard","has-post-thumbnail","hentry","category-genel"],"_links":{"self":[{"href":"https:\/\/belediyeis.org.tr\/merkez\/wp-json\/wp\/v2\/posts\/5740","targetHints":{"allow":["GET"]}}],"collection":[{"href":"https:\/\/belediyeis.org.tr\/merkez\/wp-json\/wp\/v2\/posts"}],"about":[{"href":"https:\/\/belediyeis.org.tr\/merkez\/wp-json\/wp\/v2\/types\/post"}],"author":[{"embeddable":true,"href":"https:\/\/belediyeis.org.tr\/merkez\/wp-json\/wp\/v2\/users\/3"}],"replies":[{"embeddable":true,"href":"https:\/\/belediyeis.org.tr\/merkez\/wp-json\/wp\/v2\/comments?post=5740"}],"version-history":[{"count":1,"href":"https:\/\/belediyeis.org.tr\/merkez\/wp-json\/wp\/v2\/posts\/5740\/revisions"}],"predecessor-version":[{"id":5745,"href":"https:\/\/belediyeis.org.tr\/merkez\/wp-json\/wp\/v2\/posts\/5740\/revisions\/5745"}],"wp:featuredmedia":[{"embeddable":true,"href":"https:\/\/belediyeis.org.tr\/merkez\/wp-json\/wp\/v2\/media\/5744"}],"wp:attachment":[{"href":"https:\/\/belediyeis.org.tr\/merkez\/wp-json\/wp\/v2\/media?parent=5740"}],"wp:term":[{"taxonomy":"category","embeddable":true,"href":"https:\/\/belediyeis.org.tr\/merkez\/wp-json\/wp\/v2\/categories?post=5740"},{"taxonomy":"post_tag","embeddable":true,"href":"https:\/\/belediyeis.org.tr\/merkez\/wp-json\/wp\/v2\/tags?post=5740"}],"curies":[{"name":"wp","href":"https:\/\/api.w.org\/{rel}","templated":true}]}}