{"id":5734,"date":"2025-12-07T17:09:52","date_gmt":"2025-12-07T14:09:52","guid":{"rendered":"https:\/\/belediyeis.org.tr\/merkez\/?p=5734"},"modified":"2025-12-07T17:09:52","modified_gmt":"2025-12-07T14:09:52","slug":"diyarbakir-subenin-13-olagan-genel-kurulu-yapildi","status":"publish","type":"post","link":"https:\/\/belediyeis.org.tr\/merkez\/2025\/12\/07\/diyarbakir-subenin-13-olagan-genel-kurulu-yapildi\/","title":{"rendered":"Diyarbak\u0131r \u015eube\u2019nin 13. Ola\u011fan Genel Kurulu yap\u0131ld\u0131."},"content":{"rendered":"<p>Delegelerimizin ve \u00fcyelerimizin kat\u0131l\u0131m\u0131yla ger\u00e7ekle\u015ftirilen genel kurulun Divan Ba\u015fkanl\u0131\u011f\u0131n\u0131 Sendikam\u0131z Ankara \u015eube Ba\u015fkan\u0131 Murat Yurdakul, Divan Ba\u015fkan Yard\u0131mc\u0131l\u0131klar\u0131n\u0131 Genel Denetleme Kurulu Ba\u015fkan\u0131 Sadiye Bulut ile Mersin 1 Nolu \u015eube Ba\u015fkan\u0131 Nail Kaya, Divan Katip \u00dcyeliklerini ise \u015eanl\u0131urfa 2 Nolu \u015eube Ba\u015fkan\u0131 Nurullah Eyy\u00fcpo\u011flu ile \u00dcyemiz Arzu He\u015fe yapt\u0131lar.<\/p>\n<p>Genel Kurula delege ve \u00fcyelerimizin yan\u0131 s\u0131ra sendikam\u0131z \u00f6nceki d\u00f6nem Diyarbak\u0131r \u015eube Ba\u015fkan\u0131 Vezir Peri\u015fan, \u00f6nceki d\u00f6nem Hatay \u015eube Ba\u015fkan\u0131 Abdi Ata\u00e7 ile \u00d6rg\u00fctlenme Uzman\u0131 Memduh \u00d6zt\u00fcrk de kat\u0131ld\u0131lar.<\/p>\n<p>Genel kurulda yap\u0131lan se\u00e7imler sonucu kurullara se\u00e7ilenlere ba\u015far\u0131lar dileriz.<\/p>\n<p><img fetchpriority=\"high\" decoding=\"async\" class=\"alignnone size-medium wp-image-5736\" src=\"http:\/\/belediyeis.org.tr\/merkez\/wp-content\/uploads\/2025\/12\/WhatsApp-Image-2025-12-07-at-11.25.04-300x225.jpeg\" alt=\"\" width=\"300\" height=\"225\" srcset=\"https:\/\/belediyeis.org.tr\/merkez\/wp-content\/uploads\/2025\/12\/WhatsApp-Image-2025-12-07-at-11.25.04-300x225.jpeg 300w, https:\/\/belediyeis.org.tr\/merkez\/wp-content\/uploads\/2025\/12\/WhatsApp-Image-2025-12-07-at-11.25.04-1024x768.jpeg 1024w, https:\/\/belediyeis.org.tr\/merkez\/wp-content\/uploads\/2025\/12\/WhatsApp-Image-2025-12-07-at-11.25.04-768x576.jpeg 768w, https:\/\/belediyeis.org.tr\/merkez\/wp-content\/uploads\/2025\/12\/WhatsApp-Image-2025-12-07-at-11.25.04-1536x1152.jpeg 1536w, https:\/\/belediyeis.org.tr\/merkez\/wp-content\/uploads\/2025\/12\/WhatsApp-Image-2025-12-07-at-11.25.04-750x563.jpeg 750w, https:\/\/belediyeis.org.tr\/merkez\/wp-content\/uploads\/2025\/12\/WhatsApp-Image-2025-12-07-at-11.25.04-1140x855.jpeg 1140w, https:\/\/belediyeis.org.tr\/merkez\/wp-content\/uploads\/2025\/12\/WhatsApp-Image-2025-12-07-at-11.25.04.jpeg 2048w\" sizes=\"(max-width: 300px) 100vw, 300px\" \/><img decoding=\"async\" class=\"alignnone size-medium wp-image-5737\" src=\"http:\/\/belediyeis.org.tr\/merkez\/wp-content\/uploads\/2025\/12\/WhatsApp-Image-2025-12-07-at-11.25.03-300x225.jpeg\" alt=\"\" width=\"300\" height=\"225\" srcset=\"https:\/\/belediyeis.org.tr\/merkez\/wp-content\/uploads\/2025\/12\/WhatsApp-Image-2025-12-07-at-11.25.03-300x225.jpeg 300w, https:\/\/belediyeis.org.tr\/merkez\/wp-content\/uploads\/2025\/12\/WhatsApp-Image-2025-12-07-at-11.25.03-1024x768.jpeg 1024w, https:\/\/belediyeis.org.tr\/merkez\/wp-content\/uploads\/2025\/12\/WhatsApp-Image-2025-12-07-at-11.25.03-768x576.jpeg 768w, https:\/\/belediyeis.org.tr\/merkez\/wp-content\/uploads\/2025\/12\/WhatsApp-Image-2025-12-07-at-11.25.03-1536x1152.jpeg 1536w, https:\/\/belediyeis.org.tr\/merkez\/wp-content\/uploads\/2025\/12\/WhatsApp-Image-2025-12-07-at-11.25.03-750x563.jpeg 750w, https:\/\/belediyeis.org.tr\/merkez\/wp-content\/uploads\/2025\/12\/WhatsApp-Image-2025-12-07-at-11.25.03-1140x855.jpeg 1140w, https:\/\/belediyeis.org.tr\/merkez\/wp-content\/uploads\/2025\/12\/WhatsApp-Image-2025-12-07-at-11.25.03.jpeg 2048w\" sizes=\"(max-width: 300px) 100vw, 300px\" \/><\/p>\n","protected":false},"excerpt":{"rendered":"<p>Delegelerimizin ve \u00fcyelerimizin kat\u0131l\u0131m\u0131yla ger\u00e7ekle\u015ftirilen genel kurulun Divan Ba\u015fkanl\u0131\u011f\u0131n\u0131 Sendikam\u0131z Ankara \u015eube Ba\u015fkan\u0131 Murat Yurdakul, Divan Ba\u015fkan Yard\u0131mc\u0131l\u0131klar\u0131n\u0131 Genel Denetleme Kurulu Ba\u015fkan\u0131 Sadiye Bulut ile Mersin 1 Nolu \u015eube Ba\u015fkan\u0131 Nail Kaya, Divan Katip \u00dcyeliklerini ise \u015eanl\u0131urfa 2 Nolu \u015eube Ba\u015fkan\u0131 Nurullah Eyy\u00fcpo\u011flu ile \u00dcyemiz Arzu He\u015fe yapt\u0131lar. Genel Kurula delege ve \u00fcyelerimizin yan\u0131 s\u0131ra [&hellip;]<\/p>\n","protected":false},"author":4,"featured_media":5735,"comment_status":"open","ping_status":"open","sticky":false,"template":"","format":"standard","meta":{"jnews-multi-image_gallery":[],"jnews_single_post":{"subtitle":"","format":"standard","override":[{"template":"7","parallax":"1","layout":"no-sidebar-narrow","sidebar":"default-sidebar","second_sidebar":"default-sidebar","sticky_sidebar":"1","share_position":"hide","share_float_style":"share-normal","show_share_counter":"1","show_view_counter":"1","show_featured":"1","show_post_meta":"1","show_post_author_image":"1","show_post_date":"1","post_date_format":"default","post_date_format_custom":"Y\/m\/d","post_reading_time_wpm":"300","post_calculate_word_method":"str_word_count","show_zoom_button":"1","zoom_button_out_step":"2","zoom_button_in_step":"3","show_post_tag":"1","show_comment_section":"1","number_popup_post":"1","show_post_related":"1"}],"image_override":[{"single_post_thumbnail_size":"no-crop","single_post_gallery_size":"crop-715"}],"trending_post_position":"meta","trending_post_label":"Trending","sponsored_post_label":"Sponsored by","disable_ad":"0"},"jnews_primary_category":[],"jnews_social_meta":[],"jnews_override_counter":{"view_counter_number":"0","share_counter_number":"0","like_counter_number":"0","dislike_counter_number":"0"},"footnotes":""},"categories":[1],"tags":[305],"class_list":["post-5734","post","type-post","status-publish","format-standard","has-post-thumbnail","hentry","category-genel","tag-sube-genel-kurulu"],"_links":{"self":[{"href":"https:\/\/belediyeis.org.tr\/merkez\/wp-json\/wp\/v2\/posts\/5734","targetHints":{"allow":["GET"]}}],"collection":[{"href":"https:\/\/belediyeis.org.tr\/merkez\/wp-json\/wp\/v2\/posts"}],"about":[{"href":"https:\/\/belediyeis.org.tr\/merkez\/wp-json\/wp\/v2\/types\/post"}],"author":[{"embeddable":true,"href":"https:\/\/belediyeis.org.tr\/merkez\/wp-json\/wp\/v2\/users\/4"}],"replies":[{"embeddable":true,"href":"https:\/\/belediyeis.org.tr\/merkez\/wp-json\/wp\/v2\/comments?post=5734"}],"version-history":[{"count":1,"href":"https:\/\/belediyeis.org.tr\/merkez\/wp-json\/wp\/v2\/posts\/5734\/revisions"}],"predecessor-version":[{"id":5738,"href":"https:\/\/belediyeis.org.tr\/merkez\/wp-json\/wp\/v2\/posts\/5734\/revisions\/5738"}],"wp:featuredmedia":[{"embeddable":true,"href":"https:\/\/belediyeis.org.tr\/merkez\/wp-json\/wp\/v2\/media\/5735"}],"wp:attachment":[{"href":"https:\/\/belediyeis.org.tr\/merkez\/wp-json\/wp\/v2\/media?parent=5734"}],"wp:term":[{"taxonomy":"category","embeddable":true,"href":"https:\/\/belediyeis.org.tr\/merkez\/wp-json\/wp\/v2\/categories?post=5734"},{"taxonomy":"post_tag","embeddable":true,"href":"https:\/\/belediyeis.org.tr\/merkez\/wp-json\/wp\/v2\/tags?post=5734"}],"curies":[{"name":"wp","href":"https:\/\/api.w.org\/{rel}","templated":true}]}}