{"id":5711,"date":"2025-11-30T18:39:59","date_gmt":"2025-11-30T15:39:59","guid":{"rendered":"https:\/\/belediyeis.org.tr\/merkez\/?p=5711"},"modified":"2025-11-30T18:39:59","modified_gmt":"2025-11-30T15:39:59","slug":"siirt-subenin-13-olagan-genel-kurulu-yapildi","status":"publish","type":"post","link":"https:\/\/belediyeis.org.tr\/merkez\/2025\/11\/30\/siirt-subenin-13-olagan-genel-kurulu-yapildi\/","title":{"rendered":"Siirt \u015eube\u2019nin 13. Ola\u011fan Genel Kurulu Yap\u0131ld\u0131."},"content":{"rendered":"<p>Delegelerimizin ve \u00fcyelerimizin kat\u0131l\u0131m\u0131yla ger\u00e7ekle\u015ftirilen genel kurulun Divan Ba\u015fkanl\u0131\u011f\u0131n\u0131 sendikam\u0131z Toplu \u0130\u015f S\u00f6zle\u015fmeleri Genel Sekreteri G\u00fcney Demirda\u015f yaparken, Divan Ba\u015fkan Yard\u0131mc\u0131l\u0131klar\u0131n\u0131 Diyarbak\u0131r \u015eube Ba\u015fkan\u0131 Mehmet Salih Gezen ve \u015eanl\u0131urfa \u015eube Ba\u015fkan\u0131 Adem \u015eiltak, Divan Katip \u00dcyeliklerini ise \u015eanl\u0131urfa 2 Nolu \u015eube Ba\u015fkan\u0131 Nurullah Eyy\u00fcpo\u011flu ve \u00dcyemiz Derya Ancu yapt\u0131lar.<\/p>\n<p>Genel kurulda yap\u0131lan se\u00e7imler sonucu kurullara se\u00e7ilenlere ba\u015far\u0131lar dileriz.<\/p>\n<p><img fetchpriority=\"high\" decoding=\"async\" class=\"alignnone size-medium wp-image-5713\" src=\"http:\/\/belediyeis.org.tr\/merkez\/wp-content\/uploads\/2025\/11\/WhatsApp-Image-2025-11-30-at-13.43.41-1-225x300.jpeg\" alt=\"\" width=\"225\" height=\"300\" srcset=\"https:\/\/belediyeis.org.tr\/merkez\/wp-content\/uploads\/2025\/11\/WhatsApp-Image-2025-11-30-at-13.43.41-1-225x300.jpeg 225w, https:\/\/belediyeis.org.tr\/merkez\/wp-content\/uploads\/2025\/11\/WhatsApp-Image-2025-11-30-at-13.43.41-1-768x1024.jpeg 768w, https:\/\/belediyeis.org.tr\/merkez\/wp-content\/uploads\/2025\/11\/WhatsApp-Image-2025-11-30-at-13.43.41-1-1152x1536.jpeg 1152w, https:\/\/belediyeis.org.tr\/merkez\/wp-content\/uploads\/2025\/11\/WhatsApp-Image-2025-11-30-at-13.43.41-1-750x1000.jpeg 750w, https:\/\/belediyeis.org.tr\/merkez\/wp-content\/uploads\/2025\/11\/WhatsApp-Image-2025-11-30-at-13.43.41-1-1140x1520.jpeg 1140w, https:\/\/belediyeis.org.tr\/merkez\/wp-content\/uploads\/2025\/11\/WhatsApp-Image-2025-11-30-at-13.43.41-1.jpeg 1200w\" sizes=\"(max-width: 225px) 100vw, 225px\" \/><\/p>\n","protected":false},"excerpt":{"rendered":"<p>Delegelerimizin ve \u00fcyelerimizin kat\u0131l\u0131m\u0131yla ger\u00e7ekle\u015ftirilen genel kurulun Divan Ba\u015fkanl\u0131\u011f\u0131n\u0131 sendikam\u0131z Toplu \u0130\u015f S\u00f6zle\u015fmeleri Genel Sekreteri G\u00fcney Demirda\u015f yaparken, Divan Ba\u015fkan Yard\u0131mc\u0131l\u0131klar\u0131n\u0131 Diyarbak\u0131r \u015eube Ba\u015fkan\u0131 Mehmet Salih Gezen ve \u015eanl\u0131urfa \u015eube Ba\u015fkan\u0131 Adem \u015eiltak, Divan Katip \u00dcyeliklerini ise \u015eanl\u0131urfa 2 Nolu \u015eube Ba\u015fkan\u0131 Nurullah Eyy\u00fcpo\u011flu ve \u00dcyemiz Derya Ancu yapt\u0131lar. Genel kurulda yap\u0131lan se\u00e7imler sonucu kurullara [&hellip;]<\/p>\n","protected":false},"author":4,"featured_media":5712,"comment_status":"open","ping_status":"open","sticky":false,"template":"","format":"standard","meta":{"jnews-multi-image_gallery":[],"jnews_single_post":{"subtitle":""},"jnews_primary_category":[],"jnews_social_meta":[],"jnews_override_counter":[],"footnotes":""},"categories":[1],"tags":[305],"class_list":["post-5711","post","type-post","status-publish","format-standard","has-post-thumbnail","hentry","category-genel","tag-sube-genel-kurulu"],"_links":{"self":[{"href":"https:\/\/belediyeis.org.tr\/merkez\/wp-json\/wp\/v2\/posts\/5711","targetHints":{"allow":["GET"]}}],"collection":[{"href":"https:\/\/belediyeis.org.tr\/merkez\/wp-json\/wp\/v2\/posts"}],"about":[{"href":"https:\/\/belediyeis.org.tr\/merkez\/wp-json\/wp\/v2\/types\/post"}],"author":[{"embeddable":true,"href":"https:\/\/belediyeis.org.tr\/merkez\/wp-json\/wp\/v2\/users\/4"}],"replies":[{"embeddable":true,"href":"https:\/\/belediyeis.org.tr\/merkez\/wp-json\/wp\/v2\/comments?post=5711"}],"version-history":[{"count":1,"href":"https:\/\/belediyeis.org.tr\/merkez\/wp-json\/wp\/v2\/posts\/5711\/revisions"}],"predecessor-version":[{"id":5714,"href":"https:\/\/belediyeis.org.tr\/merkez\/wp-json\/wp\/v2\/posts\/5711\/revisions\/5714"}],"wp:featuredmedia":[{"embeddable":true,"href":"https:\/\/belediyeis.org.tr\/merkez\/wp-json\/wp\/v2\/media\/5712"}],"wp:attachment":[{"href":"https:\/\/belediyeis.org.tr\/merkez\/wp-json\/wp\/v2\/media?parent=5711"}],"wp:term":[{"taxonomy":"category","embeddable":true,"href":"https:\/\/belediyeis.org.tr\/merkez\/wp-json\/wp\/v2\/categories?post=5711"},{"taxonomy":"post_tag","embeddable":true,"href":"https:\/\/belediyeis.org.tr\/merkez\/wp-json\/wp\/v2\/tags?post=5711"}],"curies":[{"name":"wp","href":"https:\/\/api.w.org\/{rel}","templated":true}]}}