{"id":5708,"date":"2025-11-28T09:44:03","date_gmt":"2025-11-28T06:44:03","guid":{"rendered":"https:\/\/belediyeis.org.tr\/merkez\/?p=5708"},"modified":"2025-11-28T09:44:03","modified_gmt":"2025-11-28T06:44:03","slug":"belediye-is-sendikasi-corum-subesi-genel-kurul-ilani-2","status":"publish","type":"post","link":"https:\/\/belediyeis.org.tr\/merkez\/2025\/11\/28\/belediye-is-sendikasi-corum-subesi-genel-kurul-ilani-2\/","title":{"rendered":"BELED\u0130YE-\u0130\u015e SEND\u0130KASI \u00c7ORUM \u015eUBES\u0130 GENEL KURUL \u0130LANI"},"content":{"rendered":"<p>Belediye-\u0130\u015f Sendikas\u0131 \u00c7orum \u015eube\u2019nin 13. Ola\u011fan Genel Kurulu 20 Aral\u0131k 2025 Cumartesi g\u00fcn\u00fc Saat 10.00\u2019da a\u015fa\u011f\u0131da ilan edilen g\u00fcndem gere\u011fince \u00c7epni Mahallesi \u0130n\u00f6n\u00fc Caddesi No:80 \u00c7orum adresindeki Anitta Hotel Toplant\u0131 Salonunda yap\u0131lacakt\u0131r. \u0130lk toplant\u0131da \u00e7o\u011funlu\u011fun sa\u011flanamamas\u0131 halinde ikinci toplant\u0131 27 Aral\u0131k 2025 Cumartesi g\u00fcn\u00fc Saat 10.00\u2019da yine ayn\u0131 adreste yap\u0131lacakt\u0131r.<\/p>\n<p>6356 Say\u0131l\u0131 Sendikalar ve Toplu \u0130\u015f S\u00f6zle\u015fmesi Kanunu ve Sendika Ana T\u00fcz\u00fc\u011f\u00fc\u2019n\u00fcn ilgili maddeleri gere\u011fince ilan olunur.<\/p>\n<p><strong>Belediye-\u0130\u015f Sendikas\u0131<\/strong><br \/>\n<strong>\u00c7orum \u015eube Y\u00f6netim Kurulu<\/strong><\/p>\n<p>&nbsp;<\/p>\n<p><strong>G \u00dc N D E M:<\/strong><\/p>\n<p>1. Yoklama ve a\u00e7\u0131l\u0131\u015f<br \/>\n2. Genel Kurul Ba\u015fkanl\u0131k Divan\u0131 Se\u00e7imi<br \/>\n3. Sayg\u0131 Duru\u015fu ve \u0130stiklal Mar\u015f\u0131<br \/>\n4. Konuklar\u0131n tan\u0131t\u0131m\u0131<br \/>\n5. Raporlar\u0131n g\u00f6r\u00fc\u015f\u00fclmesi ve Kurullar\u0131n ibras\u0131 (Y\u00f6netim ve Denetleme)<br \/>\n6. Kurullar\u0131n se\u00e7imi;<br \/>\na. Y\u00f6netim Kurulu asil ve yedek \u00fcyeleri<br \/>\nb. Denetleme Kurulu asil ve yedek \u00fcyeleri<br \/>\nc. Disiplin Kurulu asil ve yedek \u00fcyeleri<br \/>\nd. Genel Merkez \u00fcst kurul delegeleri<br \/>\n7.Kapan\u0131\u015f<\/p>\n<p><strong>\u0130lan yay\u0131n Tarihi:<\/strong>28.11.2025<br \/>\n<strong><em>\u00a0 \u00a0 \u00a0 \u00a0 \u00a0 \u00a0 \u00a0 \u00a0<\/em><\/strong><\/p>\n","protected":false},"excerpt":{"rendered":"<p>Belediye-\u0130\u015f Sendikas\u0131 \u00c7orum \u015eube\u2019nin 13. Ola\u011fan Genel Kurulu 20 Aral\u0131k 2025 Cumartesi g\u00fcn\u00fc Saat 10.00\u2019da a\u015fa\u011f\u0131da ilan edilen g\u00fcndem gere\u011fince \u00c7epni Mahallesi \u0130n\u00f6n\u00fc Caddesi No:80 \u00c7orum adresindeki Anitta Hotel Toplant\u0131 Salonunda yap\u0131lacakt\u0131r. \u0130lk toplant\u0131da \u00e7o\u011funlu\u011fun sa\u011flanamamas\u0131 halinde ikinci toplant\u0131 27 Aral\u0131k 2025 Cumartesi g\u00fcn\u00fc Saat 10.00\u2019da yine ayn\u0131 adreste yap\u0131lacakt\u0131r. 6356 Say\u0131l\u0131 Sendikalar ve Toplu [&hellip;]<\/p>\n","protected":false},"author":2,"featured_media":5513,"comment_status":"open","ping_status":"open","sticky":false,"template":"","format":"standard","meta":{"jnews-multi-image_gallery":[],"jnews_single_post":{"subtitle":""},"jnews_primary_category":[],"jnews_social_meta":[],"jnews_override_counter":[],"footnotes":""},"categories":[1],"tags":[],"class_list":["post-5708","post","type-post","status-publish","format-standard","has-post-thumbnail","hentry","category-genel"],"_links":{"self":[{"href":"https:\/\/belediyeis.org.tr\/merkez\/wp-json\/wp\/v2\/posts\/5708","targetHints":{"allow":["GET"]}}],"collection":[{"href":"https:\/\/belediyeis.org.tr\/merkez\/wp-json\/wp\/v2\/posts"}],"about":[{"href":"https:\/\/belediyeis.org.tr\/merkez\/wp-json\/wp\/v2\/types\/post"}],"author":[{"embeddable":true,"href":"https:\/\/belediyeis.org.tr\/merkez\/wp-json\/wp\/v2\/users\/2"}],"replies":[{"embeddable":true,"href":"https:\/\/belediyeis.org.tr\/merkez\/wp-json\/wp\/v2\/comments?post=5708"}],"version-history":[{"count":1,"href":"https:\/\/belediyeis.org.tr\/merkez\/wp-json\/wp\/v2\/posts\/5708\/revisions"}],"predecessor-version":[{"id":5709,"href":"https:\/\/belediyeis.org.tr\/merkez\/wp-json\/wp\/v2\/posts\/5708\/revisions\/5709"}],"wp:featuredmedia":[{"embeddable":true,"href":"https:\/\/belediyeis.org.tr\/merkez\/wp-json\/wp\/v2\/media\/5513"}],"wp:attachment":[{"href":"https:\/\/belediyeis.org.tr\/merkez\/wp-json\/wp\/v2\/media?parent=5708"}],"wp:term":[{"taxonomy":"category","embeddable":true,"href":"https:\/\/belediyeis.org.tr\/merkez\/wp-json\/wp\/v2\/categories?post=5708"},{"taxonomy":"post_tag","embeddable":true,"href":"https:\/\/belediyeis.org.tr\/merkez\/wp-json\/wp\/v2\/tags?post=5708"}],"curies":[{"name":"wp","href":"https:\/\/api.w.org\/{rel}","templated":true}]}}