{"id":5684,"date":"2025-11-23T17:44:32","date_gmt":"2025-11-23T14:44:32","guid":{"rendered":"https:\/\/belediyeis.org.tr\/merkez\/?p=5684"},"modified":"2025-11-23T20:52:06","modified_gmt":"2025-11-23T17:52:06","slug":"izmir-1-nolu-subenin-13-olagan-genel-kurulu-yapildi","status":"publish","type":"post","link":"https:\/\/belediyeis.org.tr\/merkez\/2025\/11\/23\/izmir-1-nolu-subenin-13-olagan-genel-kurulu-yapildi\/","title":{"rendered":"\u0130zmir 1 Nolu \u015eube\u2019nin 13. Ola\u011fan Genel Kurulu yap\u0131ld\u0131."},"content":{"rendered":"<p>Delegelerimizin ve \u00fcyelerimizin kat\u0131l\u0131m\u0131yla ger\u00e7ekle\u015ftirilen genel kurulun Divan Ba\u015fkanl\u0131\u011f\u0131n\u0131 sendikam\u0131z \u00d6rg\u00fctlenme Genel Sekreteri \u0130smail Duman yaparken, Divan Ba\u015fkan Yard\u0131mc\u0131l\u0131\u011f\u0131n\u0131 \u0130zmir 4 Nolu \u015eube Ba\u015fkan\u0131 Ayhan Do\u011fan, Divan Katip \u00dcyeliklerini ise \u0130zmir 2 Nolu \u015eube Ba\u015fkan\u0131 Sava\u015f Atalay ile \u0130zmir 3 Nolu \u0130zbeton \u015eube Ba\u015fkan\u0131 Musa Bozkurt yapt\u0131lar.<\/p>\n<p>Genel Kurula delegelerimizin ve \u00fcyelerimizin yan\u0131 s\u0131ra, T\u00fcrk-\u0130\u015f Ege B\u00f6lge Ba\u015fkan\u0131 Hayrettin \u00c7akmak, CHP \u0130zmir \u0130l Ba\u015fkan Yard\u0131mc\u0131s\u0131 Naz\u0131m Cihan, \u0130ZDER Kaza Derne\u011fi Ba\u015fkan\u0131 Erdal Erbakan, Denizciler Sendikas\u0131 \u015eehir Hatlar\u0131 \u015eube Mali Sekreteri Zafer Kocao\u011flu, sendikam\u0131z Denizli \u015eube Ba\u015fkan\u0131 Sinan \u00d6zdemir ile \u015fubelerimizin y\u00f6neticileri kat\u0131ld\u0131lar.<\/p>\n<p>Genel kurulda yap\u0131lan se\u00e7imler sonucu kurullara se\u00e7ilenlere ba\u015far\u0131lar dileriz.<\/p>\n<p><img fetchpriority=\"high\" decoding=\"async\" class=\"alignnone size-medium wp-image-5692\" src=\"http:\/\/belediyeis.org.tr\/merkez\/wp-content\/uploads\/2025\/11\/587253157_1367250461854102_3712226983012801894_n-300x225.jpg\" alt=\"\" width=\"300\" height=\"225\" srcset=\"https:\/\/belediyeis.org.tr\/merkez\/wp-content\/uploads\/2025\/11\/587253157_1367250461854102_3712226983012801894_n-300x225.jpg 300w, https:\/\/belediyeis.org.tr\/merkez\/wp-content\/uploads\/2025\/11\/587253157_1367250461854102_3712226983012801894_n-1024x768.jpg 1024w, https:\/\/belediyeis.org.tr\/merkez\/wp-content\/uploads\/2025\/11\/587253157_1367250461854102_3712226983012801894_n-768x576.jpg 768w, https:\/\/belediyeis.org.tr\/merkez\/wp-content\/uploads\/2025\/11\/587253157_1367250461854102_3712226983012801894_n-1536x1152.jpg 1536w, https:\/\/belediyeis.org.tr\/merkez\/wp-content\/uploads\/2025\/11\/587253157_1367250461854102_3712226983012801894_n-750x563.jpg 750w, https:\/\/belediyeis.org.tr\/merkez\/wp-content\/uploads\/2025\/11\/587253157_1367250461854102_3712226983012801894_n-1140x855.jpg 1140w, https:\/\/belediyeis.org.tr\/merkez\/wp-content\/uploads\/2025\/11\/587253157_1367250461854102_3712226983012801894_n.jpg 2040w\" sizes=\"(max-width: 300px) 100vw, 300px\" \/><img decoding=\"async\" class=\"alignnone size-medium wp-image-5687\" src=\"http:\/\/belediyeis.org.tr\/merkez\/wp-content\/uploads\/2025\/11\/WhatsApp-Image-2025-11-23-at-11.45.30-1-300x225.jpeg\" alt=\"\" width=\"300\" height=\"225\" srcset=\"https:\/\/belediyeis.org.tr\/merkez\/wp-content\/uploads\/2025\/11\/WhatsApp-Image-2025-11-23-at-11.45.30-1-300x225.jpeg 300w, https:\/\/belediyeis.org.tr\/merkez\/wp-content\/uploads\/2025\/11\/WhatsApp-Image-2025-11-23-at-11.45.30-1-1024x768.jpeg 1024w, https:\/\/belediyeis.org.tr\/merkez\/wp-content\/uploads\/2025\/11\/WhatsApp-Image-2025-11-23-at-11.45.30-1-768x576.jpeg 768w, https:\/\/belediyeis.org.tr\/merkez\/wp-content\/uploads\/2025\/11\/WhatsApp-Image-2025-11-23-at-11.45.30-1-1536x1152.jpeg 1536w, https:\/\/belediyeis.org.tr\/merkez\/wp-content\/uploads\/2025\/11\/WhatsApp-Image-2025-11-23-at-11.45.30-1-750x563.jpeg 750w, https:\/\/belediyeis.org.tr\/merkez\/wp-content\/uploads\/2025\/11\/WhatsApp-Image-2025-11-23-at-11.45.30-1-1140x855.jpeg 1140w, https:\/\/belediyeis.org.tr\/merkez\/wp-content\/uploads\/2025\/11\/WhatsApp-Image-2025-11-23-at-11.45.30-1.jpeg 2040w\" sizes=\"(max-width: 300px) 100vw, 300px\" \/><\/p>\n","protected":false},"excerpt":{"rendered":"<p>Delegelerimizin ve \u00fcyelerimizin kat\u0131l\u0131m\u0131yla ger\u00e7ekle\u015ftirilen genel kurulun Divan Ba\u015fkanl\u0131\u011f\u0131n\u0131 sendikam\u0131z \u00d6rg\u00fctlenme Genel Sekreteri \u0130smail Duman yaparken, Divan Ba\u015fkan Yard\u0131mc\u0131l\u0131\u011f\u0131n\u0131 \u0130zmir 4 Nolu \u015eube Ba\u015fkan\u0131 Ayhan Do\u011fan, Divan Katip \u00dcyeliklerini ise \u0130zmir 2 Nolu \u015eube Ba\u015fkan\u0131 Sava\u015f Atalay ile \u0130zmir 3 Nolu \u0130zbeton \u015eube Ba\u015fkan\u0131 Musa Bozkurt yapt\u0131lar. Genel Kurula delegelerimizin ve \u00fcyelerimizin yan\u0131 s\u0131ra, T\u00fcrk-\u0130\u015f [&hellip;]<\/p>\n","protected":false},"author":4,"featured_media":5694,"comment_status":"open","ping_status":"open","sticky":false,"template":"","format":"standard","meta":{"jnews-multi-image_gallery":[],"jnews_single_post":{"subtitle":"","format":"standard","override":[{"template":"7","parallax":"1","layout":"no-sidebar-narrow","sidebar":"default-sidebar","second_sidebar":"default-sidebar","sticky_sidebar":"1","share_position":"hide","share_float_style":"share-normal","show_share_counter":"1","show_view_counter":"1","show_featured":"1","show_post_meta":"1","show_post_author_image":"1","show_post_date":"1","post_date_format":"default","post_date_format_custom":"Y\/m\/d","post_reading_time_wpm":"300","post_calculate_word_method":"str_word_count","show_zoom_button":"1","zoom_button_out_step":"2","zoom_button_in_step":"3","show_post_tag":"1","number_popup_post":"1","show_post_related":"1"}],"image_override":[{"single_post_thumbnail_size":"no-crop","single_post_gallery_size":"crop-715"}],"trending_post_position":"meta","trending_post_label":"Trending","sponsored_post_label":"Sponsored by","disable_ad":"0"},"jnews_primary_category":[],"jnews_social_meta":[],"jnews_override_counter":{"view_counter_number":"0","share_counter_number":"0","like_counter_number":"0","dislike_counter_number":"0"},"footnotes":""},"categories":[1],"tags":[305],"class_list":["post-5684","post","type-post","status-publish","format-standard","has-post-thumbnail","hentry","category-genel","tag-sube-genel-kurulu"],"_links":{"self":[{"href":"https:\/\/belediyeis.org.tr\/merkez\/wp-json\/wp\/v2\/posts\/5684","targetHints":{"allow":["GET"]}}],"collection":[{"href":"https:\/\/belediyeis.org.tr\/merkez\/wp-json\/wp\/v2\/posts"}],"about":[{"href":"https:\/\/belediyeis.org.tr\/merkez\/wp-json\/wp\/v2\/types\/post"}],"author":[{"embeddable":true,"href":"https:\/\/belediyeis.org.tr\/merkez\/wp-json\/wp\/v2\/users\/4"}],"replies":[{"embeddable":true,"href":"https:\/\/belediyeis.org.tr\/merkez\/wp-json\/wp\/v2\/comments?post=5684"}],"version-history":[{"count":4,"href":"https:\/\/belediyeis.org.tr\/merkez\/wp-json\/wp\/v2\/posts\/5684\/revisions"}],"predecessor-version":[{"id":5693,"href":"https:\/\/belediyeis.org.tr\/merkez\/wp-json\/wp\/v2\/posts\/5684\/revisions\/5693"}],"wp:featuredmedia":[{"embeddable":true,"href":"https:\/\/belediyeis.org.tr\/merkez\/wp-json\/wp\/v2\/media\/5694"}],"wp:attachment":[{"href":"https:\/\/belediyeis.org.tr\/merkez\/wp-json\/wp\/v2\/media?parent=5684"}],"wp:term":[{"taxonomy":"category","embeddable":true,"href":"https:\/\/belediyeis.org.tr\/merkez\/wp-json\/wp\/v2\/categories?post=5684"},{"taxonomy":"post_tag","embeddable":true,"href":"https:\/\/belediyeis.org.tr\/merkez\/wp-json\/wp\/v2\/tags?post=5684"}],"curies":[{"name":"wp","href":"https:\/\/api.w.org\/{rel}","templated":true}]}}