{"id":5674,"date":"2025-11-21T17:02:24","date_gmt":"2025-11-21T14:02:24","guid":{"rendered":"https:\/\/belediyeis.org.tr\/merkez\/?p=5674"},"modified":"2025-11-21T17:02:24","modified_gmt":"2025-11-21T14:02:24","slug":"istanbul-1-nolu-subenin-4-olagan-genel-kurulu-yapildi","status":"publish","type":"post","link":"https:\/\/belediyeis.org.tr\/merkez\/2025\/11\/21\/istanbul-1-nolu-subenin-4-olagan-genel-kurulu-yapildi\/","title":{"rendered":"\u0130stanbul 1 Nolu \u015eube\u2019nin 4. Ola\u011fan Genel Kurulu yap\u0131ld\u0131."},"content":{"rendered":"<p style=\"line-height: 22.5pt; background: white; vertical-align: baseline; margin: 0cm 0cm 15.0pt 0cm;\"><span style=\"font-family: 'Helvetica',sans-serif; color: #333333;\">Delegelerimizin ve \u00fcyelerimizin kat\u0131l\u0131m\u0131yla ger\u00e7ekle\u015ftirilen genel kurulun Divan Ba\u015fkanl\u0131\u011f\u0131n\u0131 sendikam\u0131z Ankara \u015eube Ba\u015fkan\u0131 Murat Yurdakul yaparken, Divan Ba\u015fkan Yard\u0131mc\u0131l\u0131klar\u0131n\u0131 \u0130stanbul 2 Nolu \u015eube Ba\u015fkan\u0131 Sava\u015f Do\u011fan ve \u0130stanbul 4 Nolu \u015eube Ba\u015fkan\u0131 Sezai Aky\u00fcrek, Divan Katip \u00dcyeliklerini ise Kocaeli \u015eube Ba\u015fkan\u0131 Ertu\u011frul \u00c7\u0131nar ile Trakya \u015eube Ba\u015fkan\u0131 \u0130brahim \u00d6z\u00e7elik yapt\u0131lar.<\/span><\/p>\n<p style=\"line-height: 22.5pt; background: white; vertical-align: baseline; margin: 0cm 0cm 15.0pt 0cm;\"><span style=\"font-family: 'Helvetica',sans-serif; color: #333333;\">Genel Kurula delegelerimizin ve \u00fcyelerimizin yan\u0131 s\u0131ra, T\u00fcrk-\u0130\u015f 1. B\u00f6lge Ba\u015fkan\u0131 Halil Erdal, 24. D\u00f6nem Milletvekili S\u00fcleyman \u00c7elebi, CHP B\u00fcy\u00fck\u00e7ekmece \u0130l\u00e7e Ba\u015fkan\u0131 Halil \u00c7i\u00e7ek, B\u00fcy\u00fck\u00e7ekmece Belediye Ba\u015fkan Yard\u0131mc\u0131lar\u0131 Ba\u015fak Sancar ve Murat Er\u00e7a\u011f, B\u00fcy\u00fck\u00e7ekmece Belediye Ba\u015fkan Dan\u0131\u015fman\u0131 Re\u015fit Oral, B\u00fcy\u00fck\u00e7ekmece Belediyesi \u0130nsan Kaynaklar\u0131 ve E\u011fitim M\u00fcd\u00fcr\u00fc \u0130smail Arslan, \u00c7atalca Belediye Ba\u015fkan Yard\u0131mc\u0131s\u0131 Ayhan Ormano\u011flu, \u00c7atalca Belediyesi Ruhsat ve Denetim M\u00fcd\u00fcr\u00fc Tuncer Marangoz, Silivri Belediye Ba\u015fkan Yard\u0131mc\u0131s\u0131 Yavuz Al\u00e7\u0131, Avc\u0131lar Belediye Ba\u015fkan Yard\u0131mc\u0131s\u0131 R\u0131za Evren K\u0131lc\u0131, Ezgi A.\u015e. Y\u00f6netim Kurulu Ba\u015fkan\u0131 Erkut Uysal, Ezgi A.\u015e. Genel M\u00fcd\u00fcr\u00fc \u015eahin Konukseven, B\u00fcy\u00fck\u00e7ekmece Belediyesi ve \u0130BB Meclis \u00dcyesi Tar\u0131k Erdo\u011fan, Tekirda\u011f \u00c7orlu Belediyesi CHP Meclis \u00dcyesi Erhan Yarar, Tek G\u0131da-\u0130\u015f Sendikas\u0131 Avrupa Yakas\u0131 \u015eube Ba\u015fkan\u0131 Turgay Ko\u00e7, T\u00fcm Yerel-Sen 5 Nolu \u015eube Ba\u015fkan\u0131 Hakan Demircio\u011flu, Emekli \u0130BB Ba\u015fkan Dan\u0131\u015fman\u0131 Hasan Akku\u015f, B\u00fcy\u00fck\u00e7ekmece Fatih Mahallesi Muhtar\u0131 Mustafa Terbiyeci, Zeyna Gazetesi \u0130mtiyaz Sahibi Filiz \u00d6zsoy ile sendikam\u0131z \u0130stanbul 3 Nolu \u015eube Ba\u015fkan\u0131 Muhammet Ceylan ve \u015fubelerin y\u00f6neticileri kat\u0131ld\u0131lar. <\/span><\/p>\n<p style=\"line-height: 22.5pt; background: white; vertical-align: baseline; margin: 0cm 0cm 15.0pt 0cm;\"><span style=\"font-family: 'Helvetica',sans-serif; color: #333333;\">Genel kurulda yap\u0131lan se\u00e7imler sonucu kurullara se\u00e7ilenlere ba\u015far\u0131lar dileriz.<\/span><\/p>\n<p><img fetchpriority=\"high\" decoding=\"async\" class=\"alignnone size-medium wp-image-5676\" src=\"http:\/\/belediyeis.org.tr\/merkez\/wp-content\/uploads\/2025\/11\/WhatsApp-Image-2025-11-21-at-11.58.03-2-300x200.jpeg\" alt=\"\" width=\"300\" height=\"200\" srcset=\"https:\/\/belediyeis.org.tr\/merkez\/wp-content\/uploads\/2025\/11\/WhatsApp-Image-2025-11-21-at-11.58.03-2-300x200.jpeg 300w, https:\/\/belediyeis.org.tr\/merkez\/wp-content\/uploads\/2025\/11\/WhatsApp-Image-2025-11-21-at-11.58.03-2-1024x682.jpeg 1024w, https:\/\/belediyeis.org.tr\/merkez\/wp-content\/uploads\/2025\/11\/WhatsApp-Image-2025-11-21-at-11.58.03-2-768x512.jpeg 768w, https:\/\/belediyeis.org.tr\/merkez\/wp-content\/uploads\/2025\/11\/WhatsApp-Image-2025-11-21-at-11.58.03-2-1536x1023.jpeg 1536w, https:\/\/belediyeis.org.tr\/merkez\/wp-content\/uploads\/2025\/11\/WhatsApp-Image-2025-11-21-at-11.58.03-2-750x500.jpeg 750w, https:\/\/belediyeis.org.tr\/merkez\/wp-content\/uploads\/2025\/11\/WhatsApp-Image-2025-11-21-at-11.58.03-2-1140x760.jpeg 1140w, https:\/\/belediyeis.org.tr\/merkez\/wp-content\/uploads\/2025\/11\/WhatsApp-Image-2025-11-21-at-11.58.03-2.jpeg 1600w\" sizes=\"(max-width: 300px) 100vw, 300px\" \/> <img decoding=\"async\" class=\"alignnone size-medium wp-image-5677\" src=\"http:\/\/belediyeis.org.tr\/merkez\/wp-content\/uploads\/2025\/11\/WhatsApp-Image-2025-11-21-at-11.58.03-5-300x200.jpeg\" alt=\"\" width=\"300\" height=\"200\" srcset=\"https:\/\/belediyeis.org.tr\/merkez\/wp-content\/uploads\/2025\/11\/WhatsApp-Image-2025-11-21-at-11.58.03-5-300x200.jpeg 300w, https:\/\/belediyeis.org.tr\/merkez\/wp-content\/uploads\/2025\/11\/WhatsApp-Image-2025-11-21-at-11.58.03-5-1024x682.jpeg 1024w, https:\/\/belediyeis.org.tr\/merkez\/wp-content\/uploads\/2025\/11\/WhatsApp-Image-2025-11-21-at-11.58.03-5-768x512.jpeg 768w, https:\/\/belediyeis.org.tr\/merkez\/wp-content\/uploads\/2025\/11\/WhatsApp-Image-2025-11-21-at-11.58.03-5-1536x1023.jpeg 1536w, https:\/\/belediyeis.org.tr\/merkez\/wp-content\/uploads\/2025\/11\/WhatsApp-Image-2025-11-21-at-11.58.03-5-750x500.jpeg 750w, https:\/\/belediyeis.org.tr\/merkez\/wp-content\/uploads\/2025\/11\/WhatsApp-Image-2025-11-21-at-11.58.03-5-1140x760.jpeg 1140w, https:\/\/belediyeis.org.tr\/merkez\/wp-content\/uploads\/2025\/11\/WhatsApp-Image-2025-11-21-at-11.58.03-5.jpeg 1600w\" sizes=\"(max-width: 300px) 100vw, 300px\" \/><\/p>\n","protected":false},"excerpt":{"rendered":"<p>Delegelerimizin ve \u00fcyelerimizin kat\u0131l\u0131m\u0131yla ger\u00e7ekle\u015ftirilen genel kurulun Divan Ba\u015fkanl\u0131\u011f\u0131n\u0131 sendikam\u0131z Ankara \u015eube Ba\u015fkan\u0131 Murat Yurdakul yaparken, Divan Ba\u015fkan Yard\u0131mc\u0131l\u0131klar\u0131n\u0131 \u0130stanbul 2 Nolu \u015eube Ba\u015fkan\u0131 Sava\u015f Do\u011fan ve \u0130stanbul 4 Nolu \u015eube Ba\u015fkan\u0131 Sezai Aky\u00fcrek, Divan Katip \u00dcyeliklerini ise Kocaeli \u015eube Ba\u015fkan\u0131 Ertu\u011frul \u00c7\u0131nar ile Trakya \u015eube Ba\u015fkan\u0131 \u0130brahim \u00d6z\u00e7elik yapt\u0131lar. Genel Kurula delegelerimizin ve \u00fcyelerimizin [&hellip;]<\/p>\n","protected":false},"author":4,"featured_media":5675,"comment_status":"open","ping_status":"open","sticky":false,"template":"","format":"standard","meta":{"jnews-multi-image_gallery":[],"jnews_single_post":{"subtitle":""},"jnews_primary_category":[],"jnews_social_meta":[],"jnews_override_counter":[],"footnotes":""},"categories":[1],"tags":[305],"class_list":["post-5674","post","type-post","status-publish","format-standard","has-post-thumbnail","hentry","category-genel","tag-sube-genel-kurulu"],"_links":{"self":[{"href":"https:\/\/belediyeis.org.tr\/merkez\/wp-json\/wp\/v2\/posts\/5674","targetHints":{"allow":["GET"]}}],"collection":[{"href":"https:\/\/belediyeis.org.tr\/merkez\/wp-json\/wp\/v2\/posts"}],"about":[{"href":"https:\/\/belediyeis.org.tr\/merkez\/wp-json\/wp\/v2\/types\/post"}],"author":[{"embeddable":true,"href":"https:\/\/belediyeis.org.tr\/merkez\/wp-json\/wp\/v2\/users\/4"}],"replies":[{"embeddable":true,"href":"https:\/\/belediyeis.org.tr\/merkez\/wp-json\/wp\/v2\/comments?post=5674"}],"version-history":[{"count":1,"href":"https:\/\/belediyeis.org.tr\/merkez\/wp-json\/wp\/v2\/posts\/5674\/revisions"}],"predecessor-version":[{"id":5678,"href":"https:\/\/belediyeis.org.tr\/merkez\/wp-json\/wp\/v2\/posts\/5674\/revisions\/5678"}],"wp:featuredmedia":[{"embeddable":true,"href":"https:\/\/belediyeis.org.tr\/merkez\/wp-json\/wp\/v2\/media\/5675"}],"wp:attachment":[{"href":"https:\/\/belediyeis.org.tr\/merkez\/wp-json\/wp\/v2\/media?parent=5674"}],"wp:term":[{"taxonomy":"category","embeddable":true,"href":"https:\/\/belediyeis.org.tr\/merkez\/wp-json\/wp\/v2\/categories?post=5674"},{"taxonomy":"post_tag","embeddable":true,"href":"https:\/\/belediyeis.org.tr\/merkez\/wp-json\/wp\/v2\/tags?post=5674"}],"curies":[{"name":"wp","href":"https:\/\/api.w.org\/{rel}","templated":true}]}}