{"id":5654,"date":"2025-11-16T19:25:34","date_gmt":"2025-11-16T16:25:34","guid":{"rendered":"https:\/\/belediyeis.org.tr\/merkez\/?p=5654"},"modified":"2025-11-16T19:25:34","modified_gmt":"2025-11-16T16:25:34","slug":"adana-subenin-13-olagan-genel-kurulu-yapildi","status":"publish","type":"post","link":"https:\/\/belediyeis.org.tr\/merkez\/2025\/11\/16\/adana-subenin-13-olagan-genel-kurulu-yapildi\/","title":{"rendered":"Adana \u015eube\u2019nin 13. Ola\u011fan Genel Kurulu yap\u0131ld\u0131."},"content":{"rendered":"<p>Delegelerimizin ve \u00fcyelerimizin kat\u0131l\u0131m\u0131yla ger\u00e7ekle\u015ftirilen genel kurulun Divan Ba\u015fkanl\u0131\u011f\u0131n\u0131 sendikam\u0131z E\u011fitim Uzman\u0131 Mehmet Ali Candan yaparken, Divan Ba\u015fkan Yard\u0131mc\u0131l\u0131klar\u0131n\u0131 Hatay \u015eube Ba\u015fkan\u0131 Emre Ye\u015fil\u00e7ay ve \u00f6nceki d\u00f6nem Hatay \u015eube Ba\u015fkan\u0131 Abdi Ata\u00e7, Divan Katip \u00dcyeliklerini ise Mersin 1 Nolu \u015eube Ba\u015fkan Yard\u0131mc\u0131s\u0131 Tahsin Eren G\u00fcven\u00e7li ile \u00fcyemiz Song\u00fcl \u015een yapt\u0131lar.<\/p>\n<p>Genel Kurula sendikam\u0131z Genel Disiplin Kurulu \u00dcyesi Fatma Melis Karaca da kat\u0131ld\u0131.<\/p>\n<p>Genel kurulda yap\u0131lan se\u00e7imler sonucu kurullara se\u00e7ilenlere ba\u015far\u0131lar dileriz.<\/p>\n<p><img fetchpriority=\"high\" decoding=\"async\" class=\"alignnone size-medium wp-image-5656\" src=\"http:\/\/belediyeis.org.tr\/merkez\/wp-content\/uploads\/2025\/11\/WhatsApp-Image-2025-11-16-at-19.05.51-300x220.jpeg\" alt=\"\" width=\"300\" height=\"220\" srcset=\"https:\/\/belediyeis.org.tr\/merkez\/wp-content\/uploads\/2025\/11\/WhatsApp-Image-2025-11-16-at-19.05.51-300x220.jpeg 300w, https:\/\/belediyeis.org.tr\/merkez\/wp-content\/uploads\/2025\/11\/WhatsApp-Image-2025-11-16-at-19.05.51-768x562.jpeg 768w, https:\/\/belediyeis.org.tr\/merkez\/wp-content\/uploads\/2025\/11\/WhatsApp-Image-2025-11-16-at-19.05.51-750x549.jpeg 750w, https:\/\/belediyeis.org.tr\/merkez\/wp-content\/uploads\/2025\/11\/WhatsApp-Image-2025-11-16-at-19.05.51.jpeg 921w\" sizes=\"(max-width: 300px) 100vw, 300px\" \/><img decoding=\"async\" class=\"alignnone size-medium wp-image-5657\" src=\"http:\/\/belediyeis.org.tr\/merkez\/wp-content\/uploads\/2025\/11\/WhatsApp-Image-2025-11-16-at-19.05.52-300x224.jpeg\" alt=\"\" width=\"300\" height=\"224\" srcset=\"https:\/\/belediyeis.org.tr\/merkez\/wp-content\/uploads\/2025\/11\/WhatsApp-Image-2025-11-16-at-19.05.52-300x224.jpeg 300w, https:\/\/belediyeis.org.tr\/merkez\/wp-content\/uploads\/2025\/11\/WhatsApp-Image-2025-11-16-at-19.05.52-768x575.jpeg 768w, https:\/\/belediyeis.org.tr\/merkez\/wp-content\/uploads\/2025\/11\/WhatsApp-Image-2025-11-16-at-19.05.52-750x561.jpeg 750w, https:\/\/belediyeis.org.tr\/merkez\/wp-content\/uploads\/2025\/11\/WhatsApp-Image-2025-11-16-at-19.05.52.jpeg 921w\" sizes=\"(max-width: 300px) 100vw, 300px\" \/><\/p>\n<p>&nbsp;<\/p>\n","protected":false},"excerpt":{"rendered":"<p>Delegelerimizin ve \u00fcyelerimizin kat\u0131l\u0131m\u0131yla ger\u00e7ekle\u015ftirilen genel kurulun Divan Ba\u015fkanl\u0131\u011f\u0131n\u0131 sendikam\u0131z E\u011fitim Uzman\u0131 Mehmet Ali Candan yaparken, Divan Ba\u015fkan Yard\u0131mc\u0131l\u0131klar\u0131n\u0131 Hatay \u015eube Ba\u015fkan\u0131 Emre Ye\u015fil\u00e7ay ve \u00f6nceki d\u00f6nem Hatay \u015eube Ba\u015fkan\u0131 Abdi Ata\u00e7, Divan Katip \u00dcyeliklerini ise Mersin 1 Nolu \u015eube Ba\u015fkan Yard\u0131mc\u0131s\u0131 Tahsin Eren G\u00fcven\u00e7li ile \u00fcyemiz Song\u00fcl \u015een yapt\u0131lar. Genel Kurula sendikam\u0131z Genel Disiplin [&hellip;]<\/p>\n","protected":false},"author":4,"featured_media":5655,"comment_status":"open","ping_status":"open","sticky":false,"template":"","format":"standard","meta":{"jnews-multi-image_gallery":[],"jnews_single_post":{"subtitle":""},"jnews_primary_category":[],"jnews_social_meta":[],"jnews_override_counter":[],"footnotes":""},"categories":[1],"tags":[305],"class_list":["post-5654","post","type-post","status-publish","format-standard","has-post-thumbnail","hentry","category-genel","tag-sube-genel-kurulu"],"_links":{"self":[{"href":"https:\/\/belediyeis.org.tr\/merkez\/wp-json\/wp\/v2\/posts\/5654","targetHints":{"allow":["GET"]}}],"collection":[{"href":"https:\/\/belediyeis.org.tr\/merkez\/wp-json\/wp\/v2\/posts"}],"about":[{"href":"https:\/\/belediyeis.org.tr\/merkez\/wp-json\/wp\/v2\/types\/post"}],"author":[{"embeddable":true,"href":"https:\/\/belediyeis.org.tr\/merkez\/wp-json\/wp\/v2\/users\/4"}],"replies":[{"embeddable":true,"href":"https:\/\/belediyeis.org.tr\/merkez\/wp-json\/wp\/v2\/comments?post=5654"}],"version-history":[{"count":1,"href":"https:\/\/belediyeis.org.tr\/merkez\/wp-json\/wp\/v2\/posts\/5654\/revisions"}],"predecessor-version":[{"id":5658,"href":"https:\/\/belediyeis.org.tr\/merkez\/wp-json\/wp\/v2\/posts\/5654\/revisions\/5658"}],"wp:featuredmedia":[{"embeddable":true,"href":"https:\/\/belediyeis.org.tr\/merkez\/wp-json\/wp\/v2\/media\/5655"}],"wp:attachment":[{"href":"https:\/\/belediyeis.org.tr\/merkez\/wp-json\/wp\/v2\/media?parent=5654"}],"wp:term":[{"taxonomy":"category","embeddable":true,"href":"https:\/\/belediyeis.org.tr\/merkez\/wp-json\/wp\/v2\/categories?post=5654"},{"taxonomy":"post_tag","embeddable":true,"href":"https:\/\/belediyeis.org.tr\/merkez\/wp-json\/wp\/v2\/tags?post=5654"}],"curies":[{"name":"wp","href":"https:\/\/api.w.org\/{rel}","templated":true}]}}