{"id":5638,"date":"2025-11-16T17:00:40","date_gmt":"2025-11-16T14:00:40","guid":{"rendered":"https:\/\/belediyeis.org.tr\/merkez\/?p=5638"},"modified":"2025-11-16T17:00:40","modified_gmt":"2025-11-16T14:00:40","slug":"trabzon-subenin-13-olagan-genel-kurulu-yapildi","status":"publish","type":"post","link":"https:\/\/belediyeis.org.tr\/merkez\/2025\/11\/16\/trabzon-subenin-13-olagan-genel-kurulu-yapildi\/","title":{"rendered":"Trabzon \u015eube\u2019nin 13. Ola\u011fan Genel Kurulu yap\u0131ld\u0131."},"content":{"rendered":"<p>Delegelerimizin ve \u00fcyelerimizin kat\u0131l\u0131m\u0131yla ger\u00e7ekle\u015ftirilen genel kurulun Divan Ba\u015fkanl\u0131\u011f\u0131n\u0131 sendikam\u0131z Ankara \u015eube Ba\u015fkan\u0131 Murat Yurdakul yaparken, Divan Ba\u015fkan Yard\u0131mc\u0131l\u0131\u011f\u0131n\u0131 Genel Denetleme Kurulu \u00dcyesi K\u00fcbra \u00c7etinkaya, Divan Katip \u00dcyeliklerini ise Giresun \u015eube Ba\u015fkan\u0131 Halil Ye\u015filtepe, Rize \u015eube Ba\u015fkan\u0131 Ya\u015far Kaspar ve Samsun \u015eube Ba\u015fkan\u0131 Taha Yasin Mutlu \u00fcstlendiler.<\/p>\n<p>Genel Kurula delegelerimizin ve \u00fcyelerimizin yan\u0131 s\u0131ra, T\u00fcrk-\u0130\u015f Trabzon \u0130l Ba\u015fkan\u0131 Yol-\u0130\u015f Genel Sekreteri G\u00f6khan Gedikli, Ortahisar Belediyesi Ba\u015fkan Yard\u0131mc\u0131lar\u0131 Mustafa \u00d6zer \u0130skender ve Ernul Arslan, Ortahisar Belediyesi \u0130nsan Kaynaklar\u0131 M\u00fcd\u00fcr\u00fc \u00c7i\u011fdem Arslan, Koop-\u0130\u015f Sendikas\u0131 Trabzon \u015eube Ba\u015fkan\u0131 Fikri \u00d6ks\u00fcz, Tes-\u0130\u015f Sendikas\u0131 Trabzon \u015eube Sekreteri Ayhan Saka, sendikam\u0131z Genel Denetleme Kurulu \u00dcyesi Gamze Ceylan, Amasya \u015eube Ba\u015fkan\u0131 Tu\u011frul Sevindi, \u00c7orum \u015eube Ba\u015fkan\u0131 Mehmet \u015een, Ordu \u015eube Ba\u015fkan\u0131 Kadir Altun, Tokat \u015eube Ba\u015fkan\u0131 Naci G\u00fcne\u015f, Karadeniz B\u00f6lge Avukat\u0131 Tar\u0131k Kuralay ile sendikam\u0131z \u00f6nceki d\u00f6nem Trabzon \u015eube Ba\u015fkan\u0131 \u0130rfan Kurbay ve \u00f6nceki d\u00f6nem Trabzon \u015eube Sekreteri Muhittin Ey\u00fcbo\u011flu kat\u0131ld\u0131lar.<\/p>\n<p>Genel kurulda yap\u0131lan se\u00e7imler sonucu kurullara se\u00e7ilenlere ba\u015far\u0131lar dileriz.<\/p>\n<p>&nbsp;<\/p>\n<p><img fetchpriority=\"high\" decoding=\"async\" class=\"alignnone size-medium wp-image-5643\" src=\"http:\/\/belediyeis.org.tr\/merkez\/wp-content\/uploads\/2025\/11\/WhatsApp-Image-2025-11-16-at-11.21.24-4-300x225.jpeg\" alt=\"\" width=\"300\" height=\"225\" srcset=\"https:\/\/belediyeis.org.tr\/merkez\/wp-content\/uploads\/2025\/11\/WhatsApp-Image-2025-11-16-at-11.21.24-4-300x225.jpeg 300w, https:\/\/belediyeis.org.tr\/merkez\/wp-content\/uploads\/2025\/11\/WhatsApp-Image-2025-11-16-at-11.21.24-4-1024x768.jpeg 1024w, https:\/\/belediyeis.org.tr\/merkez\/wp-content\/uploads\/2025\/11\/WhatsApp-Image-2025-11-16-at-11.21.24-4-768x576.jpeg 768w, https:\/\/belediyeis.org.tr\/merkez\/wp-content\/uploads\/2025\/11\/WhatsApp-Image-2025-11-16-at-11.21.24-4-1536x1152.jpeg 1536w, https:\/\/belediyeis.org.tr\/merkez\/wp-content\/uploads\/2025\/11\/WhatsApp-Image-2025-11-16-at-11.21.24-4-750x563.jpeg 750w, https:\/\/belediyeis.org.tr\/merkez\/wp-content\/uploads\/2025\/11\/WhatsApp-Image-2025-11-16-at-11.21.24-4-1140x855.jpeg 1140w, https:\/\/belediyeis.org.tr\/merkez\/wp-content\/uploads\/2025\/11\/WhatsApp-Image-2025-11-16-at-11.21.24-4.jpeg 1600w\" sizes=\"(max-width: 300px) 100vw, 300px\" \/> <img decoding=\"async\" class=\"alignnone size-medium wp-image-5640\" src=\"http:\/\/belediyeis.org.tr\/merkez\/wp-content\/uploads\/2025\/11\/WhatsApp-Image-2025-11-16-at-11.21.25-2-300x225.jpeg\" alt=\"\" width=\"300\" height=\"225\" srcset=\"https:\/\/belediyeis.org.tr\/merkez\/wp-content\/uploads\/2025\/11\/WhatsApp-Image-2025-11-16-at-11.21.25-2-300x225.jpeg 300w, https:\/\/belediyeis.org.tr\/merkez\/wp-content\/uploads\/2025\/11\/WhatsApp-Image-2025-11-16-at-11.21.25-2-1024x768.jpeg 1024w, https:\/\/belediyeis.org.tr\/merkez\/wp-content\/uploads\/2025\/11\/WhatsApp-Image-2025-11-16-at-11.21.25-2-768x576.jpeg 768w, https:\/\/belediyeis.org.tr\/merkez\/wp-content\/uploads\/2025\/11\/WhatsApp-Image-2025-11-16-at-11.21.25-2-1536x1152.jpeg 1536w, https:\/\/belediyeis.org.tr\/merkez\/wp-content\/uploads\/2025\/11\/WhatsApp-Image-2025-11-16-at-11.21.25-2-750x563.jpeg 750w, https:\/\/belediyeis.org.tr\/merkez\/wp-content\/uploads\/2025\/11\/WhatsApp-Image-2025-11-16-at-11.21.25-2-1140x855.jpeg 1140w, https:\/\/belediyeis.org.tr\/merkez\/wp-content\/uploads\/2025\/11\/WhatsApp-Image-2025-11-16-at-11.21.25-2.jpeg 1600w\" sizes=\"(max-width: 300px) 100vw, 300px\" \/><\/p>\n","protected":false},"excerpt":{"rendered":"<p>Delegelerimizin ve \u00fcyelerimizin kat\u0131l\u0131m\u0131yla ger\u00e7ekle\u015ftirilen genel kurulun Divan Ba\u015fkanl\u0131\u011f\u0131n\u0131 sendikam\u0131z Ankara \u015eube Ba\u015fkan\u0131 Murat Yurdakul yaparken, Divan Ba\u015fkan Yard\u0131mc\u0131l\u0131\u011f\u0131n\u0131 Genel Denetleme Kurulu \u00dcyesi K\u00fcbra \u00c7etinkaya, Divan Katip \u00dcyeliklerini ise Giresun \u015eube Ba\u015fkan\u0131 Halil Ye\u015filtepe, Rize \u015eube Ba\u015fkan\u0131 Ya\u015far Kaspar ve Samsun \u015eube Ba\u015fkan\u0131 Taha Yasin Mutlu \u00fcstlendiler. Genel Kurula delegelerimizin ve \u00fcyelerimizin yan\u0131 s\u0131ra, T\u00fcrk-\u0130\u015f [&hellip;]<\/p>\n","protected":false},"author":4,"featured_media":5642,"comment_status":"open","ping_status":"open","sticky":false,"template":"","format":"standard","meta":{"jnews-multi-image_gallery":[],"jnews_single_post":{"subtitle":""},"jnews_primary_category":[],"jnews_social_meta":[],"jnews_override_counter":[],"footnotes":""},"categories":[1],"tags":[305],"class_list":["post-5638","post","type-post","status-publish","format-standard","has-post-thumbnail","hentry","category-genel","tag-sube-genel-kurulu"],"_links":{"self":[{"href":"https:\/\/belediyeis.org.tr\/merkez\/wp-json\/wp\/v2\/posts\/5638","targetHints":{"allow":["GET"]}}],"collection":[{"href":"https:\/\/belediyeis.org.tr\/merkez\/wp-json\/wp\/v2\/posts"}],"about":[{"href":"https:\/\/belediyeis.org.tr\/merkez\/wp-json\/wp\/v2\/types\/post"}],"author":[{"embeddable":true,"href":"https:\/\/belediyeis.org.tr\/merkez\/wp-json\/wp\/v2\/users\/4"}],"replies":[{"embeddable":true,"href":"https:\/\/belediyeis.org.tr\/merkez\/wp-json\/wp\/v2\/comments?post=5638"}],"version-history":[{"count":1,"href":"https:\/\/belediyeis.org.tr\/merkez\/wp-json\/wp\/v2\/posts\/5638\/revisions"}],"predecessor-version":[{"id":5644,"href":"https:\/\/belediyeis.org.tr\/merkez\/wp-json\/wp\/v2\/posts\/5638\/revisions\/5644"}],"wp:featuredmedia":[{"embeddable":true,"href":"https:\/\/belediyeis.org.tr\/merkez\/wp-json\/wp\/v2\/media\/5642"}],"wp:attachment":[{"href":"https:\/\/belediyeis.org.tr\/merkez\/wp-json\/wp\/v2\/media?parent=5638"}],"wp:term":[{"taxonomy":"category","embeddable":true,"href":"https:\/\/belediyeis.org.tr\/merkez\/wp-json\/wp\/v2\/categories?post=5638"},{"taxonomy":"post_tag","embeddable":true,"href":"https:\/\/belediyeis.org.tr\/merkez\/wp-json\/wp\/v2\/tags?post=5638"}],"curies":[{"name":"wp","href":"https:\/\/api.w.org\/{rel}","templated":true}]}}