{"id":5634,"date":"2025-11-16T14:02:48","date_gmt":"2025-11-16T11:02:48","guid":{"rendered":"https:\/\/belediyeis.org.tr\/merkez\/?p=5634"},"modified":"2025-11-16T14:02:48","modified_gmt":"2025-11-16T11:02:48","slug":"camal-kurt-baskanimizi-son-yolculuguna-ugurladik","status":"publish","type":"post","link":"https:\/\/belediyeis.org.tr\/merkez\/2025\/11\/16\/camal-kurt-baskanimizi-son-yolculuguna-ugurladik\/","title":{"rendered":"Camal Kurt Ba\u015fkan\u0131m\u0131z\u0131 son yolculu\u011funa u\u011furlad\u0131k\u2026"},"content":{"rendered":"<div class=\"xdj266r x14z9mp xat24cr x1lziwak x1vvkbs x126k92a\">\n<div dir=\"auto\"><\/div>\n<\/div>\n<div class=\"x14z9mp xat24cr x1lziwak x1vvkbs xtlvy1s x126k92a\">\n<div dir=\"auto\">Bir s\u00fcredir tedavi g\u00f6rd\u00fc\u011f\u00fc hastanede hayat\u0131n\u0131 kaybeden Isparta \u015eube Ba\u015fkan\u0131m\u0131z Camal Kurt, Isparta G\u00fcl\u00fcstan Camii\u2019nde k\u0131l\u0131nan \u00f6\u011fle namaz\u0131n\u0131n ard\u0131ndan topra\u011fa verildi.<\/div>\n<\/div>\n<div class=\"x14z9mp xat24cr x1lziwak x1vvkbs xtlvy1s x126k92a\">\n<div dir=\"auto\">Cenaze t\u00f6renine, Genel Ba\u015fkan\u0131m\u0131z Nihat Yurdakul, \u00fcyelerimiz, milletvekilleri, belediye ba\u015fkanlar\u0131, sendikam\u0131z y\u00f6netici ve \u015fube ba\u015fkanlar\u0131 ile sivil toplum \u00f6rg\u00fctleri ve siyasi partilerin temsilcileri kat\u0131ld\u0131lar.<\/div>\n<\/div>\n<div class=\"x14z9mp xat24cr x1lziwak x1vvkbs xtlvy1s x126k92a\">\n<div dir=\"auto\">Isparta belediye emek\u00e7ileri ile birlikte verdi\u011fi unutulmaz m\u00fccadeleyle i\u015f\u00e7i s\u0131n\u0131f\u0131 tarihine ge\u00e7en Camal Kurt Ba\u015fkan\u0131m\u0131za Allah\u2019tan rahmet, ailesine ve sevenlerine de sab\u0131r diliyoruz. \u00d6rg\u00fct\u00fcm\u00fcz\u00fcn ba\u015f\u0131 sa\u011f olsun.<\/div>\n<div dir=\"auto\"><img fetchpriority=\"high\" decoding=\"async\" class=\"alignnone size-medium wp-image-5636\" src=\"http:\/\/belediyeis.org.tr\/merkez\/wp-content\/uploads\/2025\/11\/WhatsApp-Image-2025-11-16-at-13.54.23-300x209.jpeg\" alt=\"\" width=\"300\" height=\"209\" srcset=\"https:\/\/belediyeis.org.tr\/merkez\/wp-content\/uploads\/2025\/11\/WhatsApp-Image-2025-11-16-at-13.54.23-300x209.jpeg 300w, https:\/\/belediyeis.org.tr\/merkez\/wp-content\/uploads\/2025\/11\/WhatsApp-Image-2025-11-16-at-13.54.23-1024x712.jpeg 1024w, https:\/\/belediyeis.org.tr\/merkez\/wp-content\/uploads\/2025\/11\/WhatsApp-Image-2025-11-16-at-13.54.23-768x534.jpeg 768w, https:\/\/belediyeis.org.tr\/merkez\/wp-content\/uploads\/2025\/11\/WhatsApp-Image-2025-11-16-at-13.54.23-1536x1068.jpeg 1536w, https:\/\/belediyeis.org.tr\/merkez\/wp-content\/uploads\/2025\/11\/WhatsApp-Image-2025-11-16-at-13.54.23-750x521.jpeg 750w, https:\/\/belediyeis.org.tr\/merkez\/wp-content\/uploads\/2025\/11\/WhatsApp-Image-2025-11-16-at-13.54.23-1140x792.jpeg 1140w, https:\/\/belediyeis.org.tr\/merkez\/wp-content\/uploads\/2025\/11\/WhatsApp-Image-2025-11-16-at-13.54.23.jpeg 2000w\" sizes=\"(max-width: 300px) 100vw, 300px\" \/><\/div>\n<\/div>\n","protected":false},"excerpt":{"rendered":"<p>Bir s\u00fcredir tedavi g\u00f6rd\u00fc\u011f\u00fc hastanede hayat\u0131n\u0131 kaybeden Isparta \u015eube Ba\u015fkan\u0131m\u0131z Camal Kurt, Isparta G\u00fcl\u00fcstan Camii\u2019nde k\u0131l\u0131nan \u00f6\u011fle namaz\u0131n\u0131n ard\u0131ndan topra\u011fa verildi. Cenaze t\u00f6renine, Genel Ba\u015fkan\u0131m\u0131z Nihat Yurdakul, \u00fcyelerimiz, milletvekilleri, belediye ba\u015fkanlar\u0131, sendikam\u0131z y\u00f6netici ve \u015fube ba\u015fkanlar\u0131 ile sivil toplum \u00f6rg\u00fctleri ve siyasi partilerin temsilcileri kat\u0131ld\u0131lar. Isparta belediye emek\u00e7ileri ile birlikte verdi\u011fi unutulmaz m\u00fccadeleyle i\u015f\u00e7i s\u0131n\u0131f\u0131 [&hellip;]<\/p>\n","protected":false},"author":4,"featured_media":5635,"comment_status":"open","ping_status":"open","sticky":false,"template":"","format":"standard","meta":{"jnews-multi-image_gallery":[],"jnews_single_post":{"subtitle":""},"jnews_primary_category":[],"jnews_social_meta":[],"jnews_override_counter":[],"footnotes":""},"categories":[1],"tags":[],"class_list":["post-5634","post","type-post","status-publish","format-standard","has-post-thumbnail","hentry","category-genel"],"_links":{"self":[{"href":"https:\/\/belediyeis.org.tr\/merkez\/wp-json\/wp\/v2\/posts\/5634","targetHints":{"allow":["GET"]}}],"collection":[{"href":"https:\/\/belediyeis.org.tr\/merkez\/wp-json\/wp\/v2\/posts"}],"about":[{"href":"https:\/\/belediyeis.org.tr\/merkez\/wp-json\/wp\/v2\/types\/post"}],"author":[{"embeddable":true,"href":"https:\/\/belediyeis.org.tr\/merkez\/wp-json\/wp\/v2\/users\/4"}],"replies":[{"embeddable":true,"href":"https:\/\/belediyeis.org.tr\/merkez\/wp-json\/wp\/v2\/comments?post=5634"}],"version-history":[{"count":1,"href":"https:\/\/belediyeis.org.tr\/merkez\/wp-json\/wp\/v2\/posts\/5634\/revisions"}],"predecessor-version":[{"id":5637,"href":"https:\/\/belediyeis.org.tr\/merkez\/wp-json\/wp\/v2\/posts\/5634\/revisions\/5637"}],"wp:featuredmedia":[{"embeddable":true,"href":"https:\/\/belediyeis.org.tr\/merkez\/wp-json\/wp\/v2\/media\/5635"}],"wp:attachment":[{"href":"https:\/\/belediyeis.org.tr\/merkez\/wp-json\/wp\/v2\/media?parent=5634"}],"wp:term":[{"taxonomy":"category","embeddable":true,"href":"https:\/\/belediyeis.org.tr\/merkez\/wp-json\/wp\/v2\/categories?post=5634"},{"taxonomy":"post_tag","embeddable":true,"href":"https:\/\/belediyeis.org.tr\/merkez\/wp-json\/wp\/v2\/tags?post=5634"}],"curies":[{"name":"wp","href":"https:\/\/api.w.org\/{rel}","templated":true}]}}