{"id":5624,"date":"2025-11-15T13:43:40","date_gmt":"2025-11-15T10:43:40","guid":{"rendered":"https:\/\/belediyeis.org.tr\/merkez\/?p=5624"},"modified":"2025-11-15T13:43:40","modified_gmt":"2025-11-15T10:43:40","slug":"sendikamiz-ankara-sube-2-olagan-genel-kurulu-genel-baskanimiz-nihat-yurdakulun-katilimiyla-yapildi","status":"publish","type":"post","link":"https:\/\/belediyeis.org.tr\/merkez\/2025\/11\/15\/sendikamiz-ankara-sube-2-olagan-genel-kurulu-genel-baskanimiz-nihat-yurdakulun-katilimiyla-yapildi\/","title":{"rendered":"Sendikam\u0131z Ankara \u015eube 2. Ola\u011fan Genel Kurulu Genel Ba\u015fkan\u0131m\u0131z Nihat Yurdakul\u2019un kat\u0131l\u0131m\u0131yla yap\u0131ld\u0131"},"content":{"rendered":"<p>Genel Kurulun Divan Ba\u015fkanl\u0131\u011f\u0131n\u0131 Sendikam\u0131z \u00d6rg\u00fctlenme Genel Sekreteri \u0130smail Duman yaparken, Divan Ba\u015fkan Yard\u0131mc\u0131l\u0131klar\u0131n\u0131 Sendikam\u0131z \u00d6rg\u00fctlenme Uzman\u0131 Burcu G\u00fcrsoy ve \u015eanl\u0131urfa \u015eube Ba\u015fkan\u0131 Adem \u015eiltak, Divan Katip \u00dcyeliklerini ise delegelerimizden Burcu G\u00fcrb\u00fcz ile Sevcan Akdemir \u00fcstlendiler.<\/p>\n<p>Genel Kurula delegelerimizin ve \u00fcyelerimizin yan\u0131 s\u0131ra CHP \u00c7ubuk Gen\u00e7lik Kollar\u0131 Ba\u015fkan\u0131 Bahad\u0131r Aktepe ve Mamak Gen\u00e7lik Kollar\u0131 Ba\u015fkan\u0131 Deniz Can G\u00fcven ile Sendikam\u0131z T\u0130S Genel Sekreteri G\u00fcney Demirda\u015f, Hukuk Ba\u015f M\u00fc\u015faviri Av. Levent Balc\u0131, M\u00fc\u015favir Yard\u0131mc\u0131s\u0131 Av. Ali K\u0131l\u0131\u00e7, Mali \u0130\u015fler M\u00fcd\u00fcr\u00fc Murat K\u00f6ksal, \u0130dari \u0130\u015fler M\u00fcd\u00fcr\u00fc B\u00fclent Yal\u00e7\u0131nkaya ve sendikam\u0131z \u00e7al\u0131\u015fanlar\u0131 kat\u0131ld\u0131.<\/p>\n<p>Genel Kurulun a\u00e7\u0131l\u0131\u015f konu\u015fmas\u0131n\u0131 yapan Genel Ba\u015fkan\u0131m\u0131z Nihat Yurdakul, bu \u00fclkede yar\u0131nlar\u0131ndan emin olan; \u00e7ocuklar\u0131n\u0131n torunlar\u0131n\u0131n gelece\u011fine g\u00fcvenle bakan kimsenin kalmad\u0131\u011f\u0131n\u0131 belirterek, y\u0131llarca \u00e7al\u0131\u015f\u0131p al\u0131nteri d\u00f6kerek emekli olan emek\u00e7ilere en d\u00fc\u015f\u00fck emekli ayl\u0131klar\u0131n\u0131n reva g\u00f6r\u00fcld\u00fc\u011f\u00fcn\u00fc s\u00f6yledi.<\/p>\n<p>\u00dclkenin i\u00e7inde bulundu\u011fu durumda \u00e7a\u011fda\u015f e\u011fitimden, adaletten, hukuktan, demokrasiden, laiklikten bahsetmenin m\u00fcmk\u00fcn olmad\u0131\u011f\u0131n\u0131 vurgulayan Genel Ba\u015fkan\u0131m\u0131z, \u015funlar\u0131 kaydetti:<\/p>\n<p>\u201c\u00dclkenin i\u00e7inde bulundu\u011fu bu karanl\u0131k tablodan \u00e7\u0131k\u0131\u015f\u0131n tek yolu \u00fcniversiteler ve i\u015f\u00e7i s\u0131n\u0131f\u0131n\u0131n bir araya gelmesi. Hizmetler ve sanayi sekt\u00f6r\u00fcnde toplam 19 milyon i\u015f\u00e7iyiz. Bu, \u00e7ok b\u00fcy\u00fck bir g\u00fc\u00e7. Ancak bizim biraraya gelmemizi istemiyorlar, bizi b\u00f6l\u00fcyorlar \u00e7\u00fcnk\u00fc biz biraraya gelirsek \u00e7ok \u015fey de\u011fi\u015fecek. Emek\u00e7inin sa\u011fc\u0131s\u0131 solcusu partisi olmaz. Emek\u00e7inin tek derdi ailesini namerde muhta\u00e7 ettirmemek, \u00e7ocuklar\u0131na torunlar\u0131na g\u00fczel yar\u0131nlar b\u0131rakmakt\u0131r. Sendikalar\u0131n da amac\u0131 emek\u00e7iyi en g\u00fczel en onurlu \u015fekilde ya\u015fayacak seviyeye getirmek i\u00e7in m\u00fccadele etmektir. Bu y\u00fczden sendika \u015fu veya bu yap\u0131n\u0131n kontrol\u00fcnde olamaz. Sendikan\u0131n legal ya da illegal herhangi bir partisi olamaz. Sendika g\u00fcc\u00fcn\u00fc sadece \u00fcyesinden al\u0131r. Sendikalar siyaset de\u011fil politika yapmal\u0131. Siyaset, bir program dahilinde \u00fclkeyi y\u00f6netmeye talip olman\u0131n ad\u0131. Bizim b\u00f6yle bir derdimiz yok. Bizim derdimiz ekmek, bizim derdimiz adalet, bizim derdimiz \u00e7ocuklar\u0131m\u0131za torunlar\u0131m\u0131za g\u00fcvenli bir gelecek b\u0131rakmak\u201d<\/p>\n<p>Genel Ba\u015fkan\u0131m\u0131z, \u201c\u00dclkedeki olumsuzluklar\u0131 ele\u015ftirdi\u011fimizde bize \u2018siz siyaset yap\u0131yorsunuz\u2019 diyorlar. Ben de diyorum ki, evet. Belediye-\u0130\u015f Sendikas\u0131\u2019n\u0131n bir siyasi partisi var. Belediye-\u0130\u015f\u2019in siyasi partisi Mustafa Kemal Atat\u00fcrk\u2019\u00fcn kurdu\u011fu laik T\u00fcrkiye Cumhuriyeti, lideri de Mustafa Kemal Atat\u00fcrk\u2019t\u00fcr. Mustafa Kemal Atat\u00fcrk, \u00e7a\u011fda\u015f e\u011fitim, bilim, insan, kad\u0131n, birey, \u00fcretim, yat\u0131r\u0131m, teknoloji, hak\u00e7a payla\u015f\u0131m diyor. Biz de bunu diyoruz\u201d dedi.<\/p>\n<p>\u0130\u015f\u00e7ilerin, emek\u00e7ilerin birli\u011fi beraberli\u011fi i\u00e7in i\u015fkolunda tek sendika \u00fclkede tek konfederasyon fikrini T\u00fcrkiye\u2019nin her yerinde dile getirdi\u011fine i\u015faret eden Genel Ba\u015fkan\u0131m\u0131z, \u201cT\u00fcrk-\u0130\u015f\u2019in y\u00fcz\u00fc i\u015f\u00e7iye d\u00f6n\u00fck de\u011fil, \u015fu an iyi y\u00f6netilmiyor. E\u011fer T\u00fcrk-\u0130\u015f iyi y\u00f6netilseydi, g\u00fc\u00e7l\u00fc bir sendikal \u00f6rg\u00fct olsayd\u0131 bu adaletsizliklerin, hukuksuzluklar\u0131n \u00e7o\u011fu ya\u015fanmazd\u0131\u201d diye konu\u015ftu.<\/p>\n<p>Genel Ba\u015fkan\u0131m\u0131z, konu\u015fmas\u0131n\u0131n sonunda, genel kurulun \u00f6rg\u00fct\u00fcm\u00fcze ve \u00fclke demokrasisine katk\u0131lar sunmas\u0131n\u0131 diledi ve kurullara se\u00e7ilecek olanlara ba\u015far\u0131lar diledi.<\/p>\n<p>Ankara \u015eube Ba\u015fkan\u0131 Murat Yurdakul da konu\u015fmas\u0131nda gen\u00e7 bir \u015fube olarak k\u0131sa d\u00f6nemde b\u00fcy\u00fck saha \u00f6rg\u00fctlenmeleri ger\u00e7ekle\u015ftirdiklerini belirtti. Pek \u00e7ok siyasi bask\u0131, tehdit ve bask\u0131yla kar\u015f\u0131 kar\u015f\u0131ya kal\u0131nd\u0131\u011f\u0131n\u0131 ifade eden Yurdakul, s\u0131k\u0131nt\u0131lar kar\u015f\u0131s\u0131nda birlik olarak dayan\u0131\u015fma i\u00e7inde m\u00fccadele edildi\u011fini, \u00f6n\u00fcm\u00fczdeki d\u00f6nem daha dinamik bir \u00f6rg\u00fctlenme s\u00fcrecine girilece\u011fini s\u00f6yledi.<\/p>\n<p>Genel Kurulda, konu\u015fmalar\u0131n ard\u0131ndan raporlar g\u00f6r\u00fc\u015f\u00fcl\u00fcp ibra edilmesine ve sonras\u0131nda da se\u00e7imlere ge\u00e7ildi. Yap\u0131lan se\u00e7imlerin sonucu kurullara se\u00e7ilenlere ba\u015far\u0131lar dileriz.<\/p>\n<div id='gallery_1' class='gallery galleryid-5624 gallery-columns-2 gallery-size-large'><figure class='gallery-item'>\n                <div class='gallery-icon landscape'>\n                    <a href='https:\/\/belediyeis.org.tr\/merkez\/wp-content\/uploads\/2025\/11\/DSC_1475-scaled.jpg'><img fetchpriority=\"high\" decoding=\"async\" width=\"1024\" height=\"683\" src=\"\" class=\"attachment-large size-large lazyload\" alt=\"\" data-src=\"https:\/\/belediyeis.org.tr\/merkez\/wp-content\/uploads\/2025\/11\/DSC_1475-1024x683.jpg\" data-sizes=\"auto\" data-srcset=\"https:\/\/belediyeis.org.tr\/merkez\/wp-content\/uploads\/2025\/11\/DSC_1475-1024x683.jpg 1024w, https:\/\/belediyeis.org.tr\/merkez\/wp-content\/uploads\/2025\/11\/DSC_1475-300x200.jpg 300w, https:\/\/belediyeis.org.tr\/merkez\/wp-content\/uploads\/2025\/11\/DSC_1475-768x512.jpg 768w, https:\/\/belediyeis.org.tr\/merkez\/wp-content\/uploads\/2025\/11\/DSC_1475-1536x1024.jpg 1536w, https:\/\/belediyeis.org.tr\/merkez\/wp-content\/uploads\/2025\/11\/DSC_1475-2048x1365.jpg 2048w, https:\/\/belediyeis.org.tr\/merkez\/wp-content\/uploads\/2025\/11\/DSC_1475-750x500.jpg 750w, https:\/\/belediyeis.org.tr\/merkez\/wp-content\/uploads\/2025\/11\/DSC_1475-1140x760.jpg 1140w\" data-expand=\"700\" \/><\/a>\n                <\/div><\/figure><figure class='gallery-item'>\n                <div class='gallery-icon landscape'>\n                    <a href='https:\/\/belediyeis.org.tr\/merkez\/wp-content\/uploads\/2025\/11\/DSC_1455-scaled.jpg'><img decoding=\"async\" width=\"1024\" height=\"683\" src=\"\" class=\"attachment-large size-large lazyload\" alt=\"\" data-src=\"https:\/\/belediyeis.org.tr\/merkez\/wp-content\/uploads\/2025\/11\/DSC_1455-1024x683.jpg\" data-sizes=\"auto\" data-srcset=\"https:\/\/belediyeis.org.tr\/merkez\/wp-content\/uploads\/2025\/11\/DSC_1455-1024x683.jpg 1024w, https:\/\/belediyeis.org.tr\/merkez\/wp-content\/uploads\/2025\/11\/DSC_1455-300x200.jpg 300w, https:\/\/belediyeis.org.tr\/merkez\/wp-content\/uploads\/2025\/11\/DSC_1455-768x512.jpg 768w, https:\/\/belediyeis.org.tr\/merkez\/wp-content\/uploads\/2025\/11\/DSC_1455-1536x1024.jpg 1536w, https:\/\/belediyeis.org.tr\/merkez\/wp-content\/uploads\/2025\/11\/DSC_1455-2048x1365.jpg 2048w, https:\/\/belediyeis.org.tr\/merkez\/wp-content\/uploads\/2025\/11\/DSC_1455-750x500.jpg 750w, https:\/\/belediyeis.org.tr\/merkez\/wp-content\/uploads\/2025\/11\/DSC_1455-1140x760.jpg 1140w\" data-expand=\"700\" \/><\/a>\n                <\/div><\/figure><br style=\"clear: both\" \/><figure class='gallery-item'>\n                <div class='gallery-icon landscape'>\n                    <a href='https:\/\/belediyeis.org.tr\/merkez\/wp-content\/uploads\/2025\/11\/DSC_1452-scaled.jpg'><img decoding=\"async\" width=\"1024\" height=\"683\" src=\"\" class=\"attachment-large size-large lazyload\" alt=\"\" data-src=\"https:\/\/belediyeis.org.tr\/merkez\/wp-content\/uploads\/2025\/11\/DSC_1452-1024x683.jpg\" data-sizes=\"auto\" data-srcset=\"https:\/\/belediyeis.org.tr\/merkez\/wp-content\/uploads\/2025\/11\/DSC_1452-1024x683.jpg 1024w, https:\/\/belediyeis.org.tr\/merkez\/wp-content\/uploads\/2025\/11\/DSC_1452-300x200.jpg 300w, https:\/\/belediyeis.org.tr\/merkez\/wp-content\/uploads\/2025\/11\/DSC_1452-768x512.jpg 768w, https:\/\/belediyeis.org.tr\/merkez\/wp-content\/uploads\/2025\/11\/DSC_1452-1536x1024.jpg 1536w, https:\/\/belediyeis.org.tr\/merkez\/wp-content\/uploads\/2025\/11\/DSC_1452-2048x1365.jpg 2048w, https:\/\/belediyeis.org.tr\/merkez\/wp-content\/uploads\/2025\/11\/DSC_1452-750x500.jpg 750w, https:\/\/belediyeis.org.tr\/merkez\/wp-content\/uploads\/2025\/11\/DSC_1452-1140x760.jpg 1140w\" data-expand=\"700\" \/><\/a>\n                <\/div><\/figure><figure class='gallery-item'>\n                <div class='gallery-icon landscape'>\n                    <a href='https:\/\/belediyeis.org.tr\/merkez\/wp-content\/uploads\/2025\/11\/DSC_1464-scaled.jpg'><img loading=\"lazy\" decoding=\"async\" width=\"1024\" height=\"683\" src=\"\" class=\"attachment-large size-large lazyload\" alt=\"\" data-src=\"https:\/\/belediyeis.org.tr\/merkez\/wp-content\/uploads\/2025\/11\/DSC_1464-1024x683.jpg\" data-sizes=\"auto\" data-srcset=\"https:\/\/belediyeis.org.tr\/merkez\/wp-content\/uploads\/2025\/11\/DSC_1464-1024x683.jpg 1024w, https:\/\/belediyeis.org.tr\/merkez\/wp-content\/uploads\/2025\/11\/DSC_1464-300x200.jpg 300w, https:\/\/belediyeis.org.tr\/merkez\/wp-content\/uploads\/2025\/11\/DSC_1464-768x512.jpg 768w, https:\/\/belediyeis.org.tr\/merkez\/wp-content\/uploads\/2025\/11\/DSC_1464-1536x1024.jpg 1536w, https:\/\/belediyeis.org.tr\/merkez\/wp-content\/uploads\/2025\/11\/DSC_1464-2048x1365.jpg 2048w, https:\/\/belediyeis.org.tr\/merkez\/wp-content\/uploads\/2025\/11\/DSC_1464-750x500.jpg 750w, https:\/\/belediyeis.org.tr\/merkez\/wp-content\/uploads\/2025\/11\/DSC_1464-1140x760.jpg 1140w\" data-expand=\"700\" \/><\/a>\n                <\/div><\/figure><br style=\"clear: both\" \/><figure class='gallery-item'>\n                <div class='gallery-icon landscape'>\n                    <a href='https:\/\/belediyeis.org.tr\/merkez\/wp-content\/uploads\/2025\/11\/DSC_1547-scaled.jpg'><img loading=\"lazy\" decoding=\"async\" width=\"1024\" height=\"683\" src=\"\" class=\"attachment-large size-large lazyload\" alt=\"\" data-src=\"https:\/\/belediyeis.org.tr\/merkez\/wp-content\/uploads\/2025\/11\/DSC_1547-1024x683.jpg\" data-sizes=\"auto\" data-srcset=\"https:\/\/belediyeis.org.tr\/merkez\/wp-content\/uploads\/2025\/11\/DSC_1547-1024x683.jpg 1024w, https:\/\/belediyeis.org.tr\/merkez\/wp-content\/uploads\/2025\/11\/DSC_1547-300x200.jpg 300w, https:\/\/belediyeis.org.tr\/merkez\/wp-content\/uploads\/2025\/11\/DSC_1547-768x512.jpg 768w, https:\/\/belediyeis.org.tr\/merkez\/wp-content\/uploads\/2025\/11\/DSC_1547-1536x1024.jpg 1536w, https:\/\/belediyeis.org.tr\/merkez\/wp-content\/uploads\/2025\/11\/DSC_1547-2048x1365.jpg 2048w, https:\/\/belediyeis.org.tr\/merkez\/wp-content\/uploads\/2025\/11\/DSC_1547-750x500.jpg 750w, https:\/\/belediyeis.org.tr\/merkez\/wp-content\/uploads\/2025\/11\/DSC_1547-1140x760.jpg 1140w\" data-expand=\"700\" \/><\/a>\n                <\/div><\/figure><figure class='gallery-item'>\n                <div class='gallery-icon landscape'>\n                    <a href='https:\/\/belediyeis.org.tr\/merkez\/wp-content\/uploads\/2025\/11\/DSC_1488-scaled.jpg'><img loading=\"lazy\" decoding=\"async\" width=\"1024\" height=\"683\" src=\"\" class=\"attachment-large size-large lazyload\" alt=\"\" data-src=\"https:\/\/belediyeis.org.tr\/merkez\/wp-content\/uploads\/2025\/11\/DSC_1488-1024x683.jpg\" data-sizes=\"auto\" data-srcset=\"https:\/\/belediyeis.org.tr\/merkez\/wp-content\/uploads\/2025\/11\/DSC_1488-1024x683.jpg 1024w, https:\/\/belediyeis.org.tr\/merkez\/wp-content\/uploads\/2025\/11\/DSC_1488-300x200.jpg 300w, https:\/\/belediyeis.org.tr\/merkez\/wp-content\/uploads\/2025\/11\/DSC_1488-768x512.jpg 768w, https:\/\/belediyeis.org.tr\/merkez\/wp-content\/uploads\/2025\/11\/DSC_1488-1536x1024.jpg 1536w, https:\/\/belediyeis.org.tr\/merkez\/wp-content\/uploads\/2025\/11\/DSC_1488-2048x1365.jpg 2048w, https:\/\/belediyeis.org.tr\/merkez\/wp-content\/uploads\/2025\/11\/DSC_1488-750x500.jpg 750w, https:\/\/belediyeis.org.tr\/merkez\/wp-content\/uploads\/2025\/11\/DSC_1488-1140x760.jpg 1140w\" data-expand=\"700\" \/><\/a>\n                <\/div><\/figure><br style=\"clear: both\" \/><figure class='gallery-item'>\n                <div class='gallery-icon landscape'>\n                    <a href='https:\/\/belediyeis.org.tr\/merkez\/wp-content\/uploads\/2025\/11\/DSC_1499-scaled.jpg'><img loading=\"lazy\" decoding=\"async\" width=\"1024\" height=\"683\" src=\"\" class=\"attachment-large size-large lazyload\" alt=\"\" data-src=\"https:\/\/belediyeis.org.tr\/merkez\/wp-content\/uploads\/2025\/11\/DSC_1499-1024x683.jpg\" data-sizes=\"auto\" data-srcset=\"https:\/\/belediyeis.org.tr\/merkez\/wp-content\/uploads\/2025\/11\/DSC_1499-1024x683.jpg 1024w, https:\/\/belediyeis.org.tr\/merkez\/wp-content\/uploads\/2025\/11\/DSC_1499-300x200.jpg 300w, https:\/\/belediyeis.org.tr\/merkez\/wp-content\/uploads\/2025\/11\/DSC_1499-768x512.jpg 768w, https:\/\/belediyeis.org.tr\/merkez\/wp-content\/uploads\/2025\/11\/DSC_1499-1536x1024.jpg 1536w, https:\/\/belediyeis.org.tr\/merkez\/wp-content\/uploads\/2025\/11\/DSC_1499-2048x1365.jpg 2048w, https:\/\/belediyeis.org.tr\/merkez\/wp-content\/uploads\/2025\/11\/DSC_1499-750x500.jpg 750w, https:\/\/belediyeis.org.tr\/merkez\/wp-content\/uploads\/2025\/11\/DSC_1499-1140x760.jpg 1140w\" data-expand=\"700\" \/><\/a>\n                <\/div><\/figure>\n                <br style='clear: both' \/>\n            <\/div>\n\n","protected":false},"excerpt":{"rendered":"<p>Genel Kurulun Divan Ba\u015fkanl\u0131\u011f\u0131n\u0131 Sendikam\u0131z \u00d6rg\u00fctlenme Genel Sekreteri \u0130smail Duman yaparken, Divan Ba\u015fkan Yard\u0131mc\u0131l\u0131klar\u0131n\u0131 Sendikam\u0131z \u00d6rg\u00fctlenme Uzman\u0131 Burcu G\u00fcrsoy ve \u015eanl\u0131urfa \u015eube Ba\u015fkan\u0131 Adem \u015eiltak, Divan Katip \u00dcyeliklerini ise delegelerimizden Burcu G\u00fcrb\u00fcz ile Sevcan Akdemir \u00fcstlendiler. Genel Kurula delegelerimizin ve \u00fcyelerimizin yan\u0131 s\u0131ra CHP \u00c7ubuk Gen\u00e7lik Kollar\u0131 Ba\u015fkan\u0131 Bahad\u0131r Aktepe ve Mamak Gen\u00e7lik Kollar\u0131 Ba\u015fkan\u0131 [&hellip;]<\/p>\n","protected":false},"author":3,"featured_media":5625,"comment_status":"open","ping_status":"open","sticky":false,"template":"","format":"standard","meta":{"jnews-multi-image_gallery":[],"jnews_single_post":{"subtitle":""},"jnews_primary_category":[],"jnews_social_meta":[],"jnews_override_counter":[],"footnotes":""},"categories":[1],"tags":[],"class_list":["post-5624","post","type-post","status-publish","format-standard","has-post-thumbnail","hentry","category-genel"],"_links":{"self":[{"href":"https:\/\/belediyeis.org.tr\/merkez\/wp-json\/wp\/v2\/posts\/5624","targetHints":{"allow":["GET"]}}],"collection":[{"href":"https:\/\/belediyeis.org.tr\/merkez\/wp-json\/wp\/v2\/posts"}],"about":[{"href":"https:\/\/belediyeis.org.tr\/merkez\/wp-json\/wp\/v2\/types\/post"}],"author":[{"embeddable":true,"href":"https:\/\/belediyeis.org.tr\/merkez\/wp-json\/wp\/v2\/users\/3"}],"replies":[{"embeddable":true,"href":"https:\/\/belediyeis.org.tr\/merkez\/wp-json\/wp\/v2\/comments?post=5624"}],"version-history":[{"count":1,"href":"https:\/\/belediyeis.org.tr\/merkez\/wp-json\/wp\/v2\/posts\/5624\/revisions"}],"predecessor-version":[{"id":5633,"href":"https:\/\/belediyeis.org.tr\/merkez\/wp-json\/wp\/v2\/posts\/5624\/revisions\/5633"}],"wp:featuredmedia":[{"embeddable":true,"href":"https:\/\/belediyeis.org.tr\/merkez\/wp-json\/wp\/v2\/media\/5625"}],"wp:attachment":[{"href":"https:\/\/belediyeis.org.tr\/merkez\/wp-json\/wp\/v2\/media?parent=5624"}],"wp:term":[{"taxonomy":"category","embeddable":true,"href":"https:\/\/belediyeis.org.tr\/merkez\/wp-json\/wp\/v2\/categories?post=5624"},{"taxonomy":"post_tag","embeddable":true,"href":"https:\/\/belediyeis.org.tr\/merkez\/wp-json\/wp\/v2\/tags?post=5624"}],"curies":[{"name":"wp","href":"https:\/\/api.w.org\/{rel}","templated":true}]}}