{"id":5618,"date":"2025-11-14T12:18:43","date_gmt":"2025-11-14T09:18:43","guid":{"rendered":"https:\/\/belediyeis.org.tr\/merkez\/?p=5618"},"modified":"2025-11-14T12:18:43","modified_gmt":"2025-11-14T09:18:43","slug":"sendikamiz-sanliurfa-sube-baskani-adem-siltak-ve-sube-yonetim-kurulu-uyeleri-genel-baskanimiz-nihat-yurdakulu-ziyaret-ettiler","status":"publish","type":"post","link":"https:\/\/belediyeis.org.tr\/merkez\/2025\/11\/14\/sendikamiz-sanliurfa-sube-baskani-adem-siltak-ve-sube-yonetim-kurulu-uyeleri-genel-baskanimiz-nihat-yurdakulu-ziyaret-ettiler\/","title":{"rendered":"Sendikam\u0131z \u015eanl\u0131urfa \u015eube Ba\u015fkan\u0131 Adem \u015eiltak ve \u015eube Y\u00f6netim Kurulu \u00dcyeleri, Genel Ba\u015fkan\u0131m\u0131z Nihat Yurdakul\u2019u ziyaret ettiler."},"content":{"rendered":"<p>Genel Ba\u015fkan\u0131m\u0131z, yeni se\u00e7ilen \u015eanl\u0131urfa \u015eube y\u00f6netimini tebrik ederek \u00e7al\u0131\u015fmalar\u0131nda ba\u015far\u0131lar diledi.<\/p>\n<p><img fetchpriority=\"high\" decoding=\"async\" class=\"alignnone size-medium wp-image-5620\" src=\"http:\/\/belediyeis.org.tr\/merkez\/wp-content\/uploads\/2025\/11\/DSC_1396-300x200.jpg\" alt=\"\" width=\"300\" height=\"200\" srcset=\"https:\/\/belediyeis.org.tr\/merkez\/wp-content\/uploads\/2025\/11\/DSC_1396-300x200.jpg 300w, https:\/\/belediyeis.org.tr\/merkez\/wp-content\/uploads\/2025\/11\/DSC_1396-1024x683.jpg 1024w, https:\/\/belediyeis.org.tr\/merkez\/wp-content\/uploads\/2025\/11\/DSC_1396-768x512.jpg 768w, https:\/\/belediyeis.org.tr\/merkez\/wp-content\/uploads\/2025\/11\/DSC_1396-1536x1024.jpg 1536w, https:\/\/belediyeis.org.tr\/merkez\/wp-content\/uploads\/2025\/11\/DSC_1396-2048x1365.jpg 2048w, https:\/\/belediyeis.org.tr\/merkez\/wp-content\/uploads\/2025\/11\/DSC_1396-750x500.jpg 750w, https:\/\/belediyeis.org.tr\/merkez\/wp-content\/uploads\/2025\/11\/DSC_1396-1140x760.jpg 1140w\" sizes=\"(max-width: 300px) 100vw, 300px\" \/> <img decoding=\"async\" class=\"alignnone size-medium wp-image-5621\" src=\"http:\/\/belediyeis.org.tr\/merkez\/wp-content\/uploads\/2025\/11\/DSC_1403-300x200.jpg\" alt=\"\" width=\"300\" height=\"200\" srcset=\"https:\/\/belediyeis.org.tr\/merkez\/wp-content\/uploads\/2025\/11\/DSC_1403-300x200.jpg 300w, https:\/\/belediyeis.org.tr\/merkez\/wp-content\/uploads\/2025\/11\/DSC_1403-1024x683.jpg 1024w, https:\/\/belediyeis.org.tr\/merkez\/wp-content\/uploads\/2025\/11\/DSC_1403-768x512.jpg 768w, https:\/\/belediyeis.org.tr\/merkez\/wp-content\/uploads\/2025\/11\/DSC_1403-1536x1024.jpg 1536w, https:\/\/belediyeis.org.tr\/merkez\/wp-content\/uploads\/2025\/11\/DSC_1403-2048x1365.jpg 2048w, https:\/\/belediyeis.org.tr\/merkez\/wp-content\/uploads\/2025\/11\/DSC_1403-750x500.jpg 750w, https:\/\/belediyeis.org.tr\/merkez\/wp-content\/uploads\/2025\/11\/DSC_1403-1140x760.jpg 1140w\" sizes=\"(max-width: 300px) 100vw, 300px\" \/><\/p>\n<p>&nbsp;<\/p>\n<p>&nbsp;<\/p>\n","protected":false},"excerpt":{"rendered":"<p>Genel Ba\u015fkan\u0131m\u0131z, yeni se\u00e7ilen \u015eanl\u0131urfa \u015eube y\u00f6netimini tebrik ederek \u00e7al\u0131\u015fmalar\u0131nda ba\u015far\u0131lar diledi. &nbsp; &nbsp;<\/p>\n","protected":false},"author":4,"featured_media":5619,"comment_status":"open","ping_status":"open","sticky":false,"template":"","format":"standard","meta":{"jnews-multi-image_gallery":[],"jnews_single_post":{"subtitle":""},"jnews_primary_category":[],"jnews_social_meta":[],"jnews_override_counter":[],"footnotes":""},"categories":[1],"tags":[309],"class_list":["post-5618","post","type-post","status-publish","format-standard","has-post-thumbnail","hentry","category-genel","tag-sube-ziyaret"],"_links":{"self":[{"href":"https:\/\/belediyeis.org.tr\/merkez\/wp-json\/wp\/v2\/posts\/5618","targetHints":{"allow":["GET"]}}],"collection":[{"href":"https:\/\/belediyeis.org.tr\/merkez\/wp-json\/wp\/v2\/posts"}],"about":[{"href":"https:\/\/belediyeis.org.tr\/merkez\/wp-json\/wp\/v2\/types\/post"}],"author":[{"embeddable":true,"href":"https:\/\/belediyeis.org.tr\/merkez\/wp-json\/wp\/v2\/users\/4"}],"replies":[{"embeddable":true,"href":"https:\/\/belediyeis.org.tr\/merkez\/wp-json\/wp\/v2\/comments?post=5618"}],"version-history":[{"count":1,"href":"https:\/\/belediyeis.org.tr\/merkez\/wp-json\/wp\/v2\/posts\/5618\/revisions"}],"predecessor-version":[{"id":5622,"href":"https:\/\/belediyeis.org.tr\/merkez\/wp-json\/wp\/v2\/posts\/5618\/revisions\/5622"}],"wp:featuredmedia":[{"embeddable":true,"href":"https:\/\/belediyeis.org.tr\/merkez\/wp-json\/wp\/v2\/media\/5619"}],"wp:attachment":[{"href":"https:\/\/belediyeis.org.tr\/merkez\/wp-json\/wp\/v2\/media?parent=5618"}],"wp:term":[{"taxonomy":"category","embeddable":true,"href":"https:\/\/belediyeis.org.tr\/merkez\/wp-json\/wp\/v2\/categories?post=5618"},{"taxonomy":"post_tag","embeddable":true,"href":"https:\/\/belediyeis.org.tr\/merkez\/wp-json\/wp\/v2\/tags?post=5618"}],"curies":[{"name":"wp","href":"https:\/\/api.w.org\/{rel}","templated":true}]}}