{"id":5616,"date":"2025-11-13T13:40:32","date_gmt":"2025-11-13T10:40:32","guid":{"rendered":"https:\/\/belediyeis.org.tr\/merkez\/?p=5616"},"modified":"2025-11-13T13:40:32","modified_gmt":"2025-11-13T10:40:32","slug":"belediye-is-sendikasi-bolu-subesi-olaganustu-genel-kurul-ilani-2","status":"publish","type":"post","link":"https:\/\/belediyeis.org.tr\/merkez\/2025\/11\/13\/belediye-is-sendikasi-bolu-subesi-olaganustu-genel-kurul-ilani-2\/","title":{"rendered":"BELED\u0130YE-\u0130\u015e SEND\u0130KASI BOLU \u015eUBES\u0130 OLA\u011eAN\u00dcST\u00dc GENEL KURUL \u0130LANI"},"content":{"rendered":"<p>Belediye-\u0130\u015f Sendikas\u0131 Bolu \u015eube\u2019nin Ola\u011fan\u00fcst\u00fc Genel Kurulu 30 Kas\u0131m 2025 Pazar g\u00fcn\u00fc Saat:10.00\u2019da a\u015fa\u011f\u0131da ilan edilen g\u00fcndem gere\u011fince, Pa\u015fak\u00f6y Mahallesi Eski \u0130stanbul Caddesi No:73 Merkez\/Bolu adresinde Hampton By Hilton Toplant\u0131 salonunda toplanmas\u0131na, Bu toplant\u0131da \u00e7o\u011funlu\u011fun sa\u011flanamamas\u0131 halinde ikinci toplant\u0131n\u0131n, 07 Aral\u0131k 2025 Pazar Saat:10.00\u2019da yine ayn\u0131 adreste yap\u0131lmas\u0131na,<\/p>\n<p>6356 Say\u0131l\u0131 Sendikalar ve Toplu \u0130\u015f S\u00f6zle\u015fmesi Kanunu ve Sendika Ana T\u00fcz\u00fc\u011f\u00fc\u2019n\u00fcn ilgili maddeleri gere\u011fince ilan olunur.<\/p>\n<p>&nbsp;<\/p>\n<p><strong>Belediye-\u0130\u015f Sendikas\u0131<\/strong><br \/>\n<strong>Bolu \u015eube Y\u00f6netim Kurulu<\/strong><\/p>\n<p>&nbsp;<\/p>\n<p><strong>G \u00dc N D E M:<\/strong><\/p>\n<p>1.Yoklama ve A\u00e7\u0131l\u0131\u015f,<br \/>\n2. Divan\u0131 se\u00e7imi,<br \/>\n3.Sayg\u0131 Duru\u015fu ve \u0130stiklal Mar\u015f\u0131,<br \/>\n4.Se\u00e7imler (Y\u00f6netim, Denetleme, Disiplin kurullar\u0131 asil ve yedekler),<br \/>\n5.Kapan\u0131\u015f.<\/p>\n<p><strong>\u0130lan Yay\u0131n Tarihi:<\/strong>13.11.2025<\/p>\n","protected":false},"excerpt":{"rendered":"<p>Belediye-\u0130\u015f Sendikas\u0131 Bolu \u015eube\u2019nin Ola\u011fan\u00fcst\u00fc Genel Kurulu 30 Kas\u0131m 2025 Pazar g\u00fcn\u00fc Saat:10.00\u2019da a\u015fa\u011f\u0131da ilan edilen g\u00fcndem gere\u011fince, Pa\u015fak\u00f6y Mahallesi Eski \u0130stanbul Caddesi No:73 Merkez\/Bolu adresinde Hampton By Hilton Toplant\u0131 salonunda toplanmas\u0131na, Bu toplant\u0131da \u00e7o\u011funlu\u011fun sa\u011flanamamas\u0131 halinde ikinci toplant\u0131n\u0131n, 07 Aral\u0131k 2025 Pazar Saat:10.00\u2019da yine ayn\u0131 adreste yap\u0131lmas\u0131na, 6356 Say\u0131l\u0131 Sendikalar ve Toplu \u0130\u015f S\u00f6zle\u015fmesi [&hellip;]<\/p>\n","protected":false},"author":2,"featured_media":5206,"comment_status":"open","ping_status":"open","sticky":false,"template":"","format":"standard","meta":{"jnews-multi-image_gallery":[],"jnews_single_post":{"subtitle":""},"jnews_primary_category":[],"jnews_social_meta":[],"jnews_override_counter":[],"footnotes":""},"categories":[1],"tags":[],"class_list":["post-5616","post","type-post","status-publish","format-standard","has-post-thumbnail","hentry","category-genel"],"_links":{"self":[{"href":"https:\/\/belediyeis.org.tr\/merkez\/wp-json\/wp\/v2\/posts\/5616","targetHints":{"allow":["GET"]}}],"collection":[{"href":"https:\/\/belediyeis.org.tr\/merkez\/wp-json\/wp\/v2\/posts"}],"about":[{"href":"https:\/\/belediyeis.org.tr\/merkez\/wp-json\/wp\/v2\/types\/post"}],"author":[{"embeddable":true,"href":"https:\/\/belediyeis.org.tr\/merkez\/wp-json\/wp\/v2\/users\/2"}],"replies":[{"embeddable":true,"href":"https:\/\/belediyeis.org.tr\/merkez\/wp-json\/wp\/v2\/comments?post=5616"}],"version-history":[{"count":1,"href":"https:\/\/belediyeis.org.tr\/merkez\/wp-json\/wp\/v2\/posts\/5616\/revisions"}],"predecessor-version":[{"id":5617,"href":"https:\/\/belediyeis.org.tr\/merkez\/wp-json\/wp\/v2\/posts\/5616\/revisions\/5617"}],"wp:featuredmedia":[{"embeddable":true,"href":"https:\/\/belediyeis.org.tr\/merkez\/wp-json\/wp\/v2\/media\/5206"}],"wp:attachment":[{"href":"https:\/\/belediyeis.org.tr\/merkez\/wp-json\/wp\/v2\/media?parent=5616"}],"wp:term":[{"taxonomy":"category","embeddable":true,"href":"https:\/\/belediyeis.org.tr\/merkez\/wp-json\/wp\/v2\/categories?post=5616"},{"taxonomy":"post_tag","embeddable":true,"href":"https:\/\/belediyeis.org.tr\/merkez\/wp-json\/wp\/v2\/tags?post=5616"}],"curies":[{"name":"wp","href":"https:\/\/api.w.org\/{rel}","templated":true}]}}