{"id":5600,"date":"2025-11-09T17:03:41","date_gmt":"2025-11-09T14:03:41","guid":{"rendered":"https:\/\/belediyeis.org.tr\/merkez\/?p=5600"},"modified":"2025-11-09T17:03:41","modified_gmt":"2025-11-09T14:03:41","slug":"sanliurfa-subenin-13-olagan-genel-kurulu-yapildi","status":"publish","type":"post","link":"https:\/\/belediyeis.org.tr\/merkez\/2025\/11\/09\/sanliurfa-subenin-13-olagan-genel-kurulu-yapildi\/","title":{"rendered":"\u015eanl\u0131urfa \u015eube\u2019nin 13. Ola\u011fan Genel Kurulu yap\u0131ld\u0131."},"content":{"rendered":"<p>Delegelerimizin ve \u00fcyelerimizin kat\u0131l\u0131m\u0131yla ger\u00e7ekle\u015ftirilen genel kurulun Divan Ba\u015fkanl\u0131\u011f\u0131n\u0131 sendikam\u0131z Toplu \u0130\u015f S\u00f6zle\u015fmeleri Genel Sekreteri G\u00fcney Demirda\u015f yaparken, Divan Ba\u015fkan Yard\u0131mc\u0131l\u0131klar\u0131n\u0131 Diyarbak\u0131r \u015eube Ba\u015fkan\u0131 Mehmet Salih Gezen ile \u015eanl\u0131urfa 2 Nolu \u015eube Ba\u015fkan\u0131 Nurullah Eyy\u00fcpo\u011flu, Divan Katip \u00dcyeliklerini ise Genel Denetleme Kurulu Ba\u015fkan\u0131 Sadiye Bulut ile \u00fcyemiz Zeynep Y\u0131lmaztekin Y\u0131ld\u0131z \u00fcstlendiler.<\/p>\n<p>Genel Kurula delegelerimizin ve \u00fcyelerimizin yan\u0131 s\u0131ra, Ad\u0131yaman Besni Belediye Ba\u015fkan\u0131 Re\u015fit Alkan, Besni Belediye Ba\u015fkan Yard\u0131mc\u0131s\u0131 Haci Ali Ormank\u0131ran, Sa\u011fl\u0131k-\u0130\u015f \u015eanl\u0131urfa \u015eube Ba\u015fkan\u0131 Ramazan G\u00fcne\u015f, Memur-Sen \u015eanl\u0131urfa \u0130l Ba\u015fkan\u0131 \u0130brahim Co\u015fkun kat\u0131ld\u0131lar.<\/p>\n<p>Genel kurulda yap\u0131lan se\u00e7imler sonucu kurullara se\u00e7ilenlere ba\u015far\u0131lar dileriz.<\/p>\n<p><img fetchpriority=\"high\" decoding=\"async\" class=\"alignnone size-medium wp-image-5602\" src=\"http:\/\/belediyeis.org.tr\/merkez\/wp-content\/uploads\/2025\/11\/WhatsApp-Image-2025-11-09-at-14.22.03-300x225.jpeg\" alt=\"\" width=\"300\" height=\"225\" srcset=\"https:\/\/belediyeis.org.tr\/merkez\/wp-content\/uploads\/2025\/11\/WhatsApp-Image-2025-11-09-at-14.22.03-300x225.jpeg 300w, https:\/\/belediyeis.org.tr\/merkez\/wp-content\/uploads\/2025\/11\/WhatsApp-Image-2025-11-09-at-14.22.03-1024x768.jpeg 1024w, https:\/\/belediyeis.org.tr\/merkez\/wp-content\/uploads\/2025\/11\/WhatsApp-Image-2025-11-09-at-14.22.03-768x576.jpeg 768w, https:\/\/belediyeis.org.tr\/merkez\/wp-content\/uploads\/2025\/11\/WhatsApp-Image-2025-11-09-at-14.22.03-1536x1152.jpeg 1536w, https:\/\/belediyeis.org.tr\/merkez\/wp-content\/uploads\/2025\/11\/WhatsApp-Image-2025-11-09-at-14.22.03-750x563.jpeg 750w, https:\/\/belediyeis.org.tr\/merkez\/wp-content\/uploads\/2025\/11\/WhatsApp-Image-2025-11-09-at-14.22.03-1140x855.jpeg 1140w, https:\/\/belediyeis.org.tr\/merkez\/wp-content\/uploads\/2025\/11\/WhatsApp-Image-2025-11-09-at-14.22.03.jpeg 1600w\" sizes=\"(max-width: 300px) 100vw, 300px\" \/> <img decoding=\"async\" class=\"alignnone size-medium wp-image-5603\" src=\"http:\/\/belediyeis.org.tr\/merkez\/wp-content\/uploads\/2025\/11\/WhatsApp-Image-2025-11-09-at-14.22.32-300x169.jpeg\" alt=\"\" width=\"300\" height=\"169\" srcset=\"https:\/\/belediyeis.org.tr\/merkez\/wp-content\/uploads\/2025\/11\/WhatsApp-Image-2025-11-09-at-14.22.32-300x169.jpeg 300w, https:\/\/belediyeis.org.tr\/merkez\/wp-content\/uploads\/2025\/11\/WhatsApp-Image-2025-11-09-at-14.22.32-1024x576.jpeg 1024w, https:\/\/belediyeis.org.tr\/merkez\/wp-content\/uploads\/2025\/11\/WhatsApp-Image-2025-11-09-at-14.22.32-768x432.jpeg 768w, https:\/\/belediyeis.org.tr\/merkez\/wp-content\/uploads\/2025\/11\/WhatsApp-Image-2025-11-09-at-14.22.32-1536x864.jpeg 1536w, https:\/\/belediyeis.org.tr\/merkez\/wp-content\/uploads\/2025\/11\/WhatsApp-Image-2025-11-09-at-14.22.32-750x422.jpeg 750w, https:\/\/belediyeis.org.tr\/merkez\/wp-content\/uploads\/2025\/11\/WhatsApp-Image-2025-11-09-at-14.22.32-1140x641.jpeg 1140w, https:\/\/belediyeis.org.tr\/merkez\/wp-content\/uploads\/2025\/11\/WhatsApp-Image-2025-11-09-at-14.22.32.jpeg 1600w\" sizes=\"(max-width: 300px) 100vw, 300px\" \/><\/p>\n","protected":false},"excerpt":{"rendered":"<p>Delegelerimizin ve \u00fcyelerimizin kat\u0131l\u0131m\u0131yla ger\u00e7ekle\u015ftirilen genel kurulun Divan Ba\u015fkanl\u0131\u011f\u0131n\u0131 sendikam\u0131z Toplu \u0130\u015f S\u00f6zle\u015fmeleri Genel Sekreteri G\u00fcney Demirda\u015f yaparken, Divan Ba\u015fkan Yard\u0131mc\u0131l\u0131klar\u0131n\u0131 Diyarbak\u0131r \u015eube Ba\u015fkan\u0131 Mehmet Salih Gezen ile \u015eanl\u0131urfa 2 Nolu \u015eube Ba\u015fkan\u0131 Nurullah Eyy\u00fcpo\u011flu, Divan Katip \u00dcyeliklerini ise Genel Denetleme Kurulu Ba\u015fkan\u0131 Sadiye Bulut ile \u00fcyemiz Zeynep Y\u0131lmaztekin Y\u0131ld\u0131z \u00fcstlendiler. Genel Kurula delegelerimizin ve [&hellip;]<\/p>\n","protected":false},"author":4,"featured_media":5601,"comment_status":"open","ping_status":"open","sticky":false,"template":"","format":"standard","meta":{"jnews-multi-image_gallery":[],"jnews_single_post":{"subtitle":""},"jnews_primary_category":[],"jnews_social_meta":[],"jnews_override_counter":[],"footnotes":""},"categories":[1],"tags":[305],"class_list":["post-5600","post","type-post","status-publish","format-standard","has-post-thumbnail","hentry","category-genel","tag-sube-genel-kurulu"],"_links":{"self":[{"href":"https:\/\/belediyeis.org.tr\/merkez\/wp-json\/wp\/v2\/posts\/5600","targetHints":{"allow":["GET"]}}],"collection":[{"href":"https:\/\/belediyeis.org.tr\/merkez\/wp-json\/wp\/v2\/posts"}],"about":[{"href":"https:\/\/belediyeis.org.tr\/merkez\/wp-json\/wp\/v2\/types\/post"}],"author":[{"embeddable":true,"href":"https:\/\/belediyeis.org.tr\/merkez\/wp-json\/wp\/v2\/users\/4"}],"replies":[{"embeddable":true,"href":"https:\/\/belediyeis.org.tr\/merkez\/wp-json\/wp\/v2\/comments?post=5600"}],"version-history":[{"count":1,"href":"https:\/\/belediyeis.org.tr\/merkez\/wp-json\/wp\/v2\/posts\/5600\/revisions"}],"predecessor-version":[{"id":5604,"href":"https:\/\/belediyeis.org.tr\/merkez\/wp-json\/wp\/v2\/posts\/5600\/revisions\/5604"}],"wp:featuredmedia":[{"embeddable":true,"href":"https:\/\/belediyeis.org.tr\/merkez\/wp-json\/wp\/v2\/media\/5601"}],"wp:attachment":[{"href":"https:\/\/belediyeis.org.tr\/merkez\/wp-json\/wp\/v2\/media?parent=5600"}],"wp:term":[{"taxonomy":"category","embeddable":true,"href":"https:\/\/belediyeis.org.tr\/merkez\/wp-json\/wp\/v2\/categories?post=5600"},{"taxonomy":"post_tag","embeddable":true,"href":"https:\/\/belediyeis.org.tr\/merkez\/wp-json\/wp\/v2\/tags?post=5600"}],"curies":[{"name":"wp","href":"https:\/\/api.w.org\/{rel}","templated":true}]}}