{"id":5597,"date":"2025-11-09T15:03:15","date_gmt":"2025-11-09T12:03:15","guid":{"rendered":"https:\/\/belediyeis.org.tr\/merkez\/?p=5597"},"modified":"2025-11-09T15:03:15","modified_gmt":"2025-11-09T12:03:15","slug":"ulu-onder-ataturku-saygiyla-ozlemle-ve-minnetle-aniyoruz","status":"publish","type":"post","link":"https:\/\/belediyeis.org.tr\/merkez\/2025\/11\/09\/ulu-onder-ataturku-saygiyla-ozlemle-ve-minnetle-aniyoruz\/","title":{"rendered":"ULU \u00d6NDER ATAT\u00dcRK\u2019\u00dc SAYGIYLA, \u00d6ZLEMLE VE M\u0130NNETLE ANIYORUZ\u2026"},"content":{"rendered":"<p>\u0130lkeleri, fikirleri ve devrimleri ile yolumuzu ayd\u0131nlatan; laik, demokratik T\u00fcrkiye Cumhuriyeti\u2019nin kurucusu ve T\u00fcrk ulusunun e\u015fsiz lideri Gazi Mustafa Kemal Atat\u00fcrk, karanl\u0131\u011fa ve yoksullu\u011fa saplanm\u0131\u015f \u00fclkemizi adeta k\u00fcllerinden var ederek; \u00fcreten, bilimi esas alan, \u00e7a\u011fda\u015f e\u011fitim anlay\u0131\u015f\u0131na sahip yepyeni bir \u00fclke kurdu.<\/p>\n<p>\u00dcst\u00fcn dehas\u0131 ve d\u00fcnya g\u00f6r\u00fc\u015f\u00fcyle \u00e7a\u011f\u0131n\u0131n \u00e7ok ilerisindeki devrimleri ger\u00e7ekle\u015ftiren Ulu \u00d6nder Atat\u00fcrk\u2019\u00fcn \u2018en b\u00fcy\u00fck eserim\u2019 diyerek yeni nesillere emanet b\u0131rakt\u0131\u011f\u0131 \u00e7a\u011fda\u015f cumhuriyetini sonsuza dek korumak her bir vatan evlad\u0131n\u0131n ba\u015fl\u0131ca g\u00f6revidir.<\/p>\n<p>Aram\u0131zdan ayr\u0131l\u0131\u015f\u0131n\u0131n 87. y\u0131l\u0131nda Gazi Mustafa Kemal Atat\u00fcrk\u2019\u00fc ve onun \u015fahs\u0131nda t\u00fcm dava arkada\u015flar\u0131n\u0131, istiklal m\u00fccadelemizin kahramanlar\u0131n\u0131 ve \u015fehitlerimizi bir kez daha rahmet ve \u015f\u00fckranla an\u0131yoruz.<br \/>\nBelediye-\u0130\u015f Sendikas\u0131 Genel Y\u00f6netim Kurulu<\/p>\n","protected":false},"excerpt":{"rendered":"<p>\u0130lkeleri, fikirleri ve devrimleri ile yolumuzu ayd\u0131nlatan; laik, demokratik T\u00fcrkiye Cumhuriyeti\u2019nin kurucusu ve T\u00fcrk ulusunun e\u015fsiz lideri Gazi Mustafa Kemal Atat\u00fcrk, karanl\u0131\u011fa ve yoksullu\u011fa saplanm\u0131\u015f \u00fclkemizi adeta k\u00fcllerinden var ederek; \u00fcreten, bilimi esas alan, \u00e7a\u011fda\u015f e\u011fitim anlay\u0131\u015f\u0131na sahip yepyeni bir \u00fclke kurdu. \u00dcst\u00fcn dehas\u0131 ve d\u00fcnya g\u00f6r\u00fc\u015f\u00fcyle \u00e7a\u011f\u0131n\u0131n \u00e7ok ilerisindeki devrimleri ger\u00e7ekle\u015ftiren Ulu \u00d6nder Atat\u00fcrk\u2019\u00fcn [&hellip;]<\/p>\n","protected":false},"author":4,"featured_media":5598,"comment_status":"open","ping_status":"open","sticky":false,"template":"","format":"standard","meta":{"jnews-multi-image_gallery":[],"jnews_single_post":{"subtitle":""},"jnews_primary_category":[],"jnews_social_meta":[],"jnews_override_counter":[],"footnotes":""},"categories":[1],"tags":[177,308],"class_list":["post-5597","post","type-post","status-publish","format-standard","has-post-thumbnail","hentry","category-genel","tag-10-kasim","tag-ataturk"],"_links":{"self":[{"href":"https:\/\/belediyeis.org.tr\/merkez\/wp-json\/wp\/v2\/posts\/5597","targetHints":{"allow":["GET"]}}],"collection":[{"href":"https:\/\/belediyeis.org.tr\/merkez\/wp-json\/wp\/v2\/posts"}],"about":[{"href":"https:\/\/belediyeis.org.tr\/merkez\/wp-json\/wp\/v2\/types\/post"}],"author":[{"embeddable":true,"href":"https:\/\/belediyeis.org.tr\/merkez\/wp-json\/wp\/v2\/users\/4"}],"replies":[{"embeddable":true,"href":"https:\/\/belediyeis.org.tr\/merkez\/wp-json\/wp\/v2\/comments?post=5597"}],"version-history":[{"count":1,"href":"https:\/\/belediyeis.org.tr\/merkez\/wp-json\/wp\/v2\/posts\/5597\/revisions"}],"predecessor-version":[{"id":5599,"href":"https:\/\/belediyeis.org.tr\/merkez\/wp-json\/wp\/v2\/posts\/5597\/revisions\/5599"}],"wp:featuredmedia":[{"embeddable":true,"href":"https:\/\/belediyeis.org.tr\/merkez\/wp-json\/wp\/v2\/media\/5598"}],"wp:attachment":[{"href":"https:\/\/belediyeis.org.tr\/merkez\/wp-json\/wp\/v2\/media?parent=5597"}],"wp:term":[{"taxonomy":"category","embeddable":true,"href":"https:\/\/belediyeis.org.tr\/merkez\/wp-json\/wp\/v2\/categories?post=5597"},{"taxonomy":"post_tag","embeddable":true,"href":"https:\/\/belediyeis.org.tr\/merkez\/wp-json\/wp\/v2\/tags?post=5597"}],"curies":[{"name":"wp","href":"https:\/\/api.w.org\/{rel}","templated":true}]}}