{"id":5593,"date":"2025-11-04T15:33:42","date_gmt":"2025-11-04T12:33:42","guid":{"rendered":"https:\/\/belediyeis.org.tr\/merkez\/?p=5593"},"modified":"2025-11-04T15:33:42","modified_gmt":"2025-11-04T12:33:42","slug":"belediye-is-sendikasi-izmir-1-nolu-subesi-genel-kurul-ilani","status":"publish","type":"post","link":"https:\/\/belediyeis.org.tr\/merkez\/2025\/11\/04\/belediye-is-sendikasi-izmir-1-nolu-subesi-genel-kurul-ilani\/","title":{"rendered":"BELED\u0130YE-\u0130\u015e SEND\u0130KASI \u0130ZM\u0130R 1 NOLU \u015eUBES\u0130 GENEL KURUL \u0130LANI"},"content":{"rendered":"<p>Belediye-\u0130\u015f Sendikas\u0131 \u0130zmir 1 Nolu \u015eube\u2019nin 13. Ola\u011fan Genel Kurulu 23 Kas\u0131m 2025 Pazar g\u00fcn\u00fc Saat 10.00\u2019da a\u015fa\u011f\u0131da ilan edilen g\u00fcndem gere\u011fince Bah\u00e7eleraras\u0131\u00a0 Mahallesi Haydar Aliyev Bulvar\u0131 No:6\/1 \u0130nciralt\u0131 Bal\u00e7ova\/\u0130zmir adresindeki Aqoa Marin D\u00fc\u011f\u00fcn Salonunda yap\u0131lacakt\u0131r. \u0130lk toplant\u0131da \u00e7o\u011funlu\u011fun sa\u011flanamamas\u0131 halinde ikinci toplant\u0131 30 Kas\u0131m 2025\u00a0 Pazar g\u00fcn\u00fc Saat 10.00\u2019da yine ayn\u0131 adreste yap\u0131lacakt\u0131r.<\/p>\n<p>6356 Say\u0131l\u0131 Sendikalar ve Toplu \u0130\u015f S\u00f6zle\u015fmesi Kanunu ve Sendika Ana T\u00fcz\u00fc\u011f\u00fc\u2019n\u00fcn ilgili maddeleri gere\u011fince ilan olunur.<\/p>\n<p><strong>Belediye-\u0130\u015f Sendikas\u0131<\/strong><\/p>\n<p><strong>\u0130zmir 1 Nolu \u015eube Y\u00f6netim Kurulu<\/strong><\/p>\n<p>&nbsp;<\/p>\n<p><strong>\u00a0G \u00dc N D E M:<\/strong><\/p>\n<p>1-Yoklama ve a\u00e7\u0131l\u0131\u015f<\/p>\n<p>2-Genel Kurul Ba\u015fkanl\u0131k Divan\u0131 Se\u00e7imi<\/p>\n<p>3-Sayg\u0131 Duru\u015fu ve \u0130stiklal Mar\u015f\u0131<\/p>\n<p>4-Konuklar\u0131n tan\u0131t\u0131m\u0131<\/p>\n<p>5-Raporlar\u0131n g\u00f6r\u00fc\u015f\u00fclmesi ve Kurullar\u0131n ibras\u0131 (Y\u00f6netim ve Denetleme)<\/p>\n<p>6-Kurullar\u0131n se\u00e7imi;<\/p>\n<p>a-Y\u00f6netim Kurulu asil ve yedek \u00fcyeleri<\/p>\n<p>b-Denetleme Kurulu asil ve yedek \u00fcyeleri<\/p>\n<p>c-Disiplin Kurulu asil ve yedek \u00fcyeleri<\/p>\n<p>d-Genel Merkez \u00fcst kurul delegeleri<\/p>\n<p>7-Kapan\u0131\u015f\u00a0\u00a0\u00a0\u00a0\u00a0<strong>\u00a0 <\/strong><\/p>\n<p><strong>\u00a0\u0130lan Yay\u0131n Tarihi: 04.11.2025\u00a0\u00a0\u00a0\u00a0<\/strong><\/p>\n<p><em> \u00a0 \u00a0 \u00a0 \u00a0 \u00a0\u00a0<\/em><\/p>\n","protected":false},"excerpt":{"rendered":"<p>Belediye-\u0130\u015f Sendikas\u0131 \u0130zmir 1 Nolu \u015eube\u2019nin 13. Ola\u011fan Genel Kurulu 23 Kas\u0131m 2025 Pazar g\u00fcn\u00fc Saat 10.00\u2019da a\u015fa\u011f\u0131da ilan edilen g\u00fcndem gere\u011fince Bah\u00e7eleraras\u0131\u00a0 Mahallesi Haydar Aliyev Bulvar\u0131 No:6\/1 \u0130nciralt\u0131 Bal\u00e7ova\/\u0130zmir adresindeki Aqoa Marin D\u00fc\u011f\u00fcn Salonunda yap\u0131lacakt\u0131r. \u0130lk toplant\u0131da \u00e7o\u011funlu\u011fun sa\u011flanamamas\u0131 halinde ikinci toplant\u0131 30 Kas\u0131m 2025\u00a0 Pazar g\u00fcn\u00fc Saat 10.00\u2019da yine ayn\u0131 adreste yap\u0131lacakt\u0131r. 6356 [&hellip;]<\/p>\n","protected":false},"author":2,"featured_media":2998,"comment_status":"open","ping_status":"open","sticky":false,"template":"","format":"standard","meta":{"jnews-multi-image_gallery":[],"jnews_single_post":{"subtitle":""},"jnews_primary_category":[],"jnews_social_meta":[],"jnews_override_counter":[],"footnotes":""},"categories":[1],"tags":[],"class_list":["post-5593","post","type-post","status-publish","format-standard","has-post-thumbnail","hentry","category-genel"],"_links":{"self":[{"href":"https:\/\/belediyeis.org.tr\/merkez\/wp-json\/wp\/v2\/posts\/5593","targetHints":{"allow":["GET"]}}],"collection":[{"href":"https:\/\/belediyeis.org.tr\/merkez\/wp-json\/wp\/v2\/posts"}],"about":[{"href":"https:\/\/belediyeis.org.tr\/merkez\/wp-json\/wp\/v2\/types\/post"}],"author":[{"embeddable":true,"href":"https:\/\/belediyeis.org.tr\/merkez\/wp-json\/wp\/v2\/users\/2"}],"replies":[{"embeddable":true,"href":"https:\/\/belediyeis.org.tr\/merkez\/wp-json\/wp\/v2\/comments?post=5593"}],"version-history":[{"count":1,"href":"https:\/\/belediyeis.org.tr\/merkez\/wp-json\/wp\/v2\/posts\/5593\/revisions"}],"predecessor-version":[{"id":5594,"href":"https:\/\/belediyeis.org.tr\/merkez\/wp-json\/wp\/v2\/posts\/5593\/revisions\/5594"}],"wp:featuredmedia":[{"embeddable":true,"href":"https:\/\/belediyeis.org.tr\/merkez\/wp-json\/wp\/v2\/media\/2998"}],"wp:attachment":[{"href":"https:\/\/belediyeis.org.tr\/merkez\/wp-json\/wp\/v2\/media?parent=5593"}],"wp:term":[{"taxonomy":"category","embeddable":true,"href":"https:\/\/belediyeis.org.tr\/merkez\/wp-json\/wp\/v2\/categories?post=5593"},{"taxonomy":"post_tag","embeddable":true,"href":"https:\/\/belediyeis.org.tr\/merkez\/wp-json\/wp\/v2\/tags?post=5593"}],"curies":[{"name":"wp","href":"https:\/\/api.w.org\/{rel}","templated":true}]}}