{"id":5589,"date":"2025-11-04T12:02:11","date_gmt":"2025-11-04T09:02:11","guid":{"rendered":"https:\/\/belediyeis.org.tr\/merkez\/?p=5589"},"modified":"2025-11-04T12:02:11","modified_gmt":"2025-11-04T09:02:11","slug":"belediye-is-sendikasi-hatay-subesi-genel-kurul-ilani-2","status":"publish","type":"post","link":"https:\/\/belediyeis.org.tr\/merkez\/2025\/11\/04\/belediye-is-sendikasi-hatay-subesi-genel-kurul-ilani-2\/","title":{"rendered":"BELED\u0130YE-\u0130\u015e SEND\u0130KASI HATAY \u015eUBES\u0130 GENEL KURUL \u0130LANI"},"content":{"rendered":"<p>Belediye-\u0130\u015f Sendikas\u0131 Hatay \u015eube\u2019nin 13. Ola\u011fan Genel Kurulu 23 Kas\u0131m 2025 Pazar g\u00fcn\u00fc Saat 10.00\u2019da a\u015fa\u011f\u0131da ilan edilen g\u00fcndem gere\u011fince St. Pierre Mevkii, Haraparas\u0131, Hac\u0131lar Sokak No:26\/1 31060 Antakya\/Hatay adresindeki The Museum Hotel Toplant\u0131 Salonu\u2019nda yap\u0131lacakt\u0131r. \u0130lk toplant\u0131da \u00e7o\u011funlu\u011fun sa\u011flanamamas\u0131 halinde ikinci toplant\u0131 30 Kas\u0131m 2025 Pazar g\u00fcn\u00fc Saat 10.00\u2019da yine ayn\u0131 adreste yap\u0131lacakt\u0131r.<\/p>\n<p>6356 Say\u0131l\u0131 Sendikalar ve Toplu \u0130\u015f S\u00f6zle\u015fmesi Kanunu ve Sendika Ana T\u00fcz\u00fc\u011f\u00fc\u2019n\u00fcn ilgili maddeleri gere\u011fince ilan olunur.<\/p>\n<p><strong><em>\u00a0<\/em><\/strong><strong><em>\u00a0<\/em><\/strong><strong><em>Belediye-\u0130\u015f Sendikas\u0131<\/em><\/strong><\/p>\n<p><strong><em>Hatay \u015eube Y\u00f6netim Kurulu<\/em><\/strong><\/p>\n<p><strong><em>\u00a0<\/em><\/strong><\/p>\n<p><strong><em><u>G \u00dc N D E M:<\/u><\/em><\/strong><\/p>\n<p><span style=\"font-size: 10pt;\"><strong>1-Yoklama ve a\u00e7\u0131l\u0131\u015f<\/strong><\/span><\/p>\n<p><span style=\"font-size: 10pt;\"><strong>2-Genel Kurul Ba\u015fkanl\u0131k Divan\u0131 Se\u00e7imi<\/strong><\/span><\/p>\n<p><span style=\"font-size: 10pt;\"><strong>3-Sayg\u0131 Duru\u015fu ve \u0130stiklal Mar\u015f\u0131<\/strong><\/span><\/p>\n<p><span style=\"font-size: 10pt;\"><strong>4-Konuklar\u0131n tan\u0131t\u0131m\u0131 <\/strong><\/span><\/p>\n<p><span style=\"font-size: 10pt;\"><strong>5-Raporlar\u0131n g\u00f6r\u00fc\u015f\u00fclmesi ve Kurullar\u0131n ibras\u0131 (Y\u00f6netim ve Denetleme)<\/strong><\/span><\/p>\n<p><span style=\"font-size: 10pt;\"><strong>6-Kurullar\u0131n se\u00e7imi;<\/strong><\/span><\/p>\n<p><span style=\"font-size: 10pt;\"><strong>a-Y\u00f6netim Kurulu asil ve yedek \u00fcyeleri<\/strong><\/span><\/p>\n<p><span style=\"font-size: 10pt;\"><strong>b-Denetleme Kurulu asil ve yedek \u00fcyeleri<\/strong><\/span><\/p>\n<p><span style=\"font-size: 10pt;\"><strong>c-Disiplin Kurulu asil ve yedek \u00fcyeleri<\/strong><\/span><\/p>\n<p><span style=\"font-size: 10pt;\"><strong>d-Genel Merkez \u00fcst kurul delegeleri<\/strong><\/span><\/p>\n<p><span style=\"font-size: 10pt;\"><strong>7.Kapan\u0131\u015f<\/strong><\/span><\/p>\n<p><strong>\u0130lan Yay\u0131n Tarihi: 04.11.2025<\/strong><\/p>\n<p>&nbsp;<\/p>\n","protected":false},"excerpt":{"rendered":"<p>Belediye-\u0130\u015f Sendikas\u0131 Hatay \u015eube\u2019nin 13. Ola\u011fan Genel Kurulu 23 Kas\u0131m 2025 Pazar g\u00fcn\u00fc Saat 10.00\u2019da a\u015fa\u011f\u0131da ilan edilen g\u00fcndem gere\u011fince St. Pierre Mevkii, Haraparas\u0131, Hac\u0131lar Sokak No:26\/1 31060 Antakya\/Hatay adresindeki The Museum Hotel Toplant\u0131 Salonu\u2019nda yap\u0131lacakt\u0131r. \u0130lk toplant\u0131da \u00e7o\u011funlu\u011fun sa\u011flanamamas\u0131 halinde ikinci toplant\u0131 30 Kas\u0131m 2025 Pazar g\u00fcn\u00fc Saat 10.00\u2019da yine ayn\u0131 adreste yap\u0131lacakt\u0131r. 6356 [&hellip;]<\/p>\n","protected":false},"author":2,"featured_media":5206,"comment_status":"open","ping_status":"open","sticky":false,"template":"","format":"standard","meta":{"jnews-multi-image_gallery":[],"jnews_single_post":{"subtitle":"","format":"standard","override":[{"template":"7","parallax":"1","layout":"no-sidebar-narrow","sidebar":"default-sidebar","second_sidebar":"default-sidebar","sticky_sidebar":"1","share_position":"hide","share_float_style":"share-normal","show_share_counter":"1","show_view_counter":"1","show_featured":"1","show_post_meta":"1","show_post_author_image":"1","show_post_date":"1","post_date_format":"default","post_date_format_custom":"Y\/m\/d","post_reading_time_wpm":"300","post_calculate_word_method":"str_word_count","show_zoom_button":"1","zoom_button_out_step":"2","zoom_button_in_step":"3","show_post_tag":"1","number_popup_post":"1","show_post_related":"1"}],"image_override":[{"single_post_thumbnail_size":"no-crop","single_post_gallery_size":"crop-715"}],"trending_post_position":"meta","trending_post_label":"Trending","sponsored_post_label":"Sponsored by","disable_ad":"0"},"jnews_primary_category":[],"jnews_social_meta":[],"jnews_override_counter":{"view_counter_number":"0","share_counter_number":"0","like_counter_number":"0","dislike_counter_number":"0"},"footnotes":""},"categories":[1],"tags":[],"class_list":["post-5589","post","type-post","status-publish","format-standard","has-post-thumbnail","hentry","category-genel"],"_links":{"self":[{"href":"https:\/\/belediyeis.org.tr\/merkez\/wp-json\/wp\/v2\/posts\/5589","targetHints":{"allow":["GET"]}}],"collection":[{"href":"https:\/\/belediyeis.org.tr\/merkez\/wp-json\/wp\/v2\/posts"}],"about":[{"href":"https:\/\/belediyeis.org.tr\/merkez\/wp-json\/wp\/v2\/types\/post"}],"author":[{"embeddable":true,"href":"https:\/\/belediyeis.org.tr\/merkez\/wp-json\/wp\/v2\/users\/2"}],"replies":[{"embeddable":true,"href":"https:\/\/belediyeis.org.tr\/merkez\/wp-json\/wp\/v2\/comments?post=5589"}],"version-history":[{"count":3,"href":"https:\/\/belediyeis.org.tr\/merkez\/wp-json\/wp\/v2\/posts\/5589\/revisions"}],"predecessor-version":[{"id":5592,"href":"https:\/\/belediyeis.org.tr\/merkez\/wp-json\/wp\/v2\/posts\/5589\/revisions\/5592"}],"wp:featuredmedia":[{"embeddable":true,"href":"https:\/\/belediyeis.org.tr\/merkez\/wp-json\/wp\/v2\/media\/5206"}],"wp:attachment":[{"href":"https:\/\/belediyeis.org.tr\/merkez\/wp-json\/wp\/v2\/media?parent=5589"}],"wp:term":[{"taxonomy":"category","embeddable":true,"href":"https:\/\/belediyeis.org.tr\/merkez\/wp-json\/wp\/v2\/categories?post=5589"},{"taxonomy":"post_tag","embeddable":true,"href":"https:\/\/belediyeis.org.tr\/merkez\/wp-json\/wp\/v2\/tags?post=5589"}],"curies":[{"name":"wp","href":"https:\/\/api.w.org\/{rel}","templated":true}]}}