{"id":5584,"date":"2025-10-31T17:22:32","date_gmt":"2025-10-31T14:22:32","guid":{"rendered":"https:\/\/belediyeis.org.tr\/merkez\/?p=5584"},"modified":"2025-10-31T17:22:32","modified_gmt":"2025-10-31T14:22:32","slug":"sendikacilik-tehditle-baskiyla-mafyavari-yontemlerle-yapilmaz","status":"publish","type":"post","link":"https:\/\/belediyeis.org.tr\/merkez\/2025\/10\/31\/sendikacilik-tehditle-baskiyla-mafyavari-yontemlerle-yapilmaz\/","title":{"rendered":"Sendikac\u0131l\u0131k Tehditle Bask\u0131yla Mafyavari Y\u00f6ntemlerle Yap\u0131lmaz\u2026"},"content":{"rendered":"<p>Belediye-\u0130\u015f Sendikas\u0131 \u00f6rg\u00fctlenme uzman\u0131n\u0131n, \u0130zmir Kar\u015f\u0131yaka Belediyesi Personel A.\u015e emek\u00e7ilerinin sendikam\u0131zda \u00f6rg\u00fctlenme talepleri \u00fczerine i\u015fyeri d\u0131\u015f\u0131nda y\u00fcz\u00fc a\u015fk\u0131n i\u015f\u00e7iyle yapt\u0131\u011f\u0131 bilgilendirme toplant\u0131s\u0131, \u00e7o\u011funlu\u011fu \u0130zmir D\u0130SK\/Genel-\u0130\u015f \u015fube y\u00f6neticisi 10-15 zorba taraf\u0131ndan mafyavari y\u00f6ntemlerle engellenmek istendi. Toplant\u0131ya kat\u0131lan Personel A.\u015e emek\u00e7ilerinin zorbal\u0131\u011fa kar\u015f\u0131 tepkisi \u00fczerine kendisine \u201csendikac\u0131\u201d diyen mafya art\u0131klar\u0131 toplant\u0131y\u0131 terk etmek zorunda kald\u0131.<\/p>\n<p>Mafyavari tav\u0131rlar\u0131 sendikac\u0131l\u0131kla kar\u0131\u015ft\u0131ran bu g\u00fcruh, bir kafede sendikam\u0131za \u00fcye olmak isteyen i\u015f\u00e7ileri bilgilendiren sendikam\u0131z \u00f6rg\u00fctlenme uzman\u0131na sald\u0131rd\u0131. Sendikac\u0131l\u0131ktan nasibini almam\u0131\u015flar adeta mafya, \u00e7ete a\u011fz\u0131yla sendikam\u0131z \u00f6rg\u00fctlenme uzman\u0131na hakaretler ve k\u00fcf\u00fcrler savurarak fiili sald\u0131r\u0131da bulunarak, \u201cburada \u00f6rg\u00fctlenme \u00e7al\u0131\u015fmas\u0131 yapma!, aya\u011f\u0131n\u0131 baca\u011f\u0131n\u0131 k\u0131rar\u0131z, seni da\u011fa kald\u0131r\u0131r\u0131z\u201d diyerek tehdit ettiler.<\/p>\n<p>Kendini sendikac\u0131 zanneden mafya art\u0131klar\u0131na sesleniyoruz.<br \/>\nHani s\u00f6z ve karar i\u015f\u00e7inindi? Lafa gelince \u201cs\u00f6z ve karar i\u015f\u00e7inin\u201d diyenler, icraata gelince mafyavari y\u00f6ntemlerle i\u015f\u00e7iyi bask\u0131 ve tehditle sindirerek onun \u00f6zg\u00fcrce sendika se\u00e7mesini engellemeye \u00e7al\u0131\u015f\u0131yor.<\/p>\n<p>\u0130\u015fyeri d\u0131\u015f\u0131nda, i\u015f\u00e7inin \u00f6zg\u00fcr iradesiyle sendikas\u0131n\u0131 se\u00e7mesine engel olmaya \u00e7al\u0131\u015fmak, belediye emek\u00e7isini, tehditle, bask\u0131yla sindirmek, korkutmak zavall\u0131l\u0131kt\u0131r. Ac\u0131nacak haldesiniz.<br \/>\nHani sizin sendikal ilkelere sayg\u0131n\u0131z? Hani a\u011fz\u0131n\u0131zdan d\u00fc\u015f\u00fcrmedi\u011finiz demokrasi, hak hukuk adalet talepleriniz?<br \/>\nSendikac\u0131l\u0131k tehditle bask\u0131yla yap\u0131lmaz\u2026<br \/>\nBuras\u0131 da\u011f ba\u015f\u0131 de\u011fil. Personel A.\u015e. emek\u00e7ileri, sizin k\u00f6leniz, maraban\u0131z de\u011fil.<br \/>\nZorbal\u0131kla, tehditle, mafyavari sald\u0131rganl\u0131\u011f\u0131n\u0131zla ne Belediye-\u0130\u015f\u2019i, ne de Kar\u015f\u0131yaka Belediyesi emek\u00e7ilerini durduramayacaks\u0131n\u0131z.<\/p>\n<p>\u00d6rg\u00fctlenme uzman\u0131m\u0131za yapt\u0131\u011f\u0131n\u0131z mafyavari sald\u0131r\u0131lar da, i\u015f\u00e7inin \u00f6zg\u00fcrce sendika se\u00e7me hakk\u0131na m\u00fcdahaleniz de T\u00fcrk Ceza Kanununa g\u00f6re su\u00e7tur.<br \/>\nBiraz olsun eme\u011fe, i\u015f\u00e7inin \u00f6zg\u00fcrce sendika se\u00e7me hakk\u0131na sayg\u0131n\u0131z varsa, kendinize g\u00fcveniyorsan\u0131z, bo\u015f tehditleri, zorbal\u0131\u011f\u0131 bir kenara b\u0131rak\u0131n sand\u0131\u011f\u0131 ortaya koyal\u0131m Kar\u015f\u0131yaka Belediyesi Personel A.\u015e emek\u00e7ileri \u00f6zg\u00fcr iradeleriyle sendikas\u0131n\u0131 se\u00e7sin. Var m\u0131s\u0131n\u0131z?<br \/>\nHi\u00e7 kimse endi\u015fe etmesin.<br \/>\nBelediye-\u0130\u015f Sendikas\u0131 her \u00fcyesinin, her \u00e7al\u0131\u015fan\u0131n yan\u0131ndad\u0131r. Belediye-\u0130\u015f Sendikas\u0131; \u00fcyelerini, y\u00f6neticilerini ve kendine g\u00fcvenenleri hi\u00e7bir zaman yaln\u0131z b\u0131rakmad\u0131, b\u0131rakmayacak.<br \/>\nSayg\u0131lar\u0131m\u0131zla.<\/p>\n<p>Belediye-\u0130\u015f Sendikas\u0131<\/p>\n","protected":false},"excerpt":{"rendered":"<p>Belediye-\u0130\u015f Sendikas\u0131 \u00f6rg\u00fctlenme uzman\u0131n\u0131n, \u0130zmir Kar\u015f\u0131yaka Belediyesi Personel A.\u015e emek\u00e7ilerinin sendikam\u0131zda \u00f6rg\u00fctlenme talepleri \u00fczerine i\u015fyeri d\u0131\u015f\u0131nda y\u00fcz\u00fc a\u015fk\u0131n i\u015f\u00e7iyle yapt\u0131\u011f\u0131 bilgilendirme toplant\u0131s\u0131, \u00e7o\u011funlu\u011fu \u0130zmir D\u0130SK\/Genel-\u0130\u015f \u015fube y\u00f6neticisi 10-15 zorba taraf\u0131ndan mafyavari y\u00f6ntemlerle engellenmek istendi. Toplant\u0131ya kat\u0131lan Personel A.\u015e emek\u00e7ilerinin zorbal\u0131\u011fa kar\u015f\u0131 tepkisi \u00fczerine kendisine \u201csendikac\u0131\u201d diyen mafya art\u0131klar\u0131 toplant\u0131y\u0131 terk etmek zorunda kald\u0131. Mafyavari tav\u0131rlar\u0131 [&hellip;]<\/p>\n","protected":false},"author":3,"featured_media":5021,"comment_status":"open","ping_status":"open","sticky":false,"template":"","format":"standard","meta":{"jnews-multi-image_gallery":[],"jnews_single_post":{"subtitle":""},"jnews_primary_category":[],"jnews_social_meta":[],"jnews_override_counter":[],"footnotes":""},"categories":[1],"tags":[],"class_list":["post-5584","post","type-post","status-publish","format-standard","has-post-thumbnail","hentry","category-genel"],"_links":{"self":[{"href":"https:\/\/belediyeis.org.tr\/merkez\/wp-json\/wp\/v2\/posts\/5584","targetHints":{"allow":["GET"]}}],"collection":[{"href":"https:\/\/belediyeis.org.tr\/merkez\/wp-json\/wp\/v2\/posts"}],"about":[{"href":"https:\/\/belediyeis.org.tr\/merkez\/wp-json\/wp\/v2\/types\/post"}],"author":[{"embeddable":true,"href":"https:\/\/belediyeis.org.tr\/merkez\/wp-json\/wp\/v2\/users\/3"}],"replies":[{"embeddable":true,"href":"https:\/\/belediyeis.org.tr\/merkez\/wp-json\/wp\/v2\/comments?post=5584"}],"version-history":[{"count":1,"href":"https:\/\/belediyeis.org.tr\/merkez\/wp-json\/wp\/v2\/posts\/5584\/revisions"}],"predecessor-version":[{"id":5585,"href":"https:\/\/belediyeis.org.tr\/merkez\/wp-json\/wp\/v2\/posts\/5584\/revisions\/5585"}],"wp:featuredmedia":[{"embeddable":true,"href":"https:\/\/belediyeis.org.tr\/merkez\/wp-json\/wp\/v2\/media\/5021"}],"wp:attachment":[{"href":"https:\/\/belediyeis.org.tr\/merkez\/wp-json\/wp\/v2\/media?parent=5584"}],"wp:term":[{"taxonomy":"category","embeddable":true,"href":"https:\/\/belediyeis.org.tr\/merkez\/wp-json\/wp\/v2\/categories?post=5584"},{"taxonomy":"post_tag","embeddable":true,"href":"https:\/\/belediyeis.org.tr\/merkez\/wp-json\/wp\/v2\/tags?post=5584"}],"curies":[{"name":"wp","href":"https:\/\/api.w.org\/{rel}","templated":true}]}}