{"id":5575,"date":"2025-10-28T10:20:37","date_gmt":"2025-10-28T07:20:37","guid":{"rendered":"https:\/\/belediyeis.org.tr\/merkez\/?p=5575"},"modified":"2025-10-28T10:32:24","modified_gmt":"2025-10-28T07:32:24","slug":"cumhuriyetimizin-102-yili-kutlu-olsun","status":"publish","type":"post","link":"https:\/\/belediyeis.org.tr\/merkez\/2025\/10\/28\/cumhuriyetimizin-102-yili-kutlu-olsun\/","title":{"rendered":"CUMHUR\u0130YET\u0130M\u0130Z\u0130N 102. YILI KUTLU OLSUN!"},"content":{"rendered":"<p>102 y\u0131l \u00f6nce, emperyalizme kar\u015f\u0131 verilen b\u00fcy\u00fck m\u00fccadelenin ard\u0131ndan B\u00fcy\u00fck \u00d6nder Mustafa Kemal Atat\u00fcrk\u2019\u00fcn \u00f6nderli\u011finde kurulan T\u00fcrkiye Cumhuriyeti; halk\u0131n iradesini, e\u015fitli\u011fi, \u00f6zg\u00fcrl\u00fc\u011f\u00fc ve ba\u011f\u0131ms\u0131zl\u0131\u011f\u0131 esas alan en b\u00fcy\u00fck \u00e7a\u011fda\u015f devrimdir.<\/p>\n<p>B\u00fcy\u00fck \u00d6nder\u2019in \u201cEgemenlik Kay\u0131ts\u0131z \u015earts\u0131z Milletindir\u201d s\u00f6z\u00fcn\u00fc rehber edinen Cumhuriyet kula kulluk etmeyen, emek\u00e7inin, kad\u0131n\u0131n, yoksulun, k\u00f6yl\u00fcn\u00fcn, \u00f6\u011frencinin k\u0131sacas\u0131 al\u0131nteriyle ya\u015fayan herkesin toplumsal ayd\u0131nlanmas\u0131d\u0131r.<\/p>\n<p>D\u00fcn atalar\u0131m\u0131z\u0131n verdi\u011fi b\u00fcy\u00fck m\u00fccadeleyle kurulan laik ve demokratik Cumhuriyet sayesinde yurtta\u015f kimli\u011fi kazand\u0131k; d\u00fc\u015f\u00fcnmenin, \u00fcretmenin, sorgulaman\u0131n, bilimin, e\u011fitimin g\u00fcc\u00fcn\u00fc \u00f6\u011frendik.<\/p>\n<p>\u0130\u00e7inden ge\u00e7ti\u011fimiz d\u00f6nemde Cumhuriyetimizin kazan\u0131mlar\u0131na y\u00f6nelik her t\u00fcrl\u00fc tehdide ra\u011fmen, bizler o ayd\u0131nl\u0131k \u00e7a\u011fda\u015fla\u015fma yolundan asla sapmayaca\u011f\u0131z. Atat\u00fcrk devrimleriyle kazan\u0131lm\u0131\u015f \u00e7a\u011fda\u015f ya\u015fam bi\u00e7imimize, kad\u0131nlar\u0131n \u00f6zg\u00fcrl\u00fcklerine, eme\u011fin hakk\u0131na, bilimin ve e\u011fitimin laik temellerine y\u00f6nelik sald\u0131r\u0131lar kar\u015f\u0131s\u0131nda susmayaca\u011f\u0131z.<\/p>\n<p>Bizler biliyoruz ki; Cumhuriyet, ancak emekle, adaletle, dayan\u0131\u015fmayla ve \u00f6rg\u00fctl\u00fc m\u00fccadeleyle ya\u015fat\u0131l\u0131r. Bu topraklarda e\u015fitlik, \u00f6zg\u00fcrl\u00fck ve adalet i\u00e7inde ya\u015famak isteyen milyonlar\u0131n kalbinde Cumhuriyet hala capcanl\u0131d\u0131r.<\/p>\n<p>Bu duygu ve kararl\u0131l\u0131kla, ba\u015fta B\u00fcy\u00fck \u00d6nder Mustafa Kemal Atat\u00fcrk olmak \u00fczere t\u00fcm Milli M\u00fccadele kahramanlar\u0131m\u0131z\u0131 sayg\u0131, minnet ve \u00f6zlemle an\u0131yoruz.<\/p>\n<p>Cumhuriyetimizin 102. y\u0131l\u0131 kutlu olsun!<\/p>\n","protected":false},"excerpt":{"rendered":"<p>102 y\u0131l \u00f6nce, emperyalizme kar\u015f\u0131 verilen b\u00fcy\u00fck m\u00fccadelenin ard\u0131ndan B\u00fcy\u00fck \u00d6nder Mustafa Kemal Atat\u00fcrk\u2019\u00fcn \u00f6nderli\u011finde kurulan T\u00fcrkiye Cumhuriyeti; halk\u0131n iradesini, e\u015fitli\u011fi, \u00f6zg\u00fcrl\u00fc\u011f\u00fc ve ba\u011f\u0131ms\u0131zl\u0131\u011f\u0131 esas alan en b\u00fcy\u00fck \u00e7a\u011fda\u015f devrimdir. B\u00fcy\u00fck \u00d6nder\u2019in \u201cEgemenlik Kay\u0131ts\u0131z \u015earts\u0131z Milletindir\u201d s\u00f6z\u00fcn\u00fc rehber edinen Cumhuriyet kula kulluk etmeyen, emek\u00e7inin, kad\u0131n\u0131n, yoksulun, k\u00f6yl\u00fcn\u00fcn, \u00f6\u011frencinin k\u0131sacas\u0131 al\u0131nteriyle ya\u015fayan herkesin toplumsal ayd\u0131nlanmas\u0131d\u0131r. D\u00fcn [&hellip;]<\/p>\n","protected":false},"author":3,"featured_media":5581,"comment_status":"open","ping_status":"open","sticky":false,"template":"","format":"standard","meta":{"jnews-multi-image_gallery":[],"jnews_single_post":{"subtitle":"","format":"standard","override":[{"template":"7","parallax":"1","layout":"no-sidebar-narrow","sidebar":"default-sidebar","second_sidebar":"default-sidebar","sticky_sidebar":"1","share_position":"hide","share_float_style":"share-normal","show_share_counter":"1","show_view_counter":"1","show_featured":"1","show_post_meta":"1","show_post_author_image":"1","show_post_date":"1","post_date_format":"default","post_date_format_custom":"Y\/m\/d","post_reading_time_wpm":"300","post_calculate_word_method":"str_word_count","show_zoom_button":"1","zoom_button_out_step":"2","zoom_button_in_step":"3","show_post_tag":"1","number_popup_post":"1","show_post_related":"1"}],"image_override":[{"single_post_thumbnail_size":"no-crop","single_post_gallery_size":"crop-715"}],"trending_post_position":"meta","trending_post_label":"Trending","sponsored_post_label":"Sponsored by","disable_ad":"0"},"jnews_primary_category":[],"jnews_social_meta":[],"jnews_override_counter":{"view_counter_number":"0","share_counter_number":"0","like_counter_number":"0","dislike_counter_number":"0"},"footnotes":""},"categories":[1],"tags":[],"class_list":["post-5575","post","type-post","status-publish","format-standard","has-post-thumbnail","hentry","category-genel"],"_links":{"self":[{"href":"https:\/\/belediyeis.org.tr\/merkez\/wp-json\/wp\/v2\/posts\/5575","targetHints":{"allow":["GET"]}}],"collection":[{"href":"https:\/\/belediyeis.org.tr\/merkez\/wp-json\/wp\/v2\/posts"}],"about":[{"href":"https:\/\/belediyeis.org.tr\/merkez\/wp-json\/wp\/v2\/types\/post"}],"author":[{"embeddable":true,"href":"https:\/\/belediyeis.org.tr\/merkez\/wp-json\/wp\/v2\/users\/3"}],"replies":[{"embeddable":true,"href":"https:\/\/belediyeis.org.tr\/merkez\/wp-json\/wp\/v2\/comments?post=5575"}],"version-history":[{"count":1,"href":"https:\/\/belediyeis.org.tr\/merkez\/wp-json\/wp\/v2\/posts\/5575\/revisions"}],"predecessor-version":[{"id":5577,"href":"https:\/\/belediyeis.org.tr\/merkez\/wp-json\/wp\/v2\/posts\/5575\/revisions\/5577"}],"wp:featuredmedia":[{"embeddable":true,"href":"https:\/\/belediyeis.org.tr\/merkez\/wp-json\/wp\/v2\/media\/5581"}],"wp:attachment":[{"href":"https:\/\/belediyeis.org.tr\/merkez\/wp-json\/wp\/v2\/media?parent=5575"}],"wp:term":[{"taxonomy":"category","embeddable":true,"href":"https:\/\/belediyeis.org.tr\/merkez\/wp-json\/wp\/v2\/categories?post=5575"},{"taxonomy":"post_tag","embeddable":true,"href":"https:\/\/belediyeis.org.tr\/merkez\/wp-json\/wp\/v2\/tags?post=5575"}],"curies":[{"name":"wp","href":"https:\/\/api.w.org\/{rel}","templated":true}]}}