{"id":5567,"date":"2025-10-27T09:31:25","date_gmt":"2025-10-27T06:31:25","guid":{"rendered":"https:\/\/belediyeis.org.tr\/merkez\/?p=5567"},"modified":"2025-10-27T10:06:31","modified_gmt":"2025-10-27T07:06:31","slug":"belediye-is-sendikasi-istanbul-1-nolu-subesi-genel-kurul-ilani-2","status":"publish","type":"post","link":"https:\/\/belediyeis.org.tr\/merkez\/2025\/10\/27\/belediye-is-sendikasi-istanbul-1-nolu-subesi-genel-kurul-ilani-2\/","title":{"rendered":"BELED\u0130YE-\u0130\u015e SEND\u0130KASI \u0130STANBUL 1 NOLU \u015eUBES\u0130 GENEL KURUL \u0130LANI"},"content":{"rendered":"<p><em>Belediye-\u0130\u015f Sendikas\u0131 \u0130stanbul 1 Nolu \u00a0\u015eube\u2019nin 4. Ola\u011fan Genel Kurulu 21 Kas\u0131m 2025 Cuma g\u00fcn\u00fc Saat 10.00\u2019da a\u015fa\u011f\u0131da ilan edilen g\u00fcndem gere\u011fince Fatih Mahallesi Gazi Mustafa Kemal Caddesi No:11 B\u00fcy\u00fck\u00e7ekmece\/\u0130stanbul\u00a0 adresindeki, Eser Premium Hotel Diamond Balo Salonunda yap\u0131lacakt\u0131r. \u0130lk toplant\u0131da \u00e7o\u011funlu\u011fun sa\u011flanamamas\u0131 halinde ikinci toplant\u0131 28 Kas\u0131m 2025 Cuma \u00a0g\u00fcn\u00fc Saat 10.00\u2019da yine ayn\u0131 adreste yap\u0131lacakt\u0131r.<\/em><\/p>\n<p><em>\u00a0<\/em><em>6356 Say\u0131l\u0131 Sendikalar ve Toplu \u0130\u015f S\u00f6zle\u015fmesi Kanunu ve Sendika Ana T\u00fcz\u00fc\u011f\u00fc\u2019n\u00fcn ilgili maddeleri gere\u011fince ilan olunur. <\/em><em>\u00a0<\/em><\/p>\n<p><em>\u00a0<\/em><strong>Belediye-\u0130\u015f Sendikas\u0131<\/strong><\/p>\n<p><strong>\u0130stanbul 1 Nolu \u015eube Y\u00f6netim Kurulu<\/strong><\/p>\n<p><strong>\u00a0<\/strong><\/p>\n<p><em>\u00a0<\/em><\/p>\n<p><strong>G \u00dc N D E M:<\/strong><\/p>\n<p><em>\u00a0<\/em>1-Yoklama ve a\u00e7\u0131l\u0131\u015f<\/p>\n<p>2-Genel Kurul Ba\u015fkanl\u0131k Divan\u0131 Se\u00e7imi<\/p>\n<p>3-Sayg\u0131 Duru\u015fu ve \u0130stiklal Mar\u015f\u0131<\/p>\n<p>4-Konuklar\u0131n tan\u0131t\u0131m\u0131<\/p>\n<p>5-Raporlar\u0131n g\u00f6r\u00fc\u015f\u00fclmesi ve Kurullar\u0131n ibras\u0131 (Y\u00f6netim ve Denetleme)<\/p>\n<p>6-Kurullar\u0131n se\u00e7imi;<\/p>\n<p>a-Y\u00f6netim Kurulu asil ve yedek \u00fcyeleri<\/p>\n<p>b-Denetleme Kurulu asil ve yedek \u00fcyeleri<\/p>\n<p>c-Disiplin Kurulu asil ve yedek \u00fcyeleri<\/p>\n<p>d-Genel Merkez \u00fcst kurul delegeleri<\/p>\n<p>7.Kapan\u0131\u015f<\/p>\n<p><em>\u00a0\u00a0\u00a0\u00a0\u00a0\u00a0\u00a0\u00a0\u00a0\u00a0\u00a0\u00a0 <strong>\u0130lan Yay\u0131n Tarihi: 27.10.2025<\/strong>\u00a0\u00a0\u00a0\u00a0\u00a0\u00a0\u00a0\u00a0\u00a0\u00a0 <\/em><\/p>\n","protected":false},"excerpt":{"rendered":"<p>Belediye-\u0130\u015f Sendikas\u0131 \u0130stanbul 1 Nolu \u00a0\u015eube\u2019nin 4. Ola\u011fan Genel Kurulu 21 Kas\u0131m 2025 Cuma g\u00fcn\u00fc Saat 10.00\u2019da a\u015fa\u011f\u0131da ilan edilen g\u00fcndem gere\u011fince Fatih Mahallesi Gazi Mustafa Kemal Caddesi No:11 B\u00fcy\u00fck\u00e7ekmece\/\u0130stanbul\u00a0 adresindeki, Eser Premium Hotel Diamond Balo Salonunda yap\u0131lacakt\u0131r. \u0130lk toplant\u0131da \u00e7o\u011funlu\u011fun sa\u011flanamamas\u0131 halinde ikinci toplant\u0131 28 Kas\u0131m 2025 Cuma \u00a0g\u00fcn\u00fc Saat 10.00\u2019da yine ayn\u0131 adreste [&hellip;]<\/p>\n","protected":false},"author":2,"featured_media":5021,"comment_status":"open","ping_status":"open","sticky":false,"template":"","format":"standard","meta":{"jnews-multi-image_gallery":[],"jnews_single_post":{"subtitle":"","format":"standard","override":[{"template":"7","parallax":"1","layout":"no-sidebar-narrow","sidebar":"default-sidebar","second_sidebar":"default-sidebar","sticky_sidebar":"1","share_position":"hide","share_float_style":"share-normal","show_share_counter":"1","show_view_counter":"1","show_featured":"1","show_post_meta":"1","show_post_author_image":"1","show_post_date":"1","post_date_format":"default","post_date_format_custom":"Y\/m\/d","post_reading_time_wpm":"300","post_calculate_word_method":"str_word_count","show_zoom_button":"1","zoom_button_out_step":"2","zoom_button_in_step":"3","show_post_tag":"1","number_popup_post":"1","show_post_related":"1"}],"image_override":[{"single_post_thumbnail_size":"no-crop","single_post_gallery_size":"crop-715"}],"trending_post_position":"meta","trending_post_label":"Trending","sponsored_post_label":"Sponsored by","disable_ad":"0"},"jnews_primary_category":[],"jnews_social_meta":[],"jnews_override_counter":{"view_counter_number":"0","share_counter_number":"0","like_counter_number":"0","dislike_counter_number":"0"},"footnotes":""},"categories":[1],"tags":[],"class_list":["post-5567","post","type-post","status-publish","format-standard","has-post-thumbnail","hentry","category-genel"],"_links":{"self":[{"href":"https:\/\/belediyeis.org.tr\/merkez\/wp-json\/wp\/v2\/posts\/5567","targetHints":{"allow":["GET"]}}],"collection":[{"href":"https:\/\/belediyeis.org.tr\/merkez\/wp-json\/wp\/v2\/posts"}],"about":[{"href":"https:\/\/belediyeis.org.tr\/merkez\/wp-json\/wp\/v2\/types\/post"}],"author":[{"embeddable":true,"href":"https:\/\/belediyeis.org.tr\/merkez\/wp-json\/wp\/v2\/users\/2"}],"replies":[{"embeddable":true,"href":"https:\/\/belediyeis.org.tr\/merkez\/wp-json\/wp\/v2\/comments?post=5567"}],"version-history":[{"count":2,"href":"https:\/\/belediyeis.org.tr\/merkez\/wp-json\/wp\/v2\/posts\/5567\/revisions"}],"predecessor-version":[{"id":5571,"href":"https:\/\/belediyeis.org.tr\/merkez\/wp-json\/wp\/v2\/posts\/5567\/revisions\/5571"}],"wp:featuredmedia":[{"embeddable":true,"href":"https:\/\/belediyeis.org.tr\/merkez\/wp-json\/wp\/v2\/media\/5021"}],"wp:attachment":[{"href":"https:\/\/belediyeis.org.tr\/merkez\/wp-json\/wp\/v2\/media?parent=5567"}],"wp:term":[{"taxonomy":"category","embeddable":true,"href":"https:\/\/belediyeis.org.tr\/merkez\/wp-json\/wp\/v2\/categories?post=5567"},{"taxonomy":"post_tag","embeddable":true,"href":"https:\/\/belediyeis.org.tr\/merkez\/wp-json\/wp\/v2\/tags?post=5567"}],"curies":[{"name":"wp","href":"https:\/\/api.w.org\/{rel}","templated":true}]}}