{"id":5557,"date":"2025-10-26T17:17:52","date_gmt":"2025-10-26T14:17:52","guid":{"rendered":"https:\/\/belediyeis.org.tr\/merkez\/?p=5557"},"modified":"2025-10-26T17:17:52","modified_gmt":"2025-10-26T14:17:52","slug":"tokat-subenin-13-olagan-genel-kurulu-yapildi","status":"publish","type":"post","link":"https:\/\/belediyeis.org.tr\/merkez\/2025\/10\/26\/tokat-subenin-13-olagan-genel-kurulu-yapildi\/","title":{"rendered":"Tokat \u015eube\u2019nin 13. Ola\u011fan Genel Kurulu Yap\u0131ld\u0131."},"content":{"rendered":"<p>Genel Kurulun Divan Ba\u015fkanl\u0131\u011f\u0131n\u0131 sendikam\u0131z \u00d6rg\u00fctlenme Genel Sekreteri \u0130smail Duman yaparken, Divan Ba\u015fkan Yard\u0131mc\u0131l\u0131klar\u0131n\u0131 Genel Denetleme Kurulu \u00dcyesi Gamze Ceylan ve \u00c7orum \u015eube Ba\u015fkan\u0131 Mehmet \u015een, Divan Katip \u00dcyeliklerini ise Amasya \u015eube Ba\u015fkan\u0131 Tu\u011frul Sevindi ile Samsun \u015eube Ba\u015fkan\u0131 Taha Yasin Mutlu \u00fcstlendiler.<\/p>\n<p>Genel Kurula \u00fcyelerimizin yan\u0131 s\u0131ra T\u00fcrk-\u0130\u015f Tokat \u0130l Ba\u015fkan\u0131 Nurullah Alpat, Sa\u011fl\u0131k-\u0130\u015f Tokat \u015eube Ba\u015fkan\u0131 \u0130lhan \u00d6ztoprak, Yol-\u0130\u015f Tokat \u015eube Ba\u015fkan\u0131 Serkan Ay\u00e7il, Tar\u0131m-\u0130\u015f Tokat Temsilcisi Ahmet Uzun, \u015eeker-\u0130\u015f Tokat \u015eube Ba\u015fkan Yard\u0131mc\u0131s\u0131 Emirhan Atik, Koop-\u0130\u015f Sendikas\u0131 Sivas \u015eube Ba\u015fkan Yard\u0131mc\u0131s\u0131 Mustafa G\u00fcn ve sendikam\u0131z B\u00f6lge Avukat\u0131 Tar\u0131k Kuralay da kat\u0131ld\u0131.<\/p>\n<p>Genel Kurulda yap\u0131lan se\u00e7imler sonucunda kurullara se\u00e7ilenlere ba\u015far\u0131lar dileriz.<\/p>\n<p><img fetchpriority=\"high\" decoding=\"async\" class=\"alignnone size-medium wp-image-5559\" src=\"http:\/\/belediyeis.org.tr\/merkez\/wp-content\/uploads\/2025\/10\/WhatsApp-Image-2025-10-26-at-11.52.07-1-300x225.jpeg\" alt=\"\" width=\"300\" height=\"225\" srcset=\"https:\/\/belediyeis.org.tr\/merkez\/wp-content\/uploads\/2025\/10\/WhatsApp-Image-2025-10-26-at-11.52.07-1-300x225.jpeg 300w, https:\/\/belediyeis.org.tr\/merkez\/wp-content\/uploads\/2025\/10\/WhatsApp-Image-2025-10-26-at-11.52.07-1-1024x768.jpeg 1024w, https:\/\/belediyeis.org.tr\/merkez\/wp-content\/uploads\/2025\/10\/WhatsApp-Image-2025-10-26-at-11.52.07-1-768x576.jpeg 768w, https:\/\/belediyeis.org.tr\/merkez\/wp-content\/uploads\/2025\/10\/WhatsApp-Image-2025-10-26-at-11.52.07-1-1536x1152.jpeg 1536w, https:\/\/belediyeis.org.tr\/merkez\/wp-content\/uploads\/2025\/10\/WhatsApp-Image-2025-10-26-at-11.52.07-1-750x563.jpeg 750w, https:\/\/belediyeis.org.tr\/merkez\/wp-content\/uploads\/2025\/10\/WhatsApp-Image-2025-10-26-at-11.52.07-1-1140x855.jpeg 1140w, https:\/\/belediyeis.org.tr\/merkez\/wp-content\/uploads\/2025\/10\/WhatsApp-Image-2025-10-26-at-11.52.07-1.jpeg 2040w\" sizes=\"(max-width: 300px) 100vw, 300px\" \/> <img decoding=\"async\" class=\"alignnone size-medium wp-image-5560\" src=\"http:\/\/belediyeis.org.tr\/merkez\/wp-content\/uploads\/2025\/10\/WhatsApp-Image-2025-10-26-at-11.52.06-1-300x225.jpeg\" alt=\"\" width=\"300\" height=\"225\" srcset=\"https:\/\/belediyeis.org.tr\/merkez\/wp-content\/uploads\/2025\/10\/WhatsApp-Image-2025-10-26-at-11.52.06-1-300x225.jpeg 300w, https:\/\/belediyeis.org.tr\/merkez\/wp-content\/uploads\/2025\/10\/WhatsApp-Image-2025-10-26-at-11.52.06-1-1024x768.jpeg 1024w, https:\/\/belediyeis.org.tr\/merkez\/wp-content\/uploads\/2025\/10\/WhatsApp-Image-2025-10-26-at-11.52.06-1-768x576.jpeg 768w, https:\/\/belediyeis.org.tr\/merkez\/wp-content\/uploads\/2025\/10\/WhatsApp-Image-2025-10-26-at-11.52.06-1-1536x1152.jpeg 1536w, https:\/\/belediyeis.org.tr\/merkez\/wp-content\/uploads\/2025\/10\/WhatsApp-Image-2025-10-26-at-11.52.06-1-750x563.jpeg 750w, https:\/\/belediyeis.org.tr\/merkez\/wp-content\/uploads\/2025\/10\/WhatsApp-Image-2025-10-26-at-11.52.06-1-1140x855.jpeg 1140w, https:\/\/belediyeis.org.tr\/merkez\/wp-content\/uploads\/2025\/10\/WhatsApp-Image-2025-10-26-at-11.52.06-1.jpeg 2040w\" sizes=\"(max-width: 300px) 100vw, 300px\" \/><\/p>\n","protected":false},"excerpt":{"rendered":"<p>Genel Kurulun Divan Ba\u015fkanl\u0131\u011f\u0131n\u0131 sendikam\u0131z \u00d6rg\u00fctlenme Genel Sekreteri \u0130smail Duman yaparken, Divan Ba\u015fkan Yard\u0131mc\u0131l\u0131klar\u0131n\u0131 Genel Denetleme Kurulu \u00dcyesi Gamze Ceylan ve \u00c7orum \u015eube Ba\u015fkan\u0131 Mehmet \u015een, Divan Katip \u00dcyeliklerini ise Amasya \u015eube Ba\u015fkan\u0131 Tu\u011frul Sevindi ile Samsun \u015eube Ba\u015fkan\u0131 Taha Yasin Mutlu \u00fcstlendiler. Genel Kurula \u00fcyelerimizin yan\u0131 s\u0131ra T\u00fcrk-\u0130\u015f Tokat \u0130l Ba\u015fkan\u0131 Nurullah Alpat, Sa\u011fl\u0131k-\u0130\u015f [&hellip;]<\/p>\n","protected":false},"author":4,"featured_media":5558,"comment_status":"open","ping_status":"open","sticky":false,"template":"","format":"standard","meta":{"jnews-multi-image_gallery":[],"jnews_single_post":{"subtitle":""},"jnews_primary_category":[],"jnews_social_meta":[],"jnews_override_counter":[],"footnotes":""},"categories":[1],"tags":[305],"class_list":["post-5557","post","type-post","status-publish","format-standard","has-post-thumbnail","hentry","category-genel","tag-sube-genel-kurulu"],"_links":{"self":[{"href":"https:\/\/belediyeis.org.tr\/merkez\/wp-json\/wp\/v2\/posts\/5557","targetHints":{"allow":["GET"]}}],"collection":[{"href":"https:\/\/belediyeis.org.tr\/merkez\/wp-json\/wp\/v2\/posts"}],"about":[{"href":"https:\/\/belediyeis.org.tr\/merkez\/wp-json\/wp\/v2\/types\/post"}],"author":[{"embeddable":true,"href":"https:\/\/belediyeis.org.tr\/merkez\/wp-json\/wp\/v2\/users\/4"}],"replies":[{"embeddable":true,"href":"https:\/\/belediyeis.org.tr\/merkez\/wp-json\/wp\/v2\/comments?post=5557"}],"version-history":[{"count":1,"href":"https:\/\/belediyeis.org.tr\/merkez\/wp-json\/wp\/v2\/posts\/5557\/revisions"}],"predecessor-version":[{"id":5561,"href":"https:\/\/belediyeis.org.tr\/merkez\/wp-json\/wp\/v2\/posts\/5557\/revisions\/5561"}],"wp:featuredmedia":[{"embeddable":true,"href":"https:\/\/belediyeis.org.tr\/merkez\/wp-json\/wp\/v2\/media\/5558"}],"wp:attachment":[{"href":"https:\/\/belediyeis.org.tr\/merkez\/wp-json\/wp\/v2\/media?parent=5557"}],"wp:term":[{"taxonomy":"category","embeddable":true,"href":"https:\/\/belediyeis.org.tr\/merkez\/wp-json\/wp\/v2\/categories?post=5557"},{"taxonomy":"post_tag","embeddable":true,"href":"https:\/\/belediyeis.org.tr\/merkez\/wp-json\/wp\/v2\/tags?post=5557"}],"curies":[{"name":"wp","href":"https:\/\/api.w.org\/{rel}","templated":true}]}}