{"id":5552,"date":"2025-10-26T17:31:36","date_gmt":"2025-10-26T14:31:36","guid":{"rendered":"https:\/\/belediyeis.org.tr\/merkez\/?p=5552"},"modified":"2025-10-26T17:34:26","modified_gmt":"2025-10-26T14:34:26","slug":"afyonkarahisar-subenin-11-olagan-genel-kurulu-yapildi","status":"publish","type":"post","link":"https:\/\/belediyeis.org.tr\/merkez\/2025\/10\/26\/afyonkarahisar-subenin-11-olagan-genel-kurulu-yapildi\/","title":{"rendered":"Afyonkarahisar \u015eube\u2019nin 11. Ola\u011fan Genel Kurulu yap\u0131ld\u0131"},"content":{"rendered":"<p>Mcg \u00c7akmak Marble Hotel Toplant\u0131 Salonundaki Genel Kurulun Divan Ba\u015fkanl\u0131\u011f\u0131n\u0131 Sendikam\u0131z E\u011fitim Uzman\u0131 Mehmet Ali Candan yaparken, Divan Ba\u015fkan Yard\u0131mc\u0131l\u0131\u011f\u0131n\u0131 K\u00fctahya \u015eube Ba\u015fkan\u0131 Alaaddin \u00d6z\u00e7all\u0131, Divan Katip \u00fcyeliklerini ise Konya \u015eube Ba\u015fkan\u0131 \u0130brahim Koral, delegelerimizden Nihal Bekte\u015f ve Nermin Sert \u00fcstlendiler.<\/p>\n<p>Genel Kurula delegelerimizin ve \u00fcyelerimizin yan\u0131 s\u0131ra,\u00a0 Erkmen Belediye Ba\u015fkan\u0131 Y\u00fccel \u015eahin, T\u00fcrk-\u0130\u015f Afyonkarahisar \u0130l Temsilcisi Muharrem Uslu, T\u00fcrk Yerel Hizmet Sendikas\u0131 Genel Ba\u015fkan Yard\u0131mc\u0131s\u0131 Mehmet Demir, T\u00fcrk Yerel Hizmet Sendikas\u0131 \u015eube Ba\u015fkan\u0131 Hasan Temizsoy, Demiryol \u0130\u015f Sendikas\u0131 Afyonkarahisar \u015eube Ba\u015fkan\u0131 Ali Ayd\u0131n, Tes-\u0130\u015f Isparta \u015eubesi Mali Sekreteri Ahmet Kara\u015fahin, AK Parti \u0130l Ba\u015fkan Yard\u0131mc\u0131s\u0131 Muharrem Y\u0131lmazaslan, Demokrat Parti \u0130l Ba\u015fkan\u0131 Hikmet B\u00fclb\u00fcl, Deva Partisi \u0130l Ba\u015fkan\u0131 Alper Kocat\u00fcrk, MHP \u0130l Ba\u015fkan Vekili Recep Yaman, Saadet Partisi \u0130l Ba\u015fkan Yard\u0131mc\u0131s\u0131 Hasan Yavuz, Gelecek Partisi \u0130l Ba\u015fkan\u0131 Niyazi Erta\u015f, AK Parti Afyonkarahisar Merkez \u0130l\u00e7e Y\u00f6netim Kurulu \u00fcyesi \u015e\u00fckr\u00fc Bal\u0131k, Anahtar Parti Afyonkarahisar \u0130l Ba\u015fkan\u0131 Mevl\u00fct Kaya, Yeniden Refah Partisi \u0130l Ba\u015fkan\u0131 Zeki \u00c7etinkaya, Afyonkarahisar Belediye Meclis \u00fcyesi Mehmet Argadal ile Sendikam\u0131z Burdur \u015eube Ba\u015fkan\u0131 Ferit \u00c7elikba\u015f, Eski\u015fehir \u015eube Ba\u015fkan\u0131 Kemal Azak, K\u00fctahya \u015eube Ba\u015fkan Yard\u0131mc\u0131s\u0131 Osman \u00d6zmen de kat\u0131ld\u0131lar.<\/p>\n<p>Genel Kurulda yap\u0131lan se\u00e7imlerin ard\u0131ndan kurullara se\u00e7ilenlere ba\u015far\u0131lar dileriz.<\/p>\n<p><img fetchpriority=\"high\" decoding=\"async\" class=\"alignnone size-large wp-image-5564\" src=\"http:\/\/belediyeis.org.tr\/merkez\/wp-content\/uploads\/2025\/10\/WhatsApp-Image-2025-10-26-at-12.15.31-2-1024x768.jpeg\" alt=\"\" width=\"1024\" height=\"768\" srcset=\"https:\/\/belediyeis.org.tr\/merkez\/wp-content\/uploads\/2025\/10\/WhatsApp-Image-2025-10-26-at-12.15.31-2-1024x768.jpeg 1024w, https:\/\/belediyeis.org.tr\/merkez\/wp-content\/uploads\/2025\/10\/WhatsApp-Image-2025-10-26-at-12.15.31-2-300x225.jpeg 300w, https:\/\/belediyeis.org.tr\/merkez\/wp-content\/uploads\/2025\/10\/WhatsApp-Image-2025-10-26-at-12.15.31-2-768x576.jpeg 768w, https:\/\/belediyeis.org.tr\/merkez\/wp-content\/uploads\/2025\/10\/WhatsApp-Image-2025-10-26-at-12.15.31-2-1536x1152.jpeg 1536w, https:\/\/belediyeis.org.tr\/merkez\/wp-content\/uploads\/2025\/10\/WhatsApp-Image-2025-10-26-at-12.15.31-2-750x563.jpeg 750w, https:\/\/belediyeis.org.tr\/merkez\/wp-content\/uploads\/2025\/10\/WhatsApp-Image-2025-10-26-at-12.15.31-2-1140x855.jpeg 1140w, https:\/\/belediyeis.org.tr\/merkez\/wp-content\/uploads\/2025\/10\/WhatsApp-Image-2025-10-26-at-12.15.31-2.jpeg 1600w\" sizes=\"(max-width: 1024px) 100vw, 1024px\" \/> <img decoding=\"async\" class=\"alignnone size-large wp-image-5565\" src=\"http:\/\/belediyeis.org.tr\/merkez\/wp-content\/uploads\/2025\/10\/WhatsApp-Image-2025-10-26-at-17.26.44-1024x720.jpeg\" alt=\"\" width=\"1024\" height=\"720\" srcset=\"https:\/\/belediyeis.org.tr\/merkez\/wp-content\/uploads\/2025\/10\/WhatsApp-Image-2025-10-26-at-17.26.44-1024x720.jpeg 1024w, https:\/\/belediyeis.org.tr\/merkez\/wp-content\/uploads\/2025\/10\/WhatsApp-Image-2025-10-26-at-17.26.44-300x211.jpeg 300w, https:\/\/belediyeis.org.tr\/merkez\/wp-content\/uploads\/2025\/10\/WhatsApp-Image-2025-10-26-at-17.26.44-768x540.jpeg 768w, https:\/\/belediyeis.org.tr\/merkez\/wp-content\/uploads\/2025\/10\/WhatsApp-Image-2025-10-26-at-17.26.44-750x527.jpeg 750w, https:\/\/belediyeis.org.tr\/merkez\/wp-content\/uploads\/2025\/10\/WhatsApp-Image-2025-10-26-at-17.26.44.jpeg 1074w\" sizes=\"(max-width: 1024px) 100vw, 1024px\" \/><\/p>\n","protected":false},"excerpt":{"rendered":"<p>Mcg \u00c7akmak Marble Hotel Toplant\u0131 Salonundaki Genel Kurulun Divan Ba\u015fkanl\u0131\u011f\u0131n\u0131 Sendikam\u0131z E\u011fitim Uzman\u0131 Mehmet Ali Candan yaparken, Divan Ba\u015fkan Yard\u0131mc\u0131l\u0131\u011f\u0131n\u0131 K\u00fctahya \u015eube Ba\u015fkan\u0131 Alaaddin \u00d6z\u00e7all\u0131, Divan Katip \u00fcyeliklerini ise Konya \u015eube Ba\u015fkan\u0131 \u0130brahim Koral, delegelerimizden Nihal Bekte\u015f ve Nermin Sert \u00fcstlendiler. Genel Kurula delegelerimizin ve \u00fcyelerimizin yan\u0131 s\u0131ra,\u00a0 Erkmen Belediye Ba\u015fkan\u0131 Y\u00fccel \u015eahin, T\u00fcrk-\u0130\u015f Afyonkarahisar [&hellip;]<\/p>\n","protected":false},"author":3,"featured_media":5553,"comment_status":"open","ping_status":"open","sticky":false,"template":"","format":"standard","meta":{"jnews-multi-image_gallery":[],"jnews_single_post":{"format":"standard","override":[{"template":"7","parallax":"1","layout":"no-sidebar-narrow","sidebar":"default-sidebar","second_sidebar":"default-sidebar","sticky_sidebar":"1","share_position":"hide","share_float_style":"share-normal","show_share_counter":"1","show_view_counter":"1","show_featured":"1","show_post_meta":"1","show_post_author_image":"1","show_post_date":"1","post_date_format":"default","post_date_format_custom":"Y\/m\/d","post_reading_time_wpm":"300","post_calculate_word_method":"str_word_count","show_zoom_button":"1","zoom_button_out_step":"2","zoom_button_in_step":"3","show_post_tag":"1","number_popup_post":"1","show_post_related":"1"}],"image_override":[{"single_post_thumbnail_size":"no-crop","single_post_gallery_size":"crop-715"}],"trending_post_position":"meta","trending_post_label":"Trending","sponsored_post_label":"Sponsored by","disable_ad":"0","subtitle":""},"jnews_primary_category":[],"jnews_social_meta":[],"jnews_override_counter":{"view_counter_number":"0","share_counter_number":"0","like_counter_number":"0","dislike_counter_number":"0"},"footnotes":""},"categories":[1],"tags":[],"class_list":["post-5552","post","type-post","status-publish","format-standard","has-post-thumbnail","hentry","category-genel"],"_links":{"self":[{"href":"https:\/\/belediyeis.org.tr\/merkez\/wp-json\/wp\/v2\/posts\/5552","targetHints":{"allow":["GET"]}}],"collection":[{"href":"https:\/\/belediyeis.org.tr\/merkez\/wp-json\/wp\/v2\/posts"}],"about":[{"href":"https:\/\/belediyeis.org.tr\/merkez\/wp-json\/wp\/v2\/types\/post"}],"author":[{"embeddable":true,"href":"https:\/\/belediyeis.org.tr\/merkez\/wp-json\/wp\/v2\/users\/3"}],"replies":[{"embeddable":true,"href":"https:\/\/belediyeis.org.tr\/merkez\/wp-json\/wp\/v2\/comments?post=5552"}],"version-history":[{"count":1,"href":"https:\/\/belediyeis.org.tr\/merkez\/wp-json\/wp\/v2\/posts\/5552\/revisions"}],"predecessor-version":[{"id":5566,"href":"https:\/\/belediyeis.org.tr\/merkez\/wp-json\/wp\/v2\/posts\/5552\/revisions\/5566"}],"wp:featuredmedia":[{"embeddable":true,"href":"https:\/\/belediyeis.org.tr\/merkez\/wp-json\/wp\/v2\/media\/5553"}],"wp:attachment":[{"href":"https:\/\/belediyeis.org.tr\/merkez\/wp-json\/wp\/v2\/media?parent=5552"}],"wp:term":[{"taxonomy":"category","embeddable":true,"href":"https:\/\/belediyeis.org.tr\/merkez\/wp-json\/wp\/v2\/categories?post=5552"},{"taxonomy":"post_tag","embeddable":true,"href":"https:\/\/belediyeis.org.tr\/merkez\/wp-json\/wp\/v2\/tags?post=5552"}],"curies":[{"name":"wp","href":"https:\/\/api.w.org\/{rel}","templated":true}]}}