{"id":5547,"date":"2025-10-25T17:14:06","date_gmt":"2025-10-25T14:14:06","guid":{"rendered":"https:\/\/belediyeis.org.tr\/merkez\/?p=5547"},"modified":"2025-10-25T17:14:06","modified_gmt":"2025-10-25T14:14:06","slug":"rize-subenin-2-olagan-genel-kurulu-yapildi","status":"publish","type":"post","link":"https:\/\/belediyeis.org.tr\/merkez\/2025\/10\/25\/rize-subenin-2-olagan-genel-kurulu-yapildi\/","title":{"rendered":"Rize \u015eube\u2019nin 2. Ola\u011fan Genel Kurulu yap\u0131ld\u0131."},"content":{"rendered":"<p>Genel Kurulun Divan Ba\u015fkanl\u0131\u011f\u0131n\u0131 sendikam\u0131z Toplu \u0130\u015f S\u00f6zle\u015fmeleri Genel Sekreteri G\u00fcney Demirda\u015f yaparken, Divan Ba\u015fkan Yard\u0131mc\u0131l\u0131\u011f\u0131n\u0131 Trabzon \u015eube Ba\u015fkan\u0131 Numan \u00d6zt\u00fcrk, Divan Katip \u00fcyeliklerini ise Genel Denetleme Kurulu \u00dcyesi K\u00fcbra \u00c7etinkaya, Ordu \u015eube Ba\u015fkan\u0131 Kadir Altun ve \u00fcyemiz Kader Bilgin Y\u0131ld\u0131r\u0131m \u00fcstlendiler.<\/p>\n<p>Genel Kurula delegelerimizin ve \u00fcyelerimizin yan\u0131 s\u0131ra, T\u00dcRK-\u0130\u015e Rize \u0130l Temsilcisi Harun Erdo\u011fan, CHP Rize \u0130l Ba\u015fkan\u0131 Saltuk Deniz, CHP Merkez \u0130l\u00e7e Ba\u015fkan Yard\u0131mc\u0131s\u0131 Hamza Bekta\u015f, CHP Pazar \u0130l\u00e7e Ba\u015fkan\u0131 \u00d6mer Hocao\u011flu, Madenli Belediye Ba\u015fkan\u0131 Mustafa \u00c7al\u0131\u015fkan, Pazar Belediye Ba\u015fkan Yard\u0131mc\u0131s\u0131 Ahmet \u015een, CHP Rize \u0130l Y\u00f6neticisi Mustafa Ek\u015fi, Pazar Belediyesi Meclis \u00dcyeleri S\u00fcleyman Terzi ve Hasan Telatar, Kamu-Sen Rize \u0130l Ba\u015fkan\u0131 Murat K\u00f6seo\u011flu, TEKGIDA-\u0130\u015f Sendikas\u0131 Rize \u0130l Ba\u015fkan\u0131 Ahmet Feyiz, E\u011fitim-\u0130\u015f Sendikas\u0131 Rize \u015eube Ba\u015fkan\u0131 Hamza Kutay, T\u00fcm Bel-Sen Rize \u0130l Ba\u015fkan\u0131 \u00d6mer Salih Erol, Emekliler Derne\u011fi Rize \u0130l Ba\u015fkan\u0131 Recep Ali Derman, sendikam\u0131z Genel Denetleme Kurulu \u00dcyesi Gamze Ceylan, Amasya \u015eube Ba\u015fkan\u0131 Tu\u011frul Sevindi, \u00c7orum \u015eube Ba\u015fkan\u0131 Mehmet \u015een, Giresun \u015eube Ba\u015fkan\u0131 Halil Ye\u015filtepe, B\u00f6lge Avukat\u0131 Tar\u0131k Kuralay, \u00f6nceki d\u00f6nem Rize \u015eube Ba\u015fkanlar\u0131 Dursun Dalga ve Muammer \u00d6ks\u00fcz de kat\u0131ld\u0131lar.<\/p>\n<p>Genel Kurulda yap\u0131lan se\u00e7imlerin ard\u0131ndan kurullara se\u00e7ilenlere ba\u015far\u0131lar dileriz.<\/p>\n<p><img fetchpriority=\"high\" decoding=\"async\" class=\"alignnone size-medium wp-image-5549\" src=\"http:\/\/belediyeis.org.tr\/merkez\/wp-content\/uploads\/2025\/10\/WhatsApp-Image-2025-10-25-at-12.55.36-300x225.jpeg\" alt=\"\" width=\"300\" height=\"225\" srcset=\"https:\/\/belediyeis.org.tr\/merkez\/wp-content\/uploads\/2025\/10\/WhatsApp-Image-2025-10-25-at-12.55.36-300x225.jpeg 300w, https:\/\/belediyeis.org.tr\/merkez\/wp-content\/uploads\/2025\/10\/WhatsApp-Image-2025-10-25-at-12.55.36-1024x768.jpeg 1024w, https:\/\/belediyeis.org.tr\/merkez\/wp-content\/uploads\/2025\/10\/WhatsApp-Image-2025-10-25-at-12.55.36-768x576.jpeg 768w, https:\/\/belediyeis.org.tr\/merkez\/wp-content\/uploads\/2025\/10\/WhatsApp-Image-2025-10-25-at-12.55.36-1536x1152.jpeg 1536w, https:\/\/belediyeis.org.tr\/merkez\/wp-content\/uploads\/2025\/10\/WhatsApp-Image-2025-10-25-at-12.55.36-750x563.jpeg 750w, https:\/\/belediyeis.org.tr\/merkez\/wp-content\/uploads\/2025\/10\/WhatsApp-Image-2025-10-25-at-12.55.36-1140x855.jpeg 1140w, https:\/\/belediyeis.org.tr\/merkez\/wp-content\/uploads\/2025\/10\/WhatsApp-Image-2025-10-25-at-12.55.36.jpeg 1600w\" sizes=\"(max-width: 300px) 100vw, 300px\" \/><img decoding=\"async\" class=\"alignnone size-medium wp-image-5550\" src=\"http:\/\/belediyeis.org.tr\/merkez\/wp-content\/uploads\/2025\/10\/WhatsApp-Image-2025-10-25-at-12.55.37-300x137.jpeg\" alt=\"\" width=\"300\" height=\"137\" srcset=\"https:\/\/belediyeis.org.tr\/merkez\/wp-content\/uploads\/2025\/10\/WhatsApp-Image-2025-10-25-at-12.55.37-300x137.jpeg 300w, https:\/\/belediyeis.org.tr\/merkez\/wp-content\/uploads\/2025\/10\/WhatsApp-Image-2025-10-25-at-12.55.37-1024x466.jpeg 1024w, https:\/\/belediyeis.org.tr\/merkez\/wp-content\/uploads\/2025\/10\/WhatsApp-Image-2025-10-25-at-12.55.37-768x349.jpeg 768w, https:\/\/belediyeis.org.tr\/merkez\/wp-content\/uploads\/2025\/10\/WhatsApp-Image-2025-10-25-at-12.55.37-1536x699.jpeg 1536w, https:\/\/belediyeis.org.tr\/merkez\/wp-content\/uploads\/2025\/10\/WhatsApp-Image-2025-10-25-at-12.55.37-750x341.jpeg 750w, https:\/\/belediyeis.org.tr\/merkez\/wp-content\/uploads\/2025\/10\/WhatsApp-Image-2025-10-25-at-12.55.37-1140x519.jpeg 1140w, https:\/\/belediyeis.org.tr\/merkez\/wp-content\/uploads\/2025\/10\/WhatsApp-Image-2025-10-25-at-12.55.37.jpeg 1600w\" sizes=\"(max-width: 300px) 100vw, 300px\" \/><\/p>\n","protected":false},"excerpt":{"rendered":"<p>Genel Kurulun Divan Ba\u015fkanl\u0131\u011f\u0131n\u0131 sendikam\u0131z Toplu \u0130\u015f S\u00f6zle\u015fmeleri Genel Sekreteri G\u00fcney Demirda\u015f yaparken, Divan Ba\u015fkan Yard\u0131mc\u0131l\u0131\u011f\u0131n\u0131 Trabzon \u015eube Ba\u015fkan\u0131 Numan \u00d6zt\u00fcrk, Divan Katip \u00fcyeliklerini ise Genel Denetleme Kurulu \u00dcyesi K\u00fcbra \u00c7etinkaya, Ordu \u015eube Ba\u015fkan\u0131 Kadir Altun ve \u00fcyemiz Kader Bilgin Y\u0131ld\u0131r\u0131m \u00fcstlendiler. Genel Kurula delegelerimizin ve \u00fcyelerimizin yan\u0131 s\u0131ra, T\u00dcRK-\u0130\u015e Rize \u0130l Temsilcisi Harun Erdo\u011fan, [&hellip;]<\/p>\n","protected":false},"author":4,"featured_media":5548,"comment_status":"open","ping_status":"open","sticky":false,"template":"","format":"standard","meta":{"jnews-multi-image_gallery":[],"jnews_single_post":{"subtitle":""},"jnews_primary_category":[],"jnews_social_meta":[],"jnews_override_counter":[],"footnotes":""},"categories":[1],"tags":[305],"class_list":["post-5547","post","type-post","status-publish","format-standard","has-post-thumbnail","hentry","category-genel","tag-sube-genel-kurulu"],"_links":{"self":[{"href":"https:\/\/belediyeis.org.tr\/merkez\/wp-json\/wp\/v2\/posts\/5547","targetHints":{"allow":["GET"]}}],"collection":[{"href":"https:\/\/belediyeis.org.tr\/merkez\/wp-json\/wp\/v2\/posts"}],"about":[{"href":"https:\/\/belediyeis.org.tr\/merkez\/wp-json\/wp\/v2\/types\/post"}],"author":[{"embeddable":true,"href":"https:\/\/belediyeis.org.tr\/merkez\/wp-json\/wp\/v2\/users\/4"}],"replies":[{"embeddable":true,"href":"https:\/\/belediyeis.org.tr\/merkez\/wp-json\/wp\/v2\/comments?post=5547"}],"version-history":[{"count":1,"href":"https:\/\/belediyeis.org.tr\/merkez\/wp-json\/wp\/v2\/posts\/5547\/revisions"}],"predecessor-version":[{"id":5551,"href":"https:\/\/belediyeis.org.tr\/merkez\/wp-json\/wp\/v2\/posts\/5547\/revisions\/5551"}],"wp:featuredmedia":[{"embeddable":true,"href":"https:\/\/belediyeis.org.tr\/merkez\/wp-json\/wp\/v2\/media\/5548"}],"wp:attachment":[{"href":"https:\/\/belediyeis.org.tr\/merkez\/wp-json\/wp\/v2\/media?parent=5547"}],"wp:term":[{"taxonomy":"category","embeddable":true,"href":"https:\/\/belediyeis.org.tr\/merkez\/wp-json\/wp\/v2\/categories?post=5547"},{"taxonomy":"post_tag","embeddable":true,"href":"https:\/\/belediyeis.org.tr\/merkez\/wp-json\/wp\/v2\/tags?post=5547"}],"curies":[{"name":"wp","href":"https:\/\/api.w.org\/{rel}","templated":true}]}}