{"id":5541,"date":"2025-10-25T17:03:22","date_gmt":"2025-10-25T14:03:22","guid":{"rendered":"https:\/\/belediyeis.org.tr\/merkez\/?p=5541"},"modified":"2025-10-25T17:08:08","modified_gmt":"2025-10-25T14:08:08","slug":"gaziantep-subenin-13-olagan-genel-kurulu-yapildi","status":"publish","type":"post","link":"https:\/\/belediyeis.org.tr\/merkez\/2025\/10\/25\/gaziantep-subenin-13-olagan-genel-kurulu-yapildi\/","title":{"rendered":"Gaziantep \u015eube\u2019nin 13. Ola\u011fan Genel Kurulu yap\u0131ld\u0131."},"content":{"rendered":"<p>Genel Kurulun Divan Ba\u015fkanl\u0131\u011f\u0131n\u0131 sendikam\u0131z Ankara \u015eube Ba\u015fkan\u0131 Murat Yurdakul yaparken, Divan Ba\u015fkan Yard\u0131mc\u0131l\u0131klar\u0131n\u0131 Malatya \u015eube Ba\u015fkan\u0131 Osman Nuri Solmazg\u00fcl ve Mersin 1 Nolu \u015eube Ba\u015fkan\u0131 Nail Kaya, Divan Katip \u00fcyeliklerini ise Adana \u015eube Ba\u015fkan\u0131 Aytekin Aybar ile Ad\u0131yaman \u015eube Ba\u015fkan\u0131 Mehmet Akif Atl\u0131han \u00fcstlendiler.<\/p>\n<p>Genel Kurula delegelerimizin ve \u00fcyelerimizin yan\u0131 s\u0131ra, Yavuzeli Belediye Ba\u015fkan\u0131 Mehmet Kaya, Nizip Belediye Ba\u015fkan Yard\u0131mc\u0131s\u0131 Orhan Me\u015fe, T\u00fcmtis \u015eube Ba\u015fkan\u0131 Mahmut Canyurt, Tez Koop-\u0130\u015f Sendikas\u0131 \u015eube Ba\u015fkan\u0131 Bilal \u00d6ztokmak, Haber-\u0130\u015f Sendikas\u0131 \u0130l Temsilcisi Akif Tazeo\u011flu ile sendikam\u0131z Hatay \u015eube Ba\u015fkan\u0131 Emre Ye\u015fil\u00e7ay, B\u00f6lge Avukat\u0131 Yusuf \u015eim\u015fek ve \u00f6nceki d\u00f6nem Hatay \u015eube Ba\u015fkan\u0131 Abdi Ata\u00e7 kat\u0131ld\u0131lar.<\/p>\n<p>Genel Kurulda yap\u0131lan se\u00e7imlerin ard\u0131ndan kurullara se\u00e7ilenlere ba\u015far\u0131lar dileriz.<\/p>\n<p><img fetchpriority=\"high\" decoding=\"async\" class=\"alignnone size-medium wp-image-5542\" src=\"http:\/\/belediyeis.org.tr\/merkez\/wp-content\/uploads\/2025\/10\/WhatsApp-Image-2025-10-25-at-13.45.58-225x300.jpeg\" alt=\"\" width=\"225\" height=\"300\" srcset=\"https:\/\/belediyeis.org.tr\/merkez\/wp-content\/uploads\/2025\/10\/WhatsApp-Image-2025-10-25-at-13.45.58-225x300.jpeg 225w, https:\/\/belediyeis.org.tr\/merkez\/wp-content\/uploads\/2025\/10\/WhatsApp-Image-2025-10-25-at-13.45.58-768x1024.jpeg 768w, https:\/\/belediyeis.org.tr\/merkez\/wp-content\/uploads\/2025\/10\/WhatsApp-Image-2025-10-25-at-13.45.58-1152x1536.jpeg 1152w, https:\/\/belediyeis.org.tr\/merkez\/wp-content\/uploads\/2025\/10\/WhatsApp-Image-2025-10-25-at-13.45.58-750x1000.jpeg 750w, https:\/\/belediyeis.org.tr\/merkez\/wp-content\/uploads\/2025\/10\/WhatsApp-Image-2025-10-25-at-13.45.58-1140x1520.jpeg 1140w, https:\/\/belediyeis.org.tr\/merkez\/wp-content\/uploads\/2025\/10\/WhatsApp-Image-2025-10-25-at-13.45.58.jpeg 1200w\" sizes=\"(max-width: 225px) 100vw, 225px\" \/><img decoding=\"async\" class=\"alignnone size-medium wp-image-5544\" src=\"http:\/\/belediyeis.org.tr\/merkez\/wp-content\/uploads\/2025\/10\/WhatsApp-Image-2025-10-25-at-13.46.33-225x300.jpeg\" alt=\"\" width=\"225\" height=\"300\" srcset=\"https:\/\/belediyeis.org.tr\/merkez\/wp-content\/uploads\/2025\/10\/WhatsApp-Image-2025-10-25-at-13.46.33-225x300.jpeg 225w, https:\/\/belediyeis.org.tr\/merkez\/wp-content\/uploads\/2025\/10\/WhatsApp-Image-2025-10-25-at-13.46.33-768x1024.jpeg 768w, https:\/\/belediyeis.org.tr\/merkez\/wp-content\/uploads\/2025\/10\/WhatsApp-Image-2025-10-25-at-13.46.33-1152x1536.jpeg 1152w, https:\/\/belediyeis.org.tr\/merkez\/wp-content\/uploads\/2025\/10\/WhatsApp-Image-2025-10-25-at-13.46.33-750x1000.jpeg 750w, https:\/\/belediyeis.org.tr\/merkez\/wp-content\/uploads\/2025\/10\/WhatsApp-Image-2025-10-25-at-13.46.33-1140x1520.jpeg 1140w, https:\/\/belediyeis.org.tr\/merkez\/wp-content\/uploads\/2025\/10\/WhatsApp-Image-2025-10-25-at-13.46.33.jpeg 1200w\" sizes=\"(max-width: 225px) 100vw, 225px\" \/><\/p>\n","protected":false},"excerpt":{"rendered":"<p>Genel Kurulun Divan Ba\u015fkanl\u0131\u011f\u0131n\u0131 sendikam\u0131z Ankara \u015eube Ba\u015fkan\u0131 Murat Yurdakul yaparken, Divan Ba\u015fkan Yard\u0131mc\u0131l\u0131klar\u0131n\u0131 Malatya \u015eube Ba\u015fkan\u0131 Osman Nuri Solmazg\u00fcl ve Mersin 1 Nolu \u015eube Ba\u015fkan\u0131 Nail Kaya, Divan Katip \u00fcyeliklerini ise Adana \u015eube Ba\u015fkan\u0131 Aytekin Aybar ile Ad\u0131yaman \u015eube Ba\u015fkan\u0131 Mehmet Akif Atl\u0131han \u00fcstlendiler. Genel Kurula delegelerimizin ve \u00fcyelerimizin yan\u0131 s\u0131ra, Yavuzeli Belediye Ba\u015fkan\u0131 [&hellip;]<\/p>\n","protected":false},"author":4,"featured_media":5543,"comment_status":"open","ping_status":"open","sticky":false,"template":"","format":"standard","meta":{"jnews-multi-image_gallery":[],"jnews_single_post":{"subtitle":"","format":"standard","override":[{"template":"7","parallax":"1","layout":"no-sidebar-narrow","sidebar":"default-sidebar","second_sidebar":"default-sidebar","sticky_sidebar":"1","share_position":"hide","share_float_style":"share-normal","show_share_counter":"1","show_view_counter":"1","show_featured":"1","show_post_meta":"1","show_post_author_image":"1","show_post_date":"1","post_date_format":"default","post_date_format_custom":"Y\/m\/d","post_reading_time_wpm":"300","post_calculate_word_method":"str_word_count","show_zoom_button":"1","zoom_button_out_step":"2","zoom_button_in_step":"3","show_post_tag":"1","number_popup_post":"1","show_post_related":"1"}],"image_override":[{"single_post_thumbnail_size":"no-crop","single_post_gallery_size":"crop-715"}],"trending_post_position":"meta","trending_post_label":"Trending","sponsored_post_label":"Sponsored by","disable_ad":"0"},"jnews_primary_category":[],"jnews_social_meta":[],"jnews_override_counter":{"view_counter_number":"0","share_counter_number":"0","like_counter_number":"0","dislike_counter_number":"0"},"footnotes":""},"categories":[1],"tags":[305],"class_list":["post-5541","post","type-post","status-publish","format-standard","has-post-thumbnail","hentry","category-genel","tag-sube-genel-kurulu"],"_links":{"self":[{"href":"https:\/\/belediyeis.org.tr\/merkez\/wp-json\/wp\/v2\/posts\/5541","targetHints":{"allow":["GET"]}}],"collection":[{"href":"https:\/\/belediyeis.org.tr\/merkez\/wp-json\/wp\/v2\/posts"}],"about":[{"href":"https:\/\/belediyeis.org.tr\/merkez\/wp-json\/wp\/v2\/types\/post"}],"author":[{"embeddable":true,"href":"https:\/\/belediyeis.org.tr\/merkez\/wp-json\/wp\/v2\/users\/4"}],"replies":[{"embeddable":true,"href":"https:\/\/belediyeis.org.tr\/merkez\/wp-json\/wp\/v2\/comments?post=5541"}],"version-history":[{"count":2,"href":"https:\/\/belediyeis.org.tr\/merkez\/wp-json\/wp\/v2\/posts\/5541\/revisions"}],"predecessor-version":[{"id":5546,"href":"https:\/\/belediyeis.org.tr\/merkez\/wp-json\/wp\/v2\/posts\/5541\/revisions\/5546"}],"wp:featuredmedia":[{"embeddable":true,"href":"https:\/\/belediyeis.org.tr\/merkez\/wp-json\/wp\/v2\/media\/5543"}],"wp:attachment":[{"href":"https:\/\/belediyeis.org.tr\/merkez\/wp-json\/wp\/v2\/media?parent=5541"}],"wp:term":[{"taxonomy":"category","embeddable":true,"href":"https:\/\/belediyeis.org.tr\/merkez\/wp-json\/wp\/v2\/categories?post=5541"},{"taxonomy":"post_tag","embeddable":true,"href":"https:\/\/belediyeis.org.tr\/merkez\/wp-json\/wp\/v2\/tags?post=5541"}],"curies":[{"name":"wp","href":"https:\/\/api.w.org\/{rel}","templated":true}]}}