{"id":5512,"date":"2025-10-21T14:43:37","date_gmt":"2025-10-21T11:43:37","guid":{"rendered":"https:\/\/belediyeis.org.tr\/merkez\/?p=5512"},"modified":"2025-10-21T14:43:37","modified_gmt":"2025-10-21T11:43:37","slug":"milli-mucadele-atesinin-yakildigi-cumhuriyetin-filizlendigi-samsunda-sendika-degistirme-baskisina-son-verin","status":"publish","type":"post","link":"https:\/\/belediyeis.org.tr\/merkez\/2025\/10\/21\/milli-mucadele-atesinin-yakildigi-cumhuriyetin-filizlendigi-samsunda-sendika-degistirme-baskisina-son-verin\/","title":{"rendered":"Milli M\u00fccadele Ate\u015finin Yak\u0131ld\u0131\u011f\u0131, Cumhuriyet\u2019in Filizlendi\u011fi Samsun\u2019da Sendika De\u011fi\u015ftirme Bask\u0131s\u0131na Son Verin!"},"content":{"rendered":"<p>Belediye-\u0130\u015f Sendikas\u0131 45 y\u0131ld\u0131r Samsun B\u00fcy\u00fck\u015fehir Belediyesinde \u00f6rg\u00fctl\u00fc sendikad\u0131r. Y\u0131llar i\u00e7inde belediye ba\u015fkanlar\u0131 de\u011fi\u015fse de Samsun B\u00fcy\u00fck\u015fehir belediye emek\u00e7isinin sendika tercihi hep Belediye-\u0130\u015f\u2019ten yana olmu\u015ftur.<\/p>\n<p>\u00d6rg\u00fctl\u00fc oldu\u011fumuz bu 45 y\u0131l i\u00e7inde Samsun\u2019da belediye ba\u015fkanl\u0131\u011f\u0131 yapm\u0131\u015f olan <strong>\u201cbelediye i\u015f\u00e7isinin sendikal tercihi bizim i\u015fimiz de\u011fil, bizim i\u015fimiz halka hizmet, i\u015f\u00e7i kendi sendikas\u0131n\u0131 se\u00e7er\u201d<\/strong> diyen, i\u015f\u00e7inin iradesine sayg\u0131 duyan t\u00fcm belediye ba\u015fkanlar\u0131na eme\u011fe, emek\u00e7iye sayg\u0131lar\u0131ndan \u00f6t\u00fcr\u00fc te\u015fekk\u00fcr ediyoruz. Vefat edenlere Allah\u2019tan rahmet diliyoruz.<\/p>\n<p>Bu kadar eskiye dayanan bir \u00f6rg\u00fctl\u00fcl\u00fc\u011f\u00fcm\u00fcz\u00fcn oldu\u011fu Samsun B\u00fcy\u00fck\u015fehir Belediyesi\u2019nde ge\u00e7en hafta, \u00d6zel kalem m\u00fcd\u00fcr\u00fcn\u00fcn, daire ba\u015fkanlar\u0131n\u0131n, amirlerin y\u00fcz y\u00fcze, telefonla, mesajla<strong>, <\/strong>\u015fantiyelere m\u00fcdahale edip, <strong>\u201cBelediye-\u0130\u015f\u2019ten istifa edip, Hizmet-\u0130\u015f\u2019e \u00fcye olmayana i\u015f vermeyin\u201d<\/strong> bask\u0131lar\u0131yla Samsun B\u00fcy\u00fck\u015fehir Belediyesine ba\u011fl\u0131 Samsun K\u00fclt\u00fcr Turizm Ticaret A.\u015e. ve Su ve Kanalizasyon Genel M\u00fcd\u00fcrl\u00fc\u011f\u00fc (SASK\u0130) i\u015fyerlerinde \u00e7al\u0131\u015fan sendikam\u0131z \u00fcyesi emek\u00e7iler, Anayasal, yasal, demokratik sendika se\u00e7me hakk\u0131na m\u00fcdahale edilerek sendikam\u0131zdan istifaya, Hak-\u0130\u015f\/Hizmet-\u0130\u015f\u2019e \u00fcye olmaya zorland\u0131.<\/p>\n<p>\u00dcstelik b\u00fct\u00fcn bu hukuksuzluklar, hukuk\u00e7u bir ba\u015fkan\u0131n y\u00f6netti\u011fi Samsun B\u00fcy\u00fck\u015fehir Belediyesi\u2019nde ya\u015fand\u0131. Hukuk, adalet, vicdan hakkaniyet ayaklar alt\u0131na al\u0131nd\u0131. \u00dcyelerimizin bir k\u0131sm\u0131 \u00f6zg\u00fcr iradesiyle se\u00e7ti\u011fi sendikas\u0131ndan bask\u0131yla, tehditle, s\u00fcrg\u00fcnle, i\u015fsizlikle a\u00e7l\u0131kla tehdit edilerek zorla istifa ettirildi.<\/p>\n<p>\u00c7\u00fcnk\u00fc belediye emek\u00e7ileri bask\u0131yla, hukuksuzca \u00fcye olmaya zorland\u0131klar\u0131 Hizmet-\u0130\u015f\u2019in sendika olmad\u0131\u011f\u0131n\u0131, i\u015f\u00e7inin yan\u0131nda durmad\u0131\u011f\u0131n\u0131, Ladik\u2019te Rize\u2019de imzalad\u0131\u011f\u0131 s\u00f6zle\u015fmelerin i\u015f\u00e7inin al\u0131nterini ayaklar alt\u0131na ald\u0131\u011f\u0131n\u0131 \u00e7ok iyi biliyor.<\/p>\n<p>\u00c7\u00fcnk\u00fc belediye i\u015f\u00e7isi, belediye y\u00f6netiminin, amirlerin bask\u0131 ve deste\u011fiyle \u00fcye olmaya zorland\u0131\u011f\u0131 yap\u0131n\u0131n ilk s\u00f6zle\u015fmede i\u015f\u00e7inin yan\u0131nda olmayaca\u011f\u0131n\u0131, kazan\u0131lm\u0131\u015f haklar\u0131n\u0131n s\u00f6zle\u015fmelerle elinden al\u0131naca\u011f\u0131n\u0131 \u00e7ok iyi biliyor.<\/p>\n<p>Sayd\u0131\u011f\u0131m\u0131z b\u00fct\u00fcn bu hukuksuzluklar hukuk\u00e7u Halit Do\u011fan\u2019\u0131n belediye ba\u015fkan\u0131 oldu\u011fu Samsun B\u00fcy\u00fck\u015fehir Belediyesinde ya\u015fanmaya devam ediyor.\u0130\u015f bar\u0131\u015f\u0131n\u0131 bozma pahas\u0131na, hukuk\u00e7u kimli\u011finizin ayaklar alt\u0131na al\u0131nmas\u0131 pahas\u0131na, bu vicdans\u0131zl\u0131\u011fa bu haks\u0131zl\u0131\u011fa, bu adaletsizli\u011fe neden yap\u0131yorsunuz? B\u0131rak\u0131n belediye i\u015f\u00e7ileri \u00f6zg\u00fcrce Anayasal sendika se\u00e7me haklar\u0131n\u0131 kullan\u0131p, istedikleri sendikay\u0131 se\u00e7sinler.<\/p>\n<p>Say\u0131n Ba\u015fkan, ne oldu da 45 y\u0131ld\u0131r Samsun i\u015f\u00e7isi \u00f6zg\u00fcrce kendi sendikas\u0131n\u0131 se\u00e7ebilirken, belediye ba\u015fkan\u0131 ve \u00a0hukuk\u00e7u olarak siz bu hukuksuzlu\u011fu yaratt\u0131n\u0131z? \u0130\u015fyerlerinde bu hukuksuzluk, bu bask\u0131 ya\u015fan\u0131rken yar\u0131n belediye i\u015f\u00e7isinin, Samsun halk\u0131n\u0131n y\u00fcz\u00fcne nas\u0131l bakacaks\u0131n\u0131z?<\/p>\n<p>Hi\u00e7bir y\u00f6netici \u00e7al\u0131\u015fanlar\u0131yla kavga ederek bir yere ula\u015famam\u0131\u015ft\u0131r, bug\u00fcn de ula\u015famaz. \u0130\u015f\u00e7iyi, s\u00fcrg\u00fcnle bask\u0131yla tehditle sendikas\u0131ndan istifa ettirip ba\u015fka bir yap\u0131ya \u00fcye olmaya zorlamak acz ifadesi de\u011filse nedir? Bug\u00fcn T\u00fcrkiye\u2019nin her yerinde, her a\u00e7\u0131klamas\u0131nda B\u00fcy\u00fck \u00d6nder Atat\u00fcrk\u2019\u00fcn yolunda gitti\u011fini vurgulayan biz Belediye-\u0130\u015f ailesi i\u00e7in b\u00fct\u00fcn bu hukuksuzluklar\u0131n, vicdans\u0131zl\u0131klar\u0131n Milli M\u00fccadele ate\u015finin yak\u0131ld\u0131\u011f\u0131, Cumhuriyet\u2019in filizlendi\u011fi Samsun\u2019da ya\u015fanmas\u0131 da ayr\u0131 bir \u00fcz\u00fcnt\u00fc kayna\u011f\u0131d\u0131r.<\/p>\n<p>Belediye-\u0130\u015f d\u00fcn oldu\u011fu gibi bug\u00fcn de, \u00fcyelerine bask\u0131 uygulayan, se\u00e7menin iradesini yok sayan zihniyete kar\u015f\u0131 m\u00fccadelede kararl\u0131d\u0131r. Belediye-\u0130\u015f, t\u00fcm bask\u0131 ve sindirmelere kar\u015f\u0131, ilkelerinden ve do\u011fru bildi\u011fi yoldan ayr\u0131lmadan m\u00fccadelesini kararl\u0131 ve tutarl\u0131 bir \u015fekilde s\u00fcrd\u00fcrmeye devam edecektir. Ayar\u0131n\u0131 bozdu\u011funuz kantar, g\u00fcn gelir, haks\u0131zl\u0131\u011f\u0131 adaletsizli\u011fi yapanlar\u0131 da tartar.<\/p>\n<p>Sayg\u0131lar\u0131m\u0131zla.<\/p>\n<p><strong>Belediye-\u0130\u015f Sendikas\u0131<\/strong><\/p>\n<p>&nbsp;<\/p>\n","protected":false},"excerpt":{"rendered":"<p>Belediye-\u0130\u015f Sendikas\u0131 45 y\u0131ld\u0131r Samsun B\u00fcy\u00fck\u015fehir Belediyesinde \u00f6rg\u00fctl\u00fc sendikad\u0131r. Y\u0131llar i\u00e7inde belediye ba\u015fkanlar\u0131 de\u011fi\u015fse de Samsun B\u00fcy\u00fck\u015fehir belediye emek\u00e7isinin sendika tercihi hep Belediye-\u0130\u015f\u2019ten yana olmu\u015ftur. \u00d6rg\u00fctl\u00fc oldu\u011fumuz bu 45 y\u0131l i\u00e7inde Samsun\u2019da belediye ba\u015fkanl\u0131\u011f\u0131 yapm\u0131\u015f olan \u201cbelediye i\u015f\u00e7isinin sendikal tercihi bizim i\u015fimiz de\u011fil, bizim i\u015fimiz halka hizmet, i\u015f\u00e7i kendi sendikas\u0131n\u0131 se\u00e7er\u201d diyen, i\u015f\u00e7inin iradesine sayg\u0131 [&hellip;]<\/p>\n","protected":false},"author":3,"featured_media":5513,"comment_status":"open","ping_status":"open","sticky":false,"template":"","format":"standard","meta":{"jnews-multi-image_gallery":[],"jnews_single_post":{"subtitle":""},"jnews_primary_category":[],"jnews_social_meta":[],"jnews_override_counter":[],"footnotes":""},"categories":[1],"tags":[],"class_list":["post-5512","post","type-post","status-publish","format-standard","has-post-thumbnail","hentry","category-genel"],"_links":{"self":[{"href":"https:\/\/belediyeis.org.tr\/merkez\/wp-json\/wp\/v2\/posts\/5512","targetHints":{"allow":["GET"]}}],"collection":[{"href":"https:\/\/belediyeis.org.tr\/merkez\/wp-json\/wp\/v2\/posts"}],"about":[{"href":"https:\/\/belediyeis.org.tr\/merkez\/wp-json\/wp\/v2\/types\/post"}],"author":[{"embeddable":true,"href":"https:\/\/belediyeis.org.tr\/merkez\/wp-json\/wp\/v2\/users\/3"}],"replies":[{"embeddable":true,"href":"https:\/\/belediyeis.org.tr\/merkez\/wp-json\/wp\/v2\/comments?post=5512"}],"version-history":[{"count":1,"href":"https:\/\/belediyeis.org.tr\/merkez\/wp-json\/wp\/v2\/posts\/5512\/revisions"}],"predecessor-version":[{"id":5514,"href":"https:\/\/belediyeis.org.tr\/merkez\/wp-json\/wp\/v2\/posts\/5512\/revisions\/5514"}],"wp:featuredmedia":[{"embeddable":true,"href":"https:\/\/belediyeis.org.tr\/merkez\/wp-json\/wp\/v2\/media\/5513"}],"wp:attachment":[{"href":"https:\/\/belediyeis.org.tr\/merkez\/wp-json\/wp\/v2\/media?parent=5512"}],"wp:term":[{"taxonomy":"category","embeddable":true,"href":"https:\/\/belediyeis.org.tr\/merkez\/wp-json\/wp\/v2\/categories?post=5512"},{"taxonomy":"post_tag","embeddable":true,"href":"https:\/\/belediyeis.org.tr\/merkez\/wp-json\/wp\/v2\/tags?post=5512"}],"curies":[{"name":"wp","href":"https:\/\/api.w.org\/{rel}","templated":true}]}}