{"id":5496,"date":"2025-10-19T17:04:16","date_gmt":"2025-10-19T14:04:16","guid":{"rendered":"https:\/\/belediyeis.org.tr\/merkez\/?p=5496"},"modified":"2025-10-19T17:05:47","modified_gmt":"2025-10-19T14:05:47","slug":"aydin-subenin-13-olagan-genel-kurulu-gerceklestirildi","status":"publish","type":"post","link":"https:\/\/belediyeis.org.tr\/merkez\/2025\/10\/19\/aydin-subenin-13-olagan-genel-kurulu-gerceklestirildi\/","title":{"rendered":"Ayd\u0131n \u015eube\u2019nin 13. Ola\u011fan Genel Kurulu ger\u00e7ekle\u015ftirildi."},"content":{"rendered":"<p style=\"text-align: justify; line-height: 18.0pt; background: white; vertical-align: baseline; margin: 0cm 0cm 15.0pt 0cm;\"><span style=\"font-size: 9.5pt; font-family: 'Helvetica','sans-serif'; color: #333333;\">Ayd\u0131n \u015eube\u2019ye ba\u011fl\u0131 delegelerimizin ve \u00fcyelerimizin kat\u0131l\u0131m\u0131yla ger\u00e7ekle\u015ftirilen Genel Kurulun Divan Ba\u015fkanl\u0131\u011f\u0131n\u0131 Sendikam\u0131z Toplu \u0130\u015f S\u00f6zle\u015fmeleri Genel Sekreteri G\u00fcney Demirda\u015f yaparken, Divan Ba\u015fkan Yard\u0131mc\u0131l\u0131klar\u0131n\u0131 Sendikam\u0131z Manisa \u015eube Ba\u015fkan\u0131 Devrim Din\u00e7er ve Mu\u011fla \u015eube Ba\u015fkan\u0131 Ender Akbay, Divan Katip \u00dcyeliklerini ise delegelerimiz \u015eafak Sayar ve Arzu Al\u00e7in \u00fcstlendiler.<\/span><\/p>\n<p style=\"text-align: start; line-height: 18.0pt; background: white; vertical-align: baseline; box-sizing: border-box; font-variant-ligatures: normal; font-variant-caps: normal; font-variant-numeric: inherit; font-variant-east-asian: inherit; font-variant-alternates: inherit; font-variant-position: inherit; font-variant-emoji: inherit; font-stretch: inherit; font-optical-sizing: inherit; font-size-adjust: inherit; font-kerning: inherit; font-feature-settings: inherit; font-variation-settings: inherit; text-rendering: optimizelegibility; orphans: 2; widows: 2; -webkit-text-stroke-width: 0px; text-decoration-thickness: initial; text-decoration-style: initial; text-decoration-color: initial; word-spacing: 0px; margin: 0cm 0cm 15.0pt 0cm;\"><span style=\"font-size: 9.5pt; font-family: 'Helvetica','sans-serif'; color: #333333;\">Genel Kurula, T\u00fcrk-\u0130\u015f Ege B\u00f6lge Ba\u015fkan\u0131 Hayrettin \u00c7akmak, \u00f6nceki d\u00f6nem Ayd\u0131n Yenipazar Belediye Ba\u015fkan\u0131 Y\u00fcsran Erden, Enerji-\u0130\u015f Sendikas\u0131 \u015eube Ba\u015fkan\u0131 \u0130smail G\u00fcndo\u011fdu, Yol-\u0130\u015f Sendikas\u0131 \u015eube Ba\u015fkan\u0131 Vahap T\u00fcrk, Tek G\u0131da-\u0130\u015f Sendikas\u0131 \u015eube Ba\u015fkan\u0131 Adem \u00c7\u0131nk\u0131r, E\u011fitim-\u0130\u015f Sendikas\u0131 \u015eube Ba\u015fkan\u0131 \u015eaban \u00d6zdemir, \u015eehir i\u00e7i Kooperatifi Ba\u015fkan\u0131 Okan Yal\u00e7\u0131n, T\u00fcm Yerel Sen \u015eube Y\u00f6netimi ve sendikam\u0131z Ayd\u0131n 1 Nolu \u015eube Ba\u015fkan\u0131 Vas\u0131f S\u00fcha Bay\u0131rl\u0131 kat\u0131ld\u0131lar.<\/span><\/p>\n<p style=\"text-align: justify; line-height: 18.0pt; background: white; vertical-align: baseline; margin: 0cm 0cm 15.0pt 0cm;\"><span style=\"font-size: 9.5pt; font-family: 'Helvetica','sans-serif'; color: #333333;\">Ayd\u0131n \u015eubesi 13. Ola\u011fan Genel Kurulunda yap\u0131lan se\u00e7imler sonucu kurullara se\u00e7ilenlere ba\u015far\u0131lar dileriz.<\/span><\/p>\n<p><img fetchpriority=\"high\" decoding=\"async\" class=\"alignnone size-medium wp-image-5498\" src=\"http:\/\/belediyeis.org.tr\/merkez\/wp-content\/uploads\/2025\/10\/WhatsApp-Image-2025-10-19-at-13.44.39-1-300x200.jpeg\" alt=\"\" width=\"300\" height=\"200\" srcset=\"https:\/\/belediyeis.org.tr\/merkez\/wp-content\/uploads\/2025\/10\/WhatsApp-Image-2025-10-19-at-13.44.39-1-300x200.jpeg 300w, https:\/\/belediyeis.org.tr\/merkez\/wp-content\/uploads\/2025\/10\/WhatsApp-Image-2025-10-19-at-13.44.39-1-1024x682.jpeg 1024w, https:\/\/belediyeis.org.tr\/merkez\/wp-content\/uploads\/2025\/10\/WhatsApp-Image-2025-10-19-at-13.44.39-1-768x512.jpeg 768w, https:\/\/belediyeis.org.tr\/merkez\/wp-content\/uploads\/2025\/10\/WhatsApp-Image-2025-10-19-at-13.44.39-1-1536x1023.jpeg 1536w, https:\/\/belediyeis.org.tr\/merkez\/wp-content\/uploads\/2025\/10\/WhatsApp-Image-2025-10-19-at-13.44.39-1-750x500.jpeg 750w, https:\/\/belediyeis.org.tr\/merkez\/wp-content\/uploads\/2025\/10\/WhatsApp-Image-2025-10-19-at-13.44.39-1-1140x760.jpeg 1140w, https:\/\/belediyeis.org.tr\/merkez\/wp-content\/uploads\/2025\/10\/WhatsApp-Image-2025-10-19-at-13.44.39-1.jpeg 1600w\" sizes=\"(max-width: 300px) 100vw, 300px\" \/><img decoding=\"async\" class=\"alignnone size-medium wp-image-5499\" src=\"http:\/\/belediyeis.org.tr\/merkez\/wp-content\/uploads\/2025\/10\/WhatsApp-Image-2025-10-19-at-13.45.10-300x200.jpeg\" alt=\"\" width=\"300\" height=\"200\" srcset=\"https:\/\/belediyeis.org.tr\/merkez\/wp-content\/uploads\/2025\/10\/WhatsApp-Image-2025-10-19-at-13.45.10-300x200.jpeg 300w, https:\/\/belediyeis.org.tr\/merkez\/wp-content\/uploads\/2025\/10\/WhatsApp-Image-2025-10-19-at-13.45.10-1024x682.jpeg 1024w, https:\/\/belediyeis.org.tr\/merkez\/wp-content\/uploads\/2025\/10\/WhatsApp-Image-2025-10-19-at-13.45.10-768x512.jpeg 768w, https:\/\/belediyeis.org.tr\/merkez\/wp-content\/uploads\/2025\/10\/WhatsApp-Image-2025-10-19-at-13.45.10-1536x1023.jpeg 1536w, https:\/\/belediyeis.org.tr\/merkez\/wp-content\/uploads\/2025\/10\/WhatsApp-Image-2025-10-19-at-13.45.10-750x500.jpeg 750w, https:\/\/belediyeis.org.tr\/merkez\/wp-content\/uploads\/2025\/10\/WhatsApp-Image-2025-10-19-at-13.45.10-1140x760.jpeg 1140w, https:\/\/belediyeis.org.tr\/merkez\/wp-content\/uploads\/2025\/10\/WhatsApp-Image-2025-10-19-at-13.45.10.jpeg 1600w\" sizes=\"(max-width: 300px) 100vw, 300px\" \/><\/p>\n","protected":false},"excerpt":{"rendered":"<p>Ayd\u0131n \u015eube\u2019ye ba\u011fl\u0131 delegelerimizin ve \u00fcyelerimizin kat\u0131l\u0131m\u0131yla ger\u00e7ekle\u015ftirilen Genel Kurulun Divan Ba\u015fkanl\u0131\u011f\u0131n\u0131 Sendikam\u0131z Toplu \u0130\u015f S\u00f6zle\u015fmeleri Genel Sekreteri G\u00fcney Demirda\u015f yaparken, Divan Ba\u015fkan Yard\u0131mc\u0131l\u0131klar\u0131n\u0131 Sendikam\u0131z Manisa \u015eube Ba\u015fkan\u0131 Devrim Din\u00e7er ve Mu\u011fla \u015eube Ba\u015fkan\u0131 Ender Akbay, Divan Katip \u00dcyeliklerini ise delegelerimiz \u015eafak Sayar ve Arzu Al\u00e7in \u00fcstlendiler. Genel Kurula, T\u00fcrk-\u0130\u015f Ege B\u00f6lge Ba\u015fkan\u0131 Hayrettin \u00c7akmak, [&hellip;]<\/p>\n","protected":false},"author":4,"featured_media":5497,"comment_status":"open","ping_status":"open","sticky":false,"template":"","format":"standard","meta":{"jnews-multi-image_gallery":[],"jnews_single_post":{"subtitle":""},"jnews_primary_category":[],"jnews_social_meta":[],"jnews_override_counter":[],"footnotes":""},"categories":[1],"tags":[305],"class_list":["post-5496","post","type-post","status-publish","format-standard","has-post-thumbnail","hentry","category-genel","tag-sube-genel-kurulu"],"_links":{"self":[{"href":"https:\/\/belediyeis.org.tr\/merkez\/wp-json\/wp\/v2\/posts\/5496","targetHints":{"allow":["GET"]}}],"collection":[{"href":"https:\/\/belediyeis.org.tr\/merkez\/wp-json\/wp\/v2\/posts"}],"about":[{"href":"https:\/\/belediyeis.org.tr\/merkez\/wp-json\/wp\/v2\/types\/post"}],"author":[{"embeddable":true,"href":"https:\/\/belediyeis.org.tr\/merkez\/wp-json\/wp\/v2\/users\/4"}],"replies":[{"embeddable":true,"href":"https:\/\/belediyeis.org.tr\/merkez\/wp-json\/wp\/v2\/comments?post=5496"}],"version-history":[{"count":2,"href":"https:\/\/belediyeis.org.tr\/merkez\/wp-json\/wp\/v2\/posts\/5496\/revisions"}],"predecessor-version":[{"id":5501,"href":"https:\/\/belediyeis.org.tr\/merkez\/wp-json\/wp\/v2\/posts\/5496\/revisions\/5501"}],"wp:featuredmedia":[{"embeddable":true,"href":"https:\/\/belediyeis.org.tr\/merkez\/wp-json\/wp\/v2\/media\/5497"}],"wp:attachment":[{"href":"https:\/\/belediyeis.org.tr\/merkez\/wp-json\/wp\/v2\/media?parent=5496"}],"wp:term":[{"taxonomy":"category","embeddable":true,"href":"https:\/\/belediyeis.org.tr\/merkez\/wp-json\/wp\/v2\/categories?post=5496"},{"taxonomy":"post_tag","embeddable":true,"href":"https:\/\/belediyeis.org.tr\/merkez\/wp-json\/wp\/v2\/tags?post=5496"}],"curies":[{"name":"wp","href":"https:\/\/api.w.org\/{rel}","templated":true}]}}