{"id":5480,"date":"2025-10-15T17:30:49","date_gmt":"2025-10-15T14:30:49","guid":{"rendered":"https:\/\/belediyeis.org.tr\/merkez\/?p=5480"},"modified":"2025-10-15T17:30:49","modified_gmt":"2025-10-15T14:30:49","slug":"samsun-buyuksehir-belediyesinde-yasadisi-hukuksuz-sendika-degistirme-baskisina-son-verin","status":"publish","type":"post","link":"https:\/\/belediyeis.org.tr\/merkez\/2025\/10\/15\/samsun-buyuksehir-belediyesinde-yasadisi-hukuksuz-sendika-degistirme-baskisina-son-verin\/","title":{"rendered":"SAMSUN B\u00dcY\u00dcK\u015eEH\u0130R BELED\u0130YES\u0130&#8217;NDE YASADI\u015eI, HUKUKSUZ SEND\u0130KA DE\u011e\u0130\u015eT\u0130RME BASKISINA SON VER\u0130N!"},"content":{"rendered":"<p>Belediye-\u0130\u015f, g\u00fcc\u00fcn\u00fc \u00fcyelerinden alan, \u00f6rg\u00fctl\u00fc oldu\u011fu belediyelerde \u00fcyelerinin ya\u015fama ve \u00e7al\u0131\u015fma ko\u015fullar\u0131n\u0131 iyile\u015ftirmek i\u00e7in \u00e7aba harcayan, siyasi parti ayr\u0131m\u0131 yapmaks\u0131z\u0131n, belediye emek\u00e7ileri i\u00e7in bir ad\u0131m atana \u00fc\u00e7 ad\u0131m atan bir sendikad\u0131r.<\/p>\n<p>Belediye-\u0130\u015f Sendikas\u0131 bu ilkeli duru\u015fu sayesinde 45 y\u0131ld\u0131r Samsun B\u00fcy\u00fck\u015fehir Belediyesinde \u00f6rg\u00fctl\u00fc sendikad\u0131r. Y\u0131llar i\u00e7inde belediye ba\u015fkanlar\u0131 de\u011fi\u015fse de Samsun B\u00fcy\u00fck\u015fehir belediye emek\u00e7isinin sendika tercihi de\u011fi\u015fmemi\u015ftir.<\/p>\n<p>Y\u0131llard\u0131r, \u00f6zg\u00fcr iradeleri ile anayasal sendika se\u00e7me hakk\u0131n\u0131 Belediye-\u0130\u015f\u2019ten yana kullanan Samsun B\u00fcy\u00fck\u015fehir Belediyesi emek\u00e7ilerinin sendikal tercihleri son g\u00fcnlerde bask\u0131yla, tehditle, de\u011fi\u015ftirilmek isteniyor. Sendikac\u0131l\u0131k bask\u0131yla tehditle ve zorbal\u0131kla yap\u0131lamaz. \u0130\u015f\u00e7inin iradesini yok sayarak, i\u015f\u00e7iye dayanmadan, i\u015fveren deste\u011fiyle, yap\u0131lan \u015fey sendikac\u0131l\u0131k de\u011fildir.<\/p>\n<p>Samsun B\u00fcy\u00fck\u015fehir ve Su ve Kanalizasyon Genel M\u00fcd\u00fcrl\u00fc\u011f\u00fc (SASK\u0130) i\u015fyerlerinde \u00e7al\u0131\u015fan sendikam\u0131z \u00fcyesi emek\u00e7ilerin Anayasal, yasal, demokratik sendika se\u00e7me hakk\u0131na m\u00fcdahale eden m\u00fcd\u00fcrler, amirler;\u00a0 bask\u0131 ve tehditle \u00fcyelerimizi sendikam\u0131zdan istifaya, Hak-\u0130\u015f\/Hizmet-\u0130\u015f\u2019e \u00fcye olmaya zorluyorlar.<\/p>\n<p><strong>Uyar\u0131yoruz\u2026 <\/strong>Yanl\u0131\u015f yoldas\u0131n\u0131z, i\u015f\u00e7inin \u00f6zg\u00fcr iradesi ile sendika se\u00e7me hakk\u0131na m\u00fcdahale edip i\u015f\u00e7inin ah\u0131n\u0131 almay\u0131n.<\/p>\n<p><strong>Uyar\u0131yoruz\u2026 <\/strong>\u00dcyelerimize yap\u0131lan sendika de\u011fi\u015ftirme bask\u0131s\u0131 T\u00fcrk Ceza Kanunu g\u00f6re su\u00e7tur.<\/p>\n<p><strong>Unutmay\u0131n<\/strong>, i\u015f\u00e7inin i\u015fiyle, ekme\u011fiyle, onun anayasal sendika se\u00e7me hakk\u0131yla oynayan iflah olmaz.<\/p>\n<p>Ya\u015fanan hukuksuzluk, yasad\u0131\u015f\u0131 bask\u0131lar kar\u015f\u0131s\u0131nda belediye y\u00f6netimi <strong>\u201ci\u015f\u00e7ilerin sendika se\u00e7me hakk\u0131na m\u00fcdahale etmiyoruz\u201d<\/strong> a\u00e7\u0131klamalar\u0131 yapsalar da i\u015fyerlerinde bunun tam tersi ya\u015fan\u0131yor.<\/p>\n<p><strong>SASK\u0130<\/strong>\u2019de son bir ayd\u0131r amirlerin m\u00fcd\u00fcrlerin bask\u0131 ve tehdidine ra\u011fmen, Anayasal sendika se\u00e7me hakk\u0131na, sendikas\u0131 Belediye-\u0130\u015f\u2019e sahip \u00e7\u0131kan, istifa etmemekte direnen arkada\u015flar\u0131m\u0131z mesaiye \u00e7\u0131kart\u0131lmamakla, izinlerini kulland\u0131rmamakla tehdit ediliyor. Baz\u0131 amirler, m\u00fcd\u00fcrler emek\u00e7ileri kar\u015f\u0131 kar\u015f\u0131ya getirerek i\u015f\u00e7iyi i\u015f\u00e7iye d\u00fc\u015fman etmek istiyor. T\u00fcm bu hukuk d\u0131\u015f\u0131 sendika de\u011fi\u015ftirme bask\u0131lar\u0131 i\u015fyerlerinde i\u015f bar\u0131\u015f\u0131n\u0131 da i\u015f huzurunu da bozuyor.<\/p>\n<p><strong>Samsun B\u00fcy\u00fck\u015fehir Belediyesi y\u00f6netimine \u00e7a\u011fr\u0131m\u0131zd\u0131r;<\/strong><\/p>\n<p>Samsun B\u00fcy\u00fck\u015fehir Belediyesi emek\u00e7ileri sendikalar\u0131n\u0131 \u00f6zg\u00fcrce se\u00e7sin. Sendikalar\u0131n\u0131 \u00f6zg\u00fcrce se\u00e7tikleri i\u00e7in emek\u00e7iler, i\u015fiyle a\u015f\u0131yla ekme\u011fiyle tehdit edilmesinler.<\/p>\n<p>Sendika se\u00e7me hakk\u0131, i\u015f\u00e7inin g\u00fcc\u00fcn\u00fc anayasadan, yasalardan alan temel bir hakt\u0131r. \u0130\u015f\u00e7i sendika se\u00e7me hakk\u0131n\u0131 \u00f6zg\u00fcrce istedi\u011fi sendikadan yana kullan\u0131r. Bu hakk\u0131n kullan\u0131m\u0131na y\u00f6nelik m\u00fcdahale hem yasal de\u011fildir hem de ahlaki de\u011fildir.<\/p>\n<p>Samsun halk\u0131, belediye y\u00f6netimini, i\u015f\u00e7ilerin<strong> \u2018Anayasal sendika se\u00e7me \u00f6zg\u00fcrl\u00fc\u011f\u00fcne m\u00fcdahale etsin\u2019 <\/strong>diye se\u00e7medi.<\/p>\n<p>Samsun halk\u0131 belediye y\u00f6netimini, hizmet etsin, hakka hukuka sayg\u0131l\u0131 olsun diye se\u00e7ti. B\u0131rak\u0131n \u00fcyelerimiz Samsun halk\u0131na, i\u015finden, a\u015f\u0131ndan, korkmadan huzurla, hizmet etsin.<\/p>\n<p>Biraz eme\u011fe sayg\u0131n\u0131z varsa, i\u015f\u00e7inin Anayasal sendika se\u00e7me hakk\u0131na, onun demokratik tercihlerine m\u00fcdahale etmeyin.\u00a0 Samsun B\u00fcy\u00fck\u015fehir Belediyesi i\u015f\u00e7isinin \u00f6zg\u00fcr iradesine, sendika se\u00e7imine sayg\u0131 duyun.<\/p>\n<p>Belediye-\u0130\u015f; \u00fcyelerimizin anayasal sendika se\u00e7me \u00f6zg\u00fcrl\u00fcklerine m\u00fcdahale etmeyen, i\u015f\u00e7inin hakk\u0131na hukukuna sayg\u0131 g\u00f6sterenler ki\u015fi ve kurumlar i\u00e7in gerekli nezaket kurallar\u0131na \u00f6zen g\u00f6sterir. \u00dcyelerimizin sendika se\u00e7me h\u00fcrriyetine m\u00fcdahale eden, kendi maddi veya manevi menfaatleri i\u00e7in onlara bask\u0131 yapan, tetik\u00e7ili\u011fe soyunanlara da hak etti\u011fi demokratik tepkiyi vermekten \u00e7ekinmeyi Sendika se\u00e7me hakk\u0131na, sendikas\u0131 Belediye-\u0130\u015f\u2019e sahip \u00e7\u0131kan \u00fcyelerimizle\u00a0 amirler aras\u0131nda gerilimler ya\u015fan\u0131yor, \u00e7al\u0131\u015fan emek\u00e7iler birbirine d\u00fc\u015fmanla\u015ft\u0131r\u0131larak kar\u015f\u0131 kar\u015f\u0131ya getirilmek isteniyor.<\/p>\n<p>Sayg\u0131lar\u0131m\u0131zla.15.10.2025<\/p>\n<p>&nbsp;<\/p>\n","protected":false},"excerpt":{"rendered":"<p>Belediye-\u0130\u015f, g\u00fcc\u00fcn\u00fc \u00fcyelerinden alan, \u00f6rg\u00fctl\u00fc oldu\u011fu belediyelerde \u00fcyelerinin ya\u015fama ve \u00e7al\u0131\u015fma ko\u015fullar\u0131n\u0131 iyile\u015ftirmek i\u00e7in \u00e7aba harcayan, siyasi parti ayr\u0131m\u0131 yapmaks\u0131z\u0131n, belediye emek\u00e7ileri i\u00e7in bir ad\u0131m atana \u00fc\u00e7 ad\u0131m atan bir sendikad\u0131r. Belediye-\u0130\u015f Sendikas\u0131 bu ilkeli duru\u015fu sayesinde 45 y\u0131ld\u0131r Samsun B\u00fcy\u00fck\u015fehir Belediyesinde \u00f6rg\u00fctl\u00fc sendikad\u0131r. Y\u0131llar i\u00e7inde belediye ba\u015fkanlar\u0131 de\u011fi\u015fse de Samsun B\u00fcy\u00fck\u015fehir belediye emek\u00e7isinin sendika [&hellip;]<\/p>\n","protected":false},"author":3,"featured_media":5266,"comment_status":"open","ping_status":"open","sticky":false,"template":"","format":"standard","meta":{"jnews-multi-image_gallery":[],"jnews_single_post":{"subtitle":""},"jnews_primary_category":[],"jnews_social_meta":[],"jnews_override_counter":[],"footnotes":""},"categories":[1],"tags":[],"class_list":["post-5480","post","type-post","status-publish","format-standard","has-post-thumbnail","hentry","category-genel"],"_links":{"self":[{"href":"https:\/\/belediyeis.org.tr\/merkez\/wp-json\/wp\/v2\/posts\/5480","targetHints":{"allow":["GET"]}}],"collection":[{"href":"https:\/\/belediyeis.org.tr\/merkez\/wp-json\/wp\/v2\/posts"}],"about":[{"href":"https:\/\/belediyeis.org.tr\/merkez\/wp-json\/wp\/v2\/types\/post"}],"author":[{"embeddable":true,"href":"https:\/\/belediyeis.org.tr\/merkez\/wp-json\/wp\/v2\/users\/3"}],"replies":[{"embeddable":true,"href":"https:\/\/belediyeis.org.tr\/merkez\/wp-json\/wp\/v2\/comments?post=5480"}],"version-history":[{"count":1,"href":"https:\/\/belediyeis.org.tr\/merkez\/wp-json\/wp\/v2\/posts\/5480\/revisions"}],"predecessor-version":[{"id":5481,"href":"https:\/\/belediyeis.org.tr\/merkez\/wp-json\/wp\/v2\/posts\/5480\/revisions\/5481"}],"wp:featuredmedia":[{"embeddable":true,"href":"https:\/\/belediyeis.org.tr\/merkez\/wp-json\/wp\/v2\/media\/5266"}],"wp:attachment":[{"href":"https:\/\/belediyeis.org.tr\/merkez\/wp-json\/wp\/v2\/media?parent=5480"}],"wp:term":[{"taxonomy":"category","embeddable":true,"href":"https:\/\/belediyeis.org.tr\/merkez\/wp-json\/wp\/v2\/categories?post=5480"},{"taxonomy":"post_tag","embeddable":true,"href":"https:\/\/belediyeis.org.tr\/merkez\/wp-json\/wp\/v2\/tags?post=5480"}],"curies":[{"name":"wp","href":"https:\/\/api.w.org\/{rel}","templated":true}]}}