{"id":5460,"date":"2025-10-12T14:15:07","date_gmt":"2025-10-12T11:15:07","guid":{"rendered":"https:\/\/belediyeis.org.tr\/merkez\/?p=5460"},"modified":"2025-10-12T15:24:49","modified_gmt":"2025-10-12T12:24:49","slug":"izmir-2-nolu-subenin-13-olagan-genel-kurulu-yapildi","status":"publish","type":"post","link":"https:\/\/belediyeis.org.tr\/merkez\/2025\/10\/12\/izmir-2-nolu-subenin-13-olagan-genel-kurulu-yapildi\/","title":{"rendered":"\u0130zmir 2 Nolu \u015eubenin 13. Ola\u011fan Genel Kurulu Yap\u0131ld\u0131"},"content":{"rendered":"<p>\u0130zmir 2 Nolu \u015eube delege ve \u00fcyelerinin kat\u0131l\u0131m\u0131yla Aqua Marin D\u00fc\u011f\u00fcn Salonu\u2019nda ger\u00e7ekle\u015ftirilen Genel Kurulun Divan Ba\u015fkanl\u0131\u011f\u0131n\u0131 Sendikam\u0131z Ankara \u015eube Ba\u015fkan\u0131 Murat Yurdakul yaparken, Divan Ba\u015fkan Yard\u0131mc\u0131l\u0131klar\u0131n\u0131 Sendikam\u0131z \u0130zmir 4 Nolu \u015eube Ba\u015fkan\u0131 Ayhan Do\u011fan ve delegelerimizden Hande Deniz \u015eent\u00fcrk Ata, divan katip \u00fcyeliklerini ise \u0130zmir 1 Nolu \u015eube Ba\u015fkan\u0131 Nevzat Y\u0131ld\u0131r\u0131m ile \u0130zmir 3 Nolu \u015eube Ba\u015fkan\u0131 Musa Bozkurt \u00fcstlendi.<\/p>\n<p>Genel Kurula, T\u00fcrk-\u0130\u015f Ege B\u00f6lge Ba\u015fkan\u0131 Hayrettin \u00c7akmak, CHP \u0130zmir \u0130l Ba\u015fkan Yard\u0131mc\u0131s\u0131 Orhan Polat, CHP \u0130zmir \u0130l Ba\u015fkan\u0131 \u015eenol Aslano\u011flu\u2019nun a\u011fabeyi Birol Aslano\u011flu, Bas\u0131n-\u0130\u015f Sendikas\u0131 Genel Mali Sekreteri Yusuf Sadettin Y\u00f6r\u00fckler, Bas\u0131n-\u0130\u015f Sendikas\u0131 \u0130zmir \u015eube Ba\u015fkan\u0131 \u0130lhan Karaba\u011f ve \u015fube y\u00f6neticileri, Kristal \u0130\u015f Sendikas\u0131 \u0130zmir \u015eube Ba\u015fkan\u0131 \u0130brahim Co\u015fkun, Demiryol-\u0130\u015f Sendikas\u0131 \u0130zmir \u015eube Ba\u015fkan\u0131 Hamdullah Giral, \u0130zmir Metropol \u015eof\u00f6rleri Kaza Derne\u011fi Ba\u015fkan\u0131 Ali Demir, Ege Kaza ve Yard\u0131mla\u015fma Derne\u011fi Ba\u015fkan\u0131 Nuri \u015een, Ege A\u011fr\u0131 K\u00fclt\u00fcr Federasyonu Ba\u015fkan Yard\u0131mc\u0131s\u0131 Yaman Ge\u00e7mi\u015f\u2019in yan\u0131 s\u0131ra Sendikam\u0131z Manisa \u015eube Ba\u015fkan\u0131 Devrim Din\u00e7er, Bal\u0131kesir \u015eube Ba\u015fkan\u0131 Y\u00fcksel \u00d6zden, Bal\u0131kesir 1 Nolu \u015eube Ba\u015fkan\u0131 H\u00fcseyin Pastal, Ayd\u0131n \u015eube Ba\u015fkan\u0131 Hidayet Yaman, Ayd\u0131n 1 Nolu \u015eube Ba\u015fkan\u0131 Vas\u0131f Suha Bay\u0131rl\u0131 ve Sendikam\u0131z Ba\u015f Hukuk M\u00fc\u015faviri Levent Balc\u0131 kat\u0131ld\u0131lar.<\/p>\n<p>Genel Kurulun a\u00e7\u0131l\u0131\u015f konu\u015fmas\u0131n\u0131 yapan Genel Ba\u015fkan\u0131m\u0131z Nihat Yurdakul, \u00fclkemizin bir girdaba s\u00fcr\u00fcklendi\u011fini, karanl\u0131k bir t\u00fcnelin i\u00e7inde bulundu\u011fumuzu belirterek, \u201cEmek\u00e7iler her g\u00fcn yar\u0131nlar\u0131n\u0131n ne olaca\u011f\u0131n\u0131 bilmeden ya\u015f\u0131yor\u201d dedi.<\/p>\n<p>Bir \u00fclkenin refaha, \u00f6zg\u00fcrl\u00fc\u011fe kavu\u015fmas\u0131n\u0131n yegane yolunun \u00e7a\u011fda\u015f e\u011fitimden, bilimden, teknolojiden, \u00fcretimden, hak\u00e7a payla\u015f\u0131mdan ge\u00e7ti\u011fini ifade eden Genel Ba\u015fkan\u0131m\u0131z, i\u015f\u00e7i s\u0131n\u0131f\u0131n\u0131n buna odaklanmas\u0131 gerekti\u011fini s\u00f6yledi.<\/p>\n<p>\u201cLaiklikle u\u011fra\u015f\u0131yorlar. Bir \u00fclkede laiklik yoksa, o \u00fclkede \u00f6zg\u00fcrl\u00fck de demokrasi de adalet de hukuk da olmaz\u201d diyen Genel Ba\u015fkan\u0131m\u0131z, \u201cSiyaset bir \u00fclkeyi bir program do\u011frultusunda y\u00f6netmeye talip olman\u0131n ad\u0131. Bizim \u00f6yle bir talebimiz yok. Bizim istedi\u011fimiz laik, \u00f6zg\u00fcr, demokrasiyle y\u00f6netilen, adaletin i\u015fledi\u011fi bir \u00fclke. Bunlar\u0131 kim getiriyorsa i\u015f\u00e7i s\u0131n\u0131f\u0131 onu destekleyecek. Getirmeyeni indirecek\u201d diye konu\u015ftu.<\/p>\n<p>Bu \u00fclkeyi i\u00e7inde bulundu\u011fu karanl\u0131k g\u00fcnlerden ancak \u00f6rg\u00fctl\u00fc tek yap\u0131 olan i\u015f\u00e7i s\u0131n\u0131f\u0131 ve \u00fcniversitelerin \u00e7\u0131karabilece\u011fini vurgulayan Genel Ba\u015fkan\u0131m\u0131z, \u015funlar\u0131 s\u00f6yledi:<\/p>\n<p>\u201c\u0130\u015f\u00e7i s\u0131n\u0131f\u0131n\u0131n ve sendikalar\u0131n g\u00fc\u00e7l\u00fc oldu\u011fu \u00fclkelerde adaletsizlik sorunu yok. \u00c7ocuklar\u0131m\u0131z\u0131 g\u00fcvenli yar\u0131nlara ancak i\u015f\u00e7i s\u0131n\u0131f\u0131 ta\u015f\u0131yabilir. Ama biz parampar\u00e7ay\u0131z. Bir i\u015fkolunda 10\u00a0 sendika, \u00fc\u00e7 konfederasyon. Bizi b\u00f6yle par\u00e7alamak istiyorlar ki, g\u00fc\u00e7 olmayal\u0131m. \u0130\u015f\u00e7inin sa\u011fc\u0131s\u0131 solcusu olmaz. Emek\u00e7i al\u0131nteri d\u00f6kendir. \u00dclkeyi de\u011fi\u015ftirmek i\u00e7in birlikte hareket etmemiz gerekiyor.<\/p>\n<p>T\u00fcrk-\u0130\u015f\u2019in t\u00fczel ki\u015fili\u011fi ile y\u00f6netimini ay\u0131ral\u0131m. T\u00fcrk-\u0130\u015f iyi y\u00f6netilmiyor, y\u00fcz\u00fcn\u00fc i\u015f\u00e7i s\u0131n\u0131f\u0131na d\u00f6nmeli, her yerde s\u00f6yl\u00fcyorum. T\u00fcrk-\u0130\u015f\u2019in g\u00fcc\u00fcn\u00fc i\u015f\u00e7i s\u0131n\u0131f\u0131ndan almas\u0131 laz\u0131m. Bu \u00fclkede bir hukuk devleti olsun istiyorsak, adaletli payla\u015f\u0131m istiyorsak, demokrasi olsun istiyorsak T\u00fcrk-\u0130\u015f \u00e7at\u0131s\u0131 alt\u0131nda birle\u015fip \u00fcniversitelerle birlikte haks\u0131zl\u0131klara kar\u015f\u0131 demokratik refleksimizi g\u00f6stermemiz gerekiyor.\u201d<\/p>\n<p>Yerel se\u00e7imler sonras\u0131nda \u0130zmir\u2019de ya\u015fan\u0131lanlara da de\u011finen Genel Ba\u015fkan\u0131m\u0131z, \u201c2024 yerel se\u00e7imlerinden sonra \u0130zmir\u2019de i\u015f\u00e7i arkada\u015flar\u0131m\u0131z i\u015ften at\u0131ld\u0131. \u015eubelerimizin, i\u015f\u00e7i arkada\u015flar\u0131m\u0131z\u0131n m\u00fccadelesi sonucu b\u00fct\u00fcn karalamalara ra\u011fmen bir s\u00fcr\u00fc hainliklere ra\u011fmen \u00f6rg\u00fctl\u00fc olup el ele vermenin sonucu olarak burada yanl\u0131\u015f\u0131 do\u011fruya \u00e7evirdik.<\/p>\n<p>Bu m\u00fccadele s\u00fcrecinde beni ele\u015ftirenler, benim Genel Ba\u015fkanl\u0131\u011f\u0131m\u0131 sorgulayanlar oldu. Ben i\u015f\u00e7i s\u0131n\u0131f\u0131n\u0131, Belediye-\u0130\u015f \u00fcyelerini temsil ediyorum. Bu arkada\u015flar\u0131m\u0131n hak ve menfaatlerini temsil ediyorum. Bu arkada\u015flar\u0131m\u0131n al\u0131nterini biraz daha ileriye g\u00f6t\u00fcrmek i\u00e7in elimizden ne geliyorsa onu yapt\u0131k, yapaca\u011f\u0131z. Benim sorumlu oldu\u011fum tek merci temsil etti\u011fim Belediye-\u0130\u015f ailesidir\u201d dedi.<\/p>\n<p>Genel Ba\u015fkan\u0131m\u0131z, \u201cBenim Genel Ba\u015fkan\u0131 oldu\u011fum Belediye-\u0130\u015f Sendikas\u0131\u2019n\u0131n partisinin ad\u0131 Mustafa Kemal Atat\u00fcrk\u2019\u00fcn kurdu\u011fu laik T\u00fcrkiye Cumhuriyeti\u2019dir. De\u011fi\u015fmez liderimiz, \u00f6nderimiz, ilkelerinden asla vazge\u00e7meyece\u011fiz Mustafa Kemal Atat\u00fcrk\u2019t\u00fcr. E\u011fer bu \u00fclkedeki karanl\u0131ktan \u00e7\u0131kmaz istiyorsak herkes Atat\u00fcrk\u2019\u00fcn ilkeleri alt\u0131nda toplanmak zorunda\u201d diye konu\u015ftu.<\/p>\n<p>Genel Ba\u015fkan\u0131m\u0131z, konu\u015fmas\u0131n\u0131 noktalarken, ba\u015fta \u0130stanbul B\u00fcy\u00fck\u015fehir Belediye Ba\u015fkan\u0131 Say\u0131n Ekrem \u0130mamo\u011flu olmak \u00fczere cezaevinde haks\u0131z hukuksuz yere hapsedilen belediye ba\u015fkanlar\u0131 ve \u00e7al\u0131\u015fma arkada\u015flar\u0131na da selam g\u00f6nderdi.<\/p>\n<p>Genel Kurulda, konu\u015fmalar\u0131n ard\u0131ndan raporlar g\u00f6r\u00fc\u015f\u00fcl\u00fcp ibra edildi.<\/p>\n<p>Genel Kurul g\u00fcndemi uyar\u0131nca daha sonra se\u00e7imlere ge\u00e7ildi. Yap\u0131lan se\u00e7imlerin sonucu kurullara se\u00e7ilenlere ba\u015far\u0131lar dileriz.<\/p>\n<div id='gallery_1' class='gallery galleryid-5460 gallery-columns-2 gallery-size-large'><figure class='gallery-item'>\n                <div class='gallery-icon landscape'>\n                    <a href='https:\/\/belediyeis.org.tr\/merkez\/wp-content\/uploads\/2025\/10\/WhatsApp-Image-2025-10-12-at-12.43.08.jpeg'><img fetchpriority=\"high\" decoding=\"async\" width=\"1024\" height=\"768\" src=\"\" class=\"attachment-large size-large lazyload\" alt=\"\" data-src=\"https:\/\/belediyeis.org.tr\/merkez\/wp-content\/uploads\/2025\/10\/WhatsApp-Image-2025-10-12-at-12.43.08-1024x768.jpeg\" data-sizes=\"auto\" data-srcset=\"https:\/\/belediyeis.org.tr\/merkez\/wp-content\/uploads\/2025\/10\/WhatsApp-Image-2025-10-12-at-12.43.08-1024x768.jpeg 1024w, https:\/\/belediyeis.org.tr\/merkez\/wp-content\/uploads\/2025\/10\/WhatsApp-Image-2025-10-12-at-12.43.08-300x225.jpeg 300w, https:\/\/belediyeis.org.tr\/merkez\/wp-content\/uploads\/2025\/10\/WhatsApp-Image-2025-10-12-at-12.43.08-768x576.jpeg 768w, https:\/\/belediyeis.org.tr\/merkez\/wp-content\/uploads\/2025\/10\/WhatsApp-Image-2025-10-12-at-12.43.08-1536x1152.jpeg 1536w, https:\/\/belediyeis.org.tr\/merkez\/wp-content\/uploads\/2025\/10\/WhatsApp-Image-2025-10-12-at-12.43.08-750x563.jpeg 750w, https:\/\/belediyeis.org.tr\/merkez\/wp-content\/uploads\/2025\/10\/WhatsApp-Image-2025-10-12-at-12.43.08-1140x855.jpeg 1140w, https:\/\/belediyeis.org.tr\/merkez\/wp-content\/uploads\/2025\/10\/WhatsApp-Image-2025-10-12-at-12.43.08.jpeg 1600w\" data-expand=\"700\" \/><\/a>\n                <\/div><\/figure><figure class='gallery-item'>\n                <div class='gallery-icon landscape'>\n                    <a href='https:\/\/belediyeis.org.tr\/merkez\/wp-content\/uploads\/2025\/10\/WhatsApp-Image-2025-10-12-at-12.44.03-1.jpeg'><img decoding=\"async\" width=\"1024\" height=\"768\" src=\"\" class=\"attachment-large size-large lazyload\" alt=\"\" data-src=\"https:\/\/belediyeis.org.tr\/merkez\/wp-content\/uploads\/2025\/10\/WhatsApp-Image-2025-10-12-at-12.44.03-1-1024x768.jpeg\" data-sizes=\"auto\" data-srcset=\"https:\/\/belediyeis.org.tr\/merkez\/wp-content\/uploads\/2025\/10\/WhatsApp-Image-2025-10-12-at-12.44.03-1-1024x768.jpeg 1024w, https:\/\/belediyeis.org.tr\/merkez\/wp-content\/uploads\/2025\/10\/WhatsApp-Image-2025-10-12-at-12.44.03-1-300x225.jpeg 300w, https:\/\/belediyeis.org.tr\/merkez\/wp-content\/uploads\/2025\/10\/WhatsApp-Image-2025-10-12-at-12.44.03-1-768x576.jpeg 768w, https:\/\/belediyeis.org.tr\/merkez\/wp-content\/uploads\/2025\/10\/WhatsApp-Image-2025-10-12-at-12.44.03-1-1536x1152.jpeg 1536w, https:\/\/belediyeis.org.tr\/merkez\/wp-content\/uploads\/2025\/10\/WhatsApp-Image-2025-10-12-at-12.44.03-1-750x563.jpeg 750w, https:\/\/belediyeis.org.tr\/merkez\/wp-content\/uploads\/2025\/10\/WhatsApp-Image-2025-10-12-at-12.44.03-1-1140x855.jpeg 1140w, https:\/\/belediyeis.org.tr\/merkez\/wp-content\/uploads\/2025\/10\/WhatsApp-Image-2025-10-12-at-12.44.03-1.jpeg 1600w\" data-expand=\"700\" \/><\/a>\n                <\/div><\/figure><br style=\"clear: both\" \/><figure class='gallery-item'>\n                <div class='gallery-icon landscape'>\n                    <a href='https:\/\/belediyeis.org.tr\/merkez\/wp-content\/uploads\/2025\/10\/WhatsApp-Image-2025-10-12-at-12.44.05-1.jpeg'><img decoding=\"async\" width=\"1024\" height=\"768\" src=\"\" class=\"attachment-large size-large lazyload\" alt=\"\" data-src=\"https:\/\/belediyeis.org.tr\/merkez\/wp-content\/uploads\/2025\/10\/WhatsApp-Image-2025-10-12-at-12.44.05-1-1024x768.jpeg\" data-sizes=\"auto\" data-srcset=\"https:\/\/belediyeis.org.tr\/merkez\/wp-content\/uploads\/2025\/10\/WhatsApp-Image-2025-10-12-at-12.44.05-1-1024x768.jpeg 1024w, https:\/\/belediyeis.org.tr\/merkez\/wp-content\/uploads\/2025\/10\/WhatsApp-Image-2025-10-12-at-12.44.05-1-300x225.jpeg 300w, https:\/\/belediyeis.org.tr\/merkez\/wp-content\/uploads\/2025\/10\/WhatsApp-Image-2025-10-12-at-12.44.05-1-768x576.jpeg 768w, https:\/\/belediyeis.org.tr\/merkez\/wp-content\/uploads\/2025\/10\/WhatsApp-Image-2025-10-12-at-12.44.05-1-1536x1152.jpeg 1536w, https:\/\/belediyeis.org.tr\/merkez\/wp-content\/uploads\/2025\/10\/WhatsApp-Image-2025-10-12-at-12.44.05-1-750x563.jpeg 750w, https:\/\/belediyeis.org.tr\/merkez\/wp-content\/uploads\/2025\/10\/WhatsApp-Image-2025-10-12-at-12.44.05-1-1140x855.jpeg 1140w, https:\/\/belediyeis.org.tr\/merkez\/wp-content\/uploads\/2025\/10\/WhatsApp-Image-2025-10-12-at-12.44.05-1.jpeg 1600w\" data-expand=\"700\" \/><\/a>\n                <\/div><\/figure><figure class='gallery-item'>\n                <div class='gallery-icon landscape'>\n                    <a href='https:\/\/belediyeis.org.tr\/merkez\/wp-content\/uploads\/2025\/10\/WhatsApp-Image-2025-10-12-at-12.44.05.jpeg'><img loading=\"lazy\" decoding=\"async\" width=\"1024\" height=\"768\" src=\"\" class=\"attachment-large size-large lazyload\" alt=\"\" data-src=\"https:\/\/belediyeis.org.tr\/merkez\/wp-content\/uploads\/2025\/10\/WhatsApp-Image-2025-10-12-at-12.44.05-1024x768.jpeg\" data-sizes=\"auto\" data-srcset=\"https:\/\/belediyeis.org.tr\/merkez\/wp-content\/uploads\/2025\/10\/WhatsApp-Image-2025-10-12-at-12.44.05-1024x768.jpeg 1024w, https:\/\/belediyeis.org.tr\/merkez\/wp-content\/uploads\/2025\/10\/WhatsApp-Image-2025-10-12-at-12.44.05-300x225.jpeg 300w, https:\/\/belediyeis.org.tr\/merkez\/wp-content\/uploads\/2025\/10\/WhatsApp-Image-2025-10-12-at-12.44.05-768x576.jpeg 768w, https:\/\/belediyeis.org.tr\/merkez\/wp-content\/uploads\/2025\/10\/WhatsApp-Image-2025-10-12-at-12.44.05-1536x1152.jpeg 1536w, https:\/\/belediyeis.org.tr\/merkez\/wp-content\/uploads\/2025\/10\/WhatsApp-Image-2025-10-12-at-12.44.05-750x563.jpeg 750w, https:\/\/belediyeis.org.tr\/merkez\/wp-content\/uploads\/2025\/10\/WhatsApp-Image-2025-10-12-at-12.44.05-1140x855.jpeg 1140w, https:\/\/belediyeis.org.tr\/merkez\/wp-content\/uploads\/2025\/10\/WhatsApp-Image-2025-10-12-at-12.44.05.jpeg 1600w\" data-expand=\"700\" \/><\/a>\n                <\/div><\/figure><br style=\"clear: both\" \/><figure class='gallery-item'>\n                <div class='gallery-icon landscape'>\n                    <a href='https:\/\/belediyeis.org.tr\/merkez\/wp-content\/uploads\/2025\/10\/WhatsApp-Image-2025-10-12-at-12.44.07.jpeg'><img loading=\"lazy\" decoding=\"async\" width=\"1024\" height=\"768\" src=\"\" class=\"attachment-large size-large lazyload\" alt=\"\" data-src=\"https:\/\/belediyeis.org.tr\/merkez\/wp-content\/uploads\/2025\/10\/WhatsApp-Image-2025-10-12-at-12.44.07-1024x768.jpeg\" data-sizes=\"auto\" data-srcset=\"https:\/\/belediyeis.org.tr\/merkez\/wp-content\/uploads\/2025\/10\/WhatsApp-Image-2025-10-12-at-12.44.07-1024x768.jpeg 1024w, https:\/\/belediyeis.org.tr\/merkez\/wp-content\/uploads\/2025\/10\/WhatsApp-Image-2025-10-12-at-12.44.07-300x225.jpeg 300w, https:\/\/belediyeis.org.tr\/merkez\/wp-content\/uploads\/2025\/10\/WhatsApp-Image-2025-10-12-at-12.44.07-768x576.jpeg 768w, https:\/\/belediyeis.org.tr\/merkez\/wp-content\/uploads\/2025\/10\/WhatsApp-Image-2025-10-12-at-12.44.07-1536x1152.jpeg 1536w, https:\/\/belediyeis.org.tr\/merkez\/wp-content\/uploads\/2025\/10\/WhatsApp-Image-2025-10-12-at-12.44.07-750x563.jpeg 750w, https:\/\/belediyeis.org.tr\/merkez\/wp-content\/uploads\/2025\/10\/WhatsApp-Image-2025-10-12-at-12.44.07-1140x855.jpeg 1140w, https:\/\/belediyeis.org.tr\/merkez\/wp-content\/uploads\/2025\/10\/WhatsApp-Image-2025-10-12-at-12.44.07.jpeg 1600w\" data-expand=\"700\" \/><\/a>\n                <\/div><\/figure><figure class='gallery-item'>\n                <div class='gallery-icon landscape'>\n                    <a href='https:\/\/belediyeis.org.tr\/merkez\/wp-content\/uploads\/2025\/10\/WhatsApp-Image-2025-10-12-at-15.17.25.jpeg'><img loading=\"lazy\" decoding=\"async\" width=\"1020\" height=\"768\" src=\"\" class=\"attachment-large size-large lazyload\" alt=\"\" data-src=\"https:\/\/belediyeis.org.tr\/merkez\/wp-content\/uploads\/2025\/10\/WhatsApp-Image-2025-10-12-at-15.17.25.jpeg\" data-sizes=\"auto\" data-srcset=\"https:\/\/belediyeis.org.tr\/merkez\/wp-content\/uploads\/2025\/10\/WhatsApp-Image-2025-10-12-at-15.17.25.jpeg 1020w, https:\/\/belediyeis.org.tr\/merkez\/wp-content\/uploads\/2025\/10\/WhatsApp-Image-2025-10-12-at-15.17.25-300x226.jpeg 300w, https:\/\/belediyeis.org.tr\/merkez\/wp-content\/uploads\/2025\/10\/WhatsApp-Image-2025-10-12-at-15.17.25-768x578.jpeg 768w, https:\/\/belediyeis.org.tr\/merkez\/wp-content\/uploads\/2025\/10\/WhatsApp-Image-2025-10-12-at-15.17.25-750x565.jpeg 750w\" data-expand=\"700\" \/><\/a>\n                <\/div><\/figure><br style=\"clear: both\" \/><figure class='gallery-item'>\n                <div class='gallery-icon portrait'>\n                    <a href='https:\/\/belediyeis.org.tr\/merkez\/wp-content\/uploads\/2025\/10\/WhatsApp-Image-2025-10-12-at-12.44.06.jpeg'><img loading=\"lazy\" decoding=\"async\" width=\"768\" height=\"1024\" src=\"\" class=\"attachment-large size-large lazyload\" alt=\"\" data-src=\"https:\/\/belediyeis.org.tr\/merkez\/wp-content\/uploads\/2025\/10\/WhatsApp-Image-2025-10-12-at-12.44.06-768x1024.jpeg\" data-sizes=\"auto\" data-srcset=\"https:\/\/belediyeis.org.tr\/merkez\/wp-content\/uploads\/2025\/10\/WhatsApp-Image-2025-10-12-at-12.44.06-768x1024.jpeg 768w, https:\/\/belediyeis.org.tr\/merkez\/wp-content\/uploads\/2025\/10\/WhatsApp-Image-2025-10-12-at-12.44.06-225x300.jpeg 225w, https:\/\/belediyeis.org.tr\/merkez\/wp-content\/uploads\/2025\/10\/WhatsApp-Image-2025-10-12-at-12.44.06-1152x1536.jpeg 1152w, https:\/\/belediyeis.org.tr\/merkez\/wp-content\/uploads\/2025\/10\/WhatsApp-Image-2025-10-12-at-12.44.06-750x1000.jpeg 750w, https:\/\/belediyeis.org.tr\/merkez\/wp-content\/uploads\/2025\/10\/WhatsApp-Image-2025-10-12-at-12.44.06-1140x1520.jpeg 1140w, https:\/\/belediyeis.org.tr\/merkez\/wp-content\/uploads\/2025\/10\/WhatsApp-Image-2025-10-12-at-12.44.06.jpeg 1200w\" data-expand=\"700\" \/><\/a>\n                <\/div><\/figure>\n                <br style='clear: both' \/>\n            <\/div>\n\n","protected":false},"excerpt":{"rendered":"<p>\u0130zmir 2 Nolu \u015eube delege ve \u00fcyelerinin kat\u0131l\u0131m\u0131yla Aqua Marin D\u00fc\u011f\u00fcn Salonu\u2019nda ger\u00e7ekle\u015ftirilen Genel Kurulun Divan Ba\u015fkanl\u0131\u011f\u0131n\u0131 Sendikam\u0131z Ankara \u015eube Ba\u015fkan\u0131 Murat Yurdakul yaparken, Divan Ba\u015fkan Yard\u0131mc\u0131l\u0131klar\u0131n\u0131 Sendikam\u0131z \u0130zmir 4 Nolu \u015eube Ba\u015fkan\u0131 Ayhan Do\u011fan ve delegelerimizden Hande Deniz \u015eent\u00fcrk Ata, divan katip \u00fcyeliklerini ise \u0130zmir 1 Nolu \u015eube Ba\u015fkan\u0131 Nevzat Y\u0131ld\u0131r\u0131m ile \u0130zmir 3 [&hellip;]<\/p>\n","protected":false},"author":3,"featured_media":5461,"comment_status":"open","ping_status":"open","sticky":false,"template":"","format":"standard","meta":{"jnews-multi-image_gallery":[],"jnews_single_post":{"subtitle":"","format":"standard","override":[{"template":"7","parallax":"1","layout":"no-sidebar-narrow","sidebar":"default-sidebar","second_sidebar":"default-sidebar","sticky_sidebar":"1","share_position":"hide","share_float_style":"share-normal","show_share_counter":"1","show_view_counter":"1","show_featured":"1","show_post_meta":"1","show_post_author_image":"1","show_post_date":"1","post_date_format":"default","post_date_format_custom":"Y\/m\/d","post_reading_time_wpm":"300","post_calculate_word_method":"str_word_count","show_zoom_button":"1","zoom_button_out_step":"2","zoom_button_in_step":"3","show_post_tag":"1","number_popup_post":"1","show_post_related":"1"}],"image_override":[{"single_post_thumbnail_size":"no-crop","single_post_gallery_size":"crop-715"}],"trending_post_position":"meta","trending_post_label":"Trending","sponsored_post_label":"Sponsored by","disable_ad":"0"},"jnews_primary_category":[],"jnews_social_meta":[],"jnews_override_counter":{"view_counter_number":"0","share_counter_number":"0","like_counter_number":"0","dislike_counter_number":"0"},"footnotes":""},"categories":[1],"tags":[],"class_list":["post-5460","post","type-post","status-publish","format-standard","has-post-thumbnail","hentry","category-genel"],"_links":{"self":[{"href":"https:\/\/belediyeis.org.tr\/merkez\/wp-json\/wp\/v2\/posts\/5460","targetHints":{"allow":["GET"]}}],"collection":[{"href":"https:\/\/belediyeis.org.tr\/merkez\/wp-json\/wp\/v2\/posts"}],"about":[{"href":"https:\/\/belediyeis.org.tr\/merkez\/wp-json\/wp\/v2\/types\/post"}],"author":[{"embeddable":true,"href":"https:\/\/belediyeis.org.tr\/merkez\/wp-json\/wp\/v2\/users\/3"}],"replies":[{"embeddable":true,"href":"https:\/\/belediyeis.org.tr\/merkez\/wp-json\/wp\/v2\/comments?post=5460"}],"version-history":[{"count":3,"href":"https:\/\/belediyeis.org.tr\/merkez\/wp-json\/wp\/v2\/posts\/5460\/revisions"}],"predecessor-version":[{"id":5472,"href":"https:\/\/belediyeis.org.tr\/merkez\/wp-json\/wp\/v2\/posts\/5460\/revisions\/5472"}],"wp:featuredmedia":[{"embeddable":true,"href":"https:\/\/belediyeis.org.tr\/merkez\/wp-json\/wp\/v2\/media\/5461"}],"wp:attachment":[{"href":"https:\/\/belediyeis.org.tr\/merkez\/wp-json\/wp\/v2\/media?parent=5460"}],"wp:term":[{"taxonomy":"category","embeddable":true,"href":"https:\/\/belediyeis.org.tr\/merkez\/wp-json\/wp\/v2\/categories?post=5460"},{"taxonomy":"post_tag","embeddable":true,"href":"https:\/\/belediyeis.org.tr\/merkez\/wp-json\/wp\/v2\/tags?post=5460"}],"curies":[{"name":"wp","href":"https:\/\/api.w.org\/{rel}","templated":true}]}}