{"id":5453,"date":"2025-10-09T16:45:15","date_gmt":"2025-10-09T13:45:15","guid":{"rendered":"https:\/\/belediyeis.org.tr\/merkez\/?p=5453"},"modified":"2025-10-09T16:45:15","modified_gmt":"2025-10-09T13:45:15","slug":"genel-baskanimiz-nihat-yurdakul-denizlide-uyelerimizle-bir-araya-geldi","status":"publish","type":"post","link":"https:\/\/belediyeis.org.tr\/merkez\/2025\/10\/09\/genel-baskanimiz-nihat-yurdakul-denizlide-uyelerimizle-bir-araya-geldi\/","title":{"rendered":"Genel Ba\u015fkan\u0131m\u0131z Nihat Yurdakul, Denizli\u2019de \u00fcyelerimizle bir araya geldi."},"content":{"rendered":"<p>Denizli \u015eube binam\u0131zda ger\u00e7ekle\u015fen bulu\u015fmada, Genel Ba\u015fkan\u0131m\u0131z \u00fcyelerimizle bir s\u00fcre sohbet etti ve hat\u0131ra foto\u011fraf\u0131 \u00e7ektirdi.<\/p>\n<p><img decoding=\"async\" class=\"alignnone size-medium wp-image-5455\" src=\"http:\/\/belediyeis.org.tr\/merkez\/wp-content\/uploads\/2025\/10\/WhatsApp-Image-2025-10-09-at-16.22.29-3-300x163.jpeg\" alt=\"\" width=\"300\" height=\"163\" srcset=\"https:\/\/belediyeis.org.tr\/merkez\/wp-content\/uploads\/2025\/10\/WhatsApp-Image-2025-10-09-at-16.22.29-3-300x163.jpeg 300w, https:\/\/belediyeis.org.tr\/merkez\/wp-content\/uploads\/2025\/10\/WhatsApp-Image-2025-10-09-at-16.22.29-3-1024x558.jpeg 1024w, https:\/\/belediyeis.org.tr\/merkez\/wp-content\/uploads\/2025\/10\/WhatsApp-Image-2025-10-09-at-16.22.29-3-768x419.jpeg 768w, https:\/\/belediyeis.org.tr\/merkez\/wp-content\/uploads\/2025\/10\/WhatsApp-Image-2025-10-09-at-16.22.29-3-1536x837.jpeg 1536w, https:\/\/belediyeis.org.tr\/merkez\/wp-content\/uploads\/2025\/10\/WhatsApp-Image-2025-10-09-at-16.22.29-3-750x409.jpeg 750w, https:\/\/belediyeis.org.tr\/merkez\/wp-content\/uploads\/2025\/10\/WhatsApp-Image-2025-10-09-at-16.22.29-3-1140x621.jpeg 1140w, https:\/\/belediyeis.org.tr\/merkez\/wp-content\/uploads\/2025\/10\/WhatsApp-Image-2025-10-09-at-16.22.29-3.jpeg 2048w\" sizes=\"(max-width: 300px) 100vw, 300px\" \/><\/p>\n","protected":false},"excerpt":{"rendered":"<p>Denizli \u015eube binam\u0131zda ger\u00e7ekle\u015fen bulu\u015fmada, Genel Ba\u015fkan\u0131m\u0131z \u00fcyelerimizle bir s\u00fcre sohbet etti ve hat\u0131ra foto\u011fraf\u0131 \u00e7ektirdi.<\/p>\n","protected":false},"author":4,"featured_media":5454,"comment_status":"open","ping_status":"open","sticky":false,"template":"","format":"standard","meta":{"jnews-multi-image_gallery":[],"jnews_single_post":{"subtitle":""},"jnews_primary_category":[],"jnews_social_meta":[],"jnews_override_counter":[],"footnotes":""},"categories":[1],"tags":[],"class_list":["post-5453","post","type-post","status-publish","format-standard","has-post-thumbnail","hentry","category-genel"],"_links":{"self":[{"href":"https:\/\/belediyeis.org.tr\/merkez\/wp-json\/wp\/v2\/posts\/5453","targetHints":{"allow":["GET"]}}],"collection":[{"href":"https:\/\/belediyeis.org.tr\/merkez\/wp-json\/wp\/v2\/posts"}],"about":[{"href":"https:\/\/belediyeis.org.tr\/merkez\/wp-json\/wp\/v2\/types\/post"}],"author":[{"embeddable":true,"href":"https:\/\/belediyeis.org.tr\/merkez\/wp-json\/wp\/v2\/users\/4"}],"replies":[{"embeddable":true,"href":"https:\/\/belediyeis.org.tr\/merkez\/wp-json\/wp\/v2\/comments?post=5453"}],"version-history":[{"count":1,"href":"https:\/\/belediyeis.org.tr\/merkez\/wp-json\/wp\/v2\/posts\/5453\/revisions"}],"predecessor-version":[{"id":5456,"href":"https:\/\/belediyeis.org.tr\/merkez\/wp-json\/wp\/v2\/posts\/5453\/revisions\/5456"}],"wp:featuredmedia":[{"embeddable":true,"href":"https:\/\/belediyeis.org.tr\/merkez\/wp-json\/wp\/v2\/media\/5454"}],"wp:attachment":[{"href":"https:\/\/belediyeis.org.tr\/merkez\/wp-json\/wp\/v2\/media?parent=5453"}],"wp:term":[{"taxonomy":"category","embeddable":true,"href":"https:\/\/belediyeis.org.tr\/merkez\/wp-json\/wp\/v2\/categories?post=5453"},{"taxonomy":"post_tag","embeddable":true,"href":"https:\/\/belediyeis.org.tr\/merkez\/wp-json\/wp\/v2\/tags?post=5453"}],"curies":[{"name":"wp","href":"https:\/\/api.w.org\/{rel}","templated":true}]}}