{"id":5439,"date":"2025-09-30T17:34:29","date_gmt":"2025-09-30T14:34:29","guid":{"rendered":"https:\/\/belediyeis.org.tr\/merkez\/?p=5439"},"modified":"2025-09-30T17:34:29","modified_gmt":"2025-09-30T14:34:29","slug":"belediye-is-sendikasi-afyonkarahisar-subesi-genel-kurul-ilani-2","status":"publish","type":"post","link":"https:\/\/belediyeis.org.tr\/merkez\/2025\/09\/30\/belediye-is-sendikasi-afyonkarahisar-subesi-genel-kurul-ilani-2\/","title":{"rendered":"BELED\u0130YE-\u0130\u015e SEND\u0130KASI AFYONKARAH\u0130SAR \u015eUBES\u0130 GENEL KURUL \u0130LANI"},"content":{"rendered":"<p><strong><em>Belediye-\u0130\u015f Sendikas\u0131 Afyonkarahisar \u015eube\u2019nin 11. Ola\u011fan Genel Kurulu 26 Ekim 2025 Pazar g\u00fcn\u00fc Saat 10.00\u2019da a\u015fa\u011f\u0131da ilan edilen g\u00fcndem gere\u011fince Dumlup\u0131nar Mahallesi S\u00fcleyman G\u00f6n\u00e7er Caddesi No:2 Afyonkarahisar adresindeki , Mcg \u00c7akmak Marble Hotel Toplant\u0131 Salonunda yap\u0131lacakt\u0131r. \u0130lk toplant\u0131da \u00e7o\u011funlu\u011fun sa\u011flanamamas\u0131 halinde ikinci toplant\u0131 02 Kas\u0131m 2025 Pazar \u00a0g\u00fcn\u00fc Saat 10.00\u2019da yine ayn\u0131 adreste yap\u0131lacakt\u0131r.<\/em><\/strong><strong><em>\u00a0<\/em><\/strong><\/p>\n<p><strong><em>6356 Say\u0131l\u0131 Sendikalar ve Toplu \u0130\u015f S\u00f6zle\u015fmesi Kanunu ve Sendika Ana T\u00fcz\u00fc\u011f\u00fc\u2019n\u00fcn ilgili maddeleri gere\u011fince ilan olunur.<\/em><\/strong><strong><em>\u00a0<\/em><\/strong><\/p>\n<p><strong><em>Belediye-\u0130\u015f Sendikas\u0131<\/em><\/strong><\/p>\n<p><strong><em>Afyonkarahisar \u015eube Y\u00f6netim Kurulu<\/em><\/strong><\/p>\n<p><strong>G \u00dc N D E M:<\/strong><\/p>\n<p><strong>1. Yoklama ve a\u00e7\u0131l\u0131\u015f<\/strong><br \/>\n<strong>2. Genel Kurul Ba\u015fkanl\u0131k Divan\u0131 Se\u00e7imi<\/strong><br \/>\n<strong>3. Sayg\u0131 Duru\u015fu ve \u0130stiklal Mar\u015f\u0131<\/strong><br \/>\n<strong>4. Konuklar\u0131n tan\u0131t\u0131m\u0131 <\/strong><br \/>\n<strong>5. Raporlar\u0131n g\u00f6r\u00fc\u015f\u00fclmesi ve Kurullar\u0131n ibras\u0131 (Y\u00f6netim ve Denetleme)<\/strong><br \/>\n<strong>6. Kurullar\u0131n se\u00e7imi;<\/strong><br \/>\n<strong>a. Y\u00f6netim Kurulu asil ve yedek \u00fcyeleri<\/strong><br \/>\n<strong>b. Denetleme Kurulu asil ve yedek \u00fcyeleri<\/strong><br \/>\n<strong>c. Disiplin Kurulu asil ve yedek \u00fcyeleri<\/strong><br \/>\n<strong>d. Genel Merkez \u00fcst kurul delegeleri<\/strong><br \/>\n<strong>7.Kapan\u0131\u015f<\/strong><\/p>\n<p>\u0130lan Yay\u0131n Tarihi: 30.09.2025<\/p>\n<p><strong><em>\u00a0<\/em><\/strong><\/p>\n","protected":false},"excerpt":{"rendered":"<p>Belediye-\u0130\u015f Sendikas\u0131 Afyonkarahisar \u015eube\u2019nin 11. Ola\u011fan Genel Kurulu 26 Ekim 2025 Pazar g\u00fcn\u00fc Saat 10.00\u2019da a\u015fa\u011f\u0131da ilan edilen g\u00fcndem gere\u011fince Dumlup\u0131nar Mahallesi S\u00fcleyman G\u00f6n\u00e7er Caddesi No:2 Afyonkarahisar adresindeki , Mcg \u00c7akmak Marble Hotel Toplant\u0131 Salonunda yap\u0131lacakt\u0131r. \u0130lk toplant\u0131da \u00e7o\u011funlu\u011fun sa\u011flanamamas\u0131 halinde ikinci toplant\u0131 02 Kas\u0131m 2025 Pazar \u00a0g\u00fcn\u00fc Saat 10.00\u2019da yine ayn\u0131 adreste yap\u0131lacakt\u0131r.\u00a0 6356 [&hellip;]<\/p>\n","protected":false},"author":3,"featured_media":5266,"comment_status":"open","ping_status":"open","sticky":false,"template":"","format":"standard","meta":{"jnews-multi-image_gallery":[],"jnews_single_post":{"subtitle":""},"jnews_primary_category":[],"jnews_social_meta":[],"jnews_override_counter":[],"footnotes":""},"categories":[1],"tags":[],"class_list":["post-5439","post","type-post","status-publish","format-standard","has-post-thumbnail","hentry","category-genel"],"_links":{"self":[{"href":"https:\/\/belediyeis.org.tr\/merkez\/wp-json\/wp\/v2\/posts\/5439","targetHints":{"allow":["GET"]}}],"collection":[{"href":"https:\/\/belediyeis.org.tr\/merkez\/wp-json\/wp\/v2\/posts"}],"about":[{"href":"https:\/\/belediyeis.org.tr\/merkez\/wp-json\/wp\/v2\/types\/post"}],"author":[{"embeddable":true,"href":"https:\/\/belediyeis.org.tr\/merkez\/wp-json\/wp\/v2\/users\/3"}],"replies":[{"embeddable":true,"href":"https:\/\/belediyeis.org.tr\/merkez\/wp-json\/wp\/v2\/comments?post=5439"}],"version-history":[{"count":1,"href":"https:\/\/belediyeis.org.tr\/merkez\/wp-json\/wp\/v2\/posts\/5439\/revisions"}],"predecessor-version":[{"id":5440,"href":"https:\/\/belediyeis.org.tr\/merkez\/wp-json\/wp\/v2\/posts\/5439\/revisions\/5440"}],"wp:featuredmedia":[{"embeddable":true,"href":"https:\/\/belediyeis.org.tr\/merkez\/wp-json\/wp\/v2\/media\/5266"}],"wp:attachment":[{"href":"https:\/\/belediyeis.org.tr\/merkez\/wp-json\/wp\/v2\/media?parent=5439"}],"wp:term":[{"taxonomy":"category","embeddable":true,"href":"https:\/\/belediyeis.org.tr\/merkez\/wp-json\/wp\/v2\/categories?post=5439"},{"taxonomy":"post_tag","embeddable":true,"href":"https:\/\/belediyeis.org.tr\/merkez\/wp-json\/wp\/v2\/tags?post=5439"}],"curies":[{"name":"wp","href":"https:\/\/api.w.org\/{rel}","templated":true}]}}