{"id":5430,"date":"2025-09-25T11:08:09","date_gmt":"2025-09-25T08:08:09","guid":{"rendered":"https:\/\/belediyeis.org.tr\/merkez\/?p=5430"},"modified":"2025-09-25T11:08:09","modified_gmt":"2025-09-25T08:08:09","slug":"belediye-is-sendikasi-baskanlar-kurulu-sonuc-bildirgesi-5","status":"publish","type":"post","link":"https:\/\/belediyeis.org.tr\/merkez\/2025\/09\/25\/belediye-is-sendikasi-baskanlar-kurulu-sonuc-bildirgesi-5\/","title":{"rendered":"Belediye-\u0130\u015f Sendikas\u0131 Ba\u015fkanlar Kurulu Sonu\u00e7 Bildirgesi"},"content":{"rendered":"<p><strong>Ba\u015fkanlar Kurulumuz, 24 Eyl\u00fcl 2025\u2019te Ankara\u2019da toplanarak, \u00e7al\u0131\u015fma hayat\u0131n\u0131n ve emek\u00e7i halk\u0131m\u0131z\u0131n g\u00fcndeminde olan geli\u015fmeleri, \u00f6rg\u00fctlenme, toplu i\u015f s\u00f6zle\u015fmeleri, e\u011fitim \u00e7al\u0131\u015fmalar\u0131 gibi \u00fcyelerimizin haklar\u0131n\u0131 ve \u00f6zg\u00fcrl\u00fcklerini geli\u015ftirme ve koruma y\u00f6n\u00fcnde ger\u00e7ekle\u015fecek \u00e7al\u0131\u015fmalar\u0131 de\u011ferlendirerek bu do\u011frultuda alm\u0131\u015f oldu\u011fu kararlar\u0131n bas\u0131na, kamuoyuna ve \u00f6rg\u00fct\u00fcm\u00fcze duyurulmas\u0131na karar vermi\u015ftir. <\/strong><\/p>\n<p>&nbsp;<\/p>\n<p>T\u00fcm d\u00fcnyada a\u00e7l\u0131\u011f\u0131n, yoksullu\u011fun, e\u015fitsizliklerin, adaletsizliklerin, ayr\u0131mc\u0131l\u0131\u011f\u0131n, sava\u015flar\u0131n ve katliamlar\u0131n artt\u0131\u011f\u0131 bir d\u00f6nemi ya\u015f\u0131yoruz.<\/p>\n<p>ABD emperyalizmi b\u00f6lgemizde Filistin\u2019den \u0130ran\u2019a halklar\u0131n kan\u0131n\u0131 ak\u0131tarak adaletsiz bir d\u00fczeni sava\u015flarla ayakta tutmaya \u00e7al\u0131\u015f\u0131yor. Daha fazla k\u00e2r elde etmek isteyen tekellerin \u00e7\u0131karlar\u0131n\u0131 korumak ve enerji yollar\u0131n\u0131 kontrol etmek isteyen ABD emperyalizmi ve i\u015fbirlik\u00e7ileri, i\u00e7inde bulundu\u011fumuz b\u00fct\u00fcn bir co\u011frafyay\u0131 istikrars\u0131zl\u0131kla yeniden \u015fekillendirmeye \u00e7al\u0131\u015f\u0131yor.<\/p>\n<p>Emperyalizmin temsilcisi \u0130srail, Filistinlilere uygulad\u0131\u011f\u0131 soyk\u0131r\u0131m ve etnik temizlik ama\u00e7l\u0131 operasyonlar\u0131yla <strong>\u201chaydut devlete\u201d <\/strong>d\u00f6n\u00fc\u015fm\u00fc\u015ft\u00fcr.<\/p>\n<p>Ortado\u011fu\u2019da emperyalist planlar\u0131 ger\u00e7ekle\u015ftirmek \u00fczere yap\u0131lan t\u00fcm sald\u0131r\u0131lar\u0131 k\u0131n\u0131yor, soyk\u0131r\u0131mc\u0131 \u0130srail\u2019i lanetliyoruz.<\/p>\n<p>B\u00f6lgemizde ya\u015fanan i\u015fgal, \u00e7at\u0131\u015fma ve istikrars\u0131zl\u0131klar laik, demokratik Cumhuriyetimizin kurucusu Mustafa Kemal Atat\u00fcrk\u2019\u00fcn\u00a0<strong>\u201cYurtta Sulh Cihanda Sulh\u201d<\/strong> ilkesinin k\u0131ymetini bir kez daha hat\u0131rlatm\u0131\u015ft\u0131r.<\/p>\n<p>&nbsp;<\/p>\n<p>\u00dclkemiz, Cumhuriyet tarihinin en a\u011f\u0131r bask\u0131 d\u00f6nemlerinden birini ya\u015f\u0131yor. \u0130ktidar, itiraz eden, muhalefet eden herkesi bask\u0131yla susturmaya \u00e7al\u0131\u015f\u0131yor. Halk\u0131n oylar\u0131yla se\u00e7ilen belediye ba\u015fkanlar\u0131, itibar suikast\u0131yla, hukuk yok say\u0131larak, yarg\u0131 ara\u00e7salla\u015ft\u0131r\u0131larak, tutuklan\u0131yor. Halk iradesi gasp edilip, millet iradesine darbe yap\u0131l\u0131yor.<\/p>\n<p><strong>\u00dclkemiz, se\u00e7imle gelenin se\u00e7imle gitti\u011fi bir \u00fclke olmaktan h\u0131zla uzakla\u015f\u0131yor. <\/strong><\/p>\n<p>Siyasalla\u015ft\u0131r\u0131lm\u0131\u015f yarg\u0131 bir sopa olarak kullan\u0131larak \u00fclkemizin ayd\u0131nlar\u0131, sanat\u00e7\u0131lar\u0131, gazetecileri her g\u00fcn ak\u0131l almaz su\u00e7lamalarla kar\u015f\u0131 kar\u015f\u0131ya kal\u0131yor.<\/p>\n<p>\u0130ktidar\u0131n muhalif g\u00f6rd\u00fc\u011f\u00fc herkes potansiyel su\u00e7lu haline gelirken, ortada su\u00e7 olmasa dahi cezadan kurtulam\u0131yor. Ger\u00e7ek su\u00e7lular ise, elini kolunu sallaya sallaya ortada dola\u015f\u0131yor.<\/p>\n<p><strong>Demokrasi, hukuk ve adalet yoksa; \u00f6rg\u00fctlenme, toplu s\u00f6zle\u015fme, grev hakk\u0131, ifade \u00f6zg\u00fcrl\u00fc\u011f\u00fc, toplant\u0131 ve g\u00f6steri hakk\u0131 ekonomik \u00f6zg\u00fcrl\u00fckler de yoktur.<\/strong><\/p>\n<p>Sendikala\u015fma \u00f6n\u00fcndeki engeller, t\u00fcm a\u011f\u0131rl\u0131\u011f\u0131yla s\u00fcr\u00fcyor. Bir yandan emek s\u00f6m\u00fcr\u00fcs\u00fc alabildi\u011fine artarken, bir yandan da anayasal ve yasal haklar\u0131n\u0131 kullan\u0131p sendikala\u015fma-\u00f6rg\u00fctlenme \u00e7abas\u0131 i\u00e7inde olan emek\u00e7ilere m\u00fcthi\u015f bir k\u0131y\u0131m uygulan\u0131yor. Grevler yasaklan\u0131yor, grev yapmak neredeyse su\u00e7 olarak g\u00f6r\u00fcl\u00fcyor. Toplu i\u015f s\u00f6zle\u015fmesi d\u00fczeni fiilen yok ediliyor. Var olan toplu i\u015f s\u00f6zle\u015fmelerini uygulatmak bile mesele haline geliyor.<\/p>\n<p>Anayasal sendika se\u00e7me h\u00fcrriyeti; bask\u0131yla, tehditle ortadan kald\u0131r\u0131lmaya \u00e7al\u0131\u015f\u0131l\u0131yor. \u00d6rg\u00fctlenme \u00f6zg\u00fcrl\u00fc\u011f\u00fcnden, ifade \u00f6zg\u00fcrl\u00fc\u011f\u00fcne se\u00e7me ve se\u00e7ilme hakk\u0131na kadar t\u00fcm demokratik haklar sistematik bi\u00e7imde tahrip ediliyor.<\/p>\n<p><em>\u00a0<\/em><\/p>\n<p>&nbsp;<\/p>\n<p>Hukuk g\u00fcvenli\u011finin kalmad\u0131\u011f\u0131, hukukun, adaletin, demokrasinin darbe ald\u0131\u011f\u0131 bir \u00fclkede emekten de emek\u00e7inin ekonomik ve sosyal haklar\u0131ndan da bahsetmek de m\u00fcmk\u00fcn de\u011fildir.<\/p>\n<p>T\u00fcrkiye demokrasiden, hukuktan adaletten uzakla\u015ft\u0131k\u00e7a, sadece ekme\u011fimiz de\u011fil, gelece\u011fimiz, do\u011fam\u0131z, \u00fclkemiz bizden \u00e7al\u0131n\u0131yor. Sokaklarda kad\u0131n cinayetleri, mafya hesapla\u015fmalar\u0131 s\u0131radanla\u015f\u0131yor. \u015eirketlerin emriyle do\u011fam\u0131z talan ediliyor.<\/p>\n<p>Yoksulu daha yoksul, zengini daha zengin yapan bu sistemden beslenenler, art\u0131k halk\u0131n deste\u011fini almalar\u0131n\u0131n imk\u00e2ns\u0131z olduklar\u0131n\u0131 g\u00f6rd\u00fck\u00e7e, halk iradesine meydan okuyarak iktidarlar\u0131n\u0131 korumaya \u00e7al\u0131\u015f\u0131yor. \u00a0Sistem, kendine sendikac\u0131 diyen, sendikal ilkelerden uzak ki\u015filer ile i\u015f\u00e7i s\u0131n\u0131f\u0131n\u0131 kontrol alt\u0131na alarak, \u00a0iktidar\u0131n\u0131 korumaya \u00e7al\u0131\u015f\u0131yor.<\/p>\n<p>&nbsp;<\/p>\n<p><strong>Bu tablonun de\u011fi\u015fmesi \u015fartt\u0131r.<\/strong><\/p>\n<p><strong>\u00dclkemizdeki t\u00fcm bu e\u015fitsizlikleri, haks\u0131zl\u0131klar\u0131, hukuksuzluklar\u0131 ancak ve ancak demokrasi ve hukukun \u00fcst\u00fcnl\u00fc\u011f\u00fcn\u00fc \u00fclkemizde hakim k\u0131larak ortadan kald\u0131rabiliriz.<\/strong><\/p>\n<p>Ya\u015fanabilir bir \u00fclke; \u00e7a\u011fda\u015f e\u011fitimle, bilimle, teknolojiyle, \u00fcretimle, hukukun \u00fcst\u00fcnl\u00fc\u011f\u00fc ve adaletli payla\u015f\u0131mla m\u00fcmk\u00fcnd\u00fcr.<\/p>\n<p>\u00dclkenin t\u00fcm kurumlar\u0131n\u0131 \u00e7\u00fcr\u00fcten, Anayasa\u2019y\u0131 ayaklar alt\u0131na alan, hukuku \u00e7i\u011fnemeyi kendine hak g\u00f6ren bu sisteme kar\u015f\u0131 demokratik m\u00fccadele \u015fartt\u0131r.<\/p>\n<p>\u00dclkemizde demokratik hukuk devleti anlay\u0131\u015f\u0131n\u0131n hakim olmas\u0131, ancak \u00fcniversiteler ve i\u015f\u00e7i s\u0131n\u0131f\u0131n\u0131n birlikte m\u00fccadelesiyle m\u00fcmk\u00fcnd\u00fcr. Yoksullu\u011fu, hukuksuzlu\u011fu, e\u015fitsizlikleri, adaletsizlikleri ortadan kald\u0131rarak \u00a0laik, demokratik ve \u00e7a\u011fda\u015f bir \u00fclkeyi yeniden in\u015fa etmek i\u015f\u00e7i s\u0131n\u0131f\u0131n\u0131n, emek\u00e7ilerin elindedir. Bu tabloyu de\u011fi\u015ftirmenin yolu i\u015f\u00e7i s\u0131n\u0131f\u0131n\u0131n \u00f6nderli\u011finde, \u00fcniversitelerin Anayasal haklar\u0131 temel alan demokratik m\u00fccadelesi ile m\u00fcmk\u00fcnd\u00fcr.<\/p>\n<p>\u0130\u015fkolunda tek sendika, \u00fclkede tek konfederasyon talebini savunan Ba\u015fkanlar Kurulumuz,\u00a0haks\u0131zl\u0131klar\u0131n, hukuksuzluklar\u0131n her ge\u00e7en g\u00fcn vicdanlar\u0131 s\u0131zlatt\u0131\u011f\u0131, liyakatsizli\u011fin diz boyu s\u00fcrd\u00fc\u011f\u00fc bu sanc\u0131l\u0131 s\u00fcre\u00e7te, ba\u015fta T\u00fcrk-\u0130\u015f y\u00f6netimi olmak \u00fczere t\u00fcm konfederasyonlar\u0131, \u00fclkemizde, demokrasinin t\u00fcm kurum ve kurallar\u0131yla yerle\u015fmesi, halk\u0131n iradesinin her alanda egemen k\u0131l\u0131nmas\u0131, i\u015f\u00e7i hak ve \u00f6zg\u00fcrl\u00fcklerinin geli\u015ftirilmesi i\u00e7in emek\u00e7i halk\u0131n sesi olmaya, \u00fclkede ya\u015fananlara ses y\u00fckseltmeye \u00e7a\u011f\u0131r\u0131r.<\/p>\n<p><strong>Ba\u015fkanlar Kurulumuz,<\/strong> sendikam\u0131z \u00fcyesi \u015eav\u015fat Belediyesi emek\u00e7ileri ba\u015fta olmak \u00fczere yasal haklar\u0131 i\u00e7in, Anayasal \u00f6rg\u00fctlenme ve toplu s\u00f6zle\u015fme hakk\u0131 i\u00e7in s\u0131cak-so\u011fuk, gece-g\u00fcnd\u00fcz demeden m\u00fccadele eden t\u00fcm emek\u00e7ileri y\u00fcrekten destekler.<\/p>\n<p><strong>\u00a0<\/strong><\/p>\n<p><strong>Sayg\u0131lar\u0131m\u0131zla. 24.09. 2025<\/strong><\/p>\n<p><strong>\u00a0<\/strong><\/p>\n<p><strong>Belediye-\u0130\u015f Sendikas\u0131 Ba\u015fkanlar Kurulu<\/strong><\/p>\n<p><em>\u00a0<\/em><\/p>\n<p>&nbsp;<\/p>\n","protected":false},"excerpt":{"rendered":"<p>Ba\u015fkanlar Kurulumuz, 24 Eyl\u00fcl 2025\u2019te Ankara\u2019da toplanarak, \u00e7al\u0131\u015fma hayat\u0131n\u0131n ve emek\u00e7i halk\u0131m\u0131z\u0131n g\u00fcndeminde olan geli\u015fmeleri, \u00f6rg\u00fctlenme, toplu i\u015f s\u00f6zle\u015fmeleri, e\u011fitim \u00e7al\u0131\u015fmalar\u0131 gibi \u00fcyelerimizin haklar\u0131n\u0131 ve \u00f6zg\u00fcrl\u00fcklerini geli\u015ftirme ve koruma y\u00f6n\u00fcnde ger\u00e7ekle\u015fecek \u00e7al\u0131\u015fmalar\u0131 de\u011ferlendirerek bu do\u011frultuda alm\u0131\u015f oldu\u011fu kararlar\u0131n bas\u0131na, kamuoyuna ve \u00f6rg\u00fct\u00fcm\u00fcze duyurulmas\u0131na karar vermi\u015ftir. &nbsp; T\u00fcm d\u00fcnyada a\u00e7l\u0131\u011f\u0131n, yoksullu\u011fun, e\u015fitsizliklerin, adaletsizliklerin, ayr\u0131mc\u0131l\u0131\u011f\u0131n, sava\u015flar\u0131n ve [&hellip;]<\/p>\n","protected":false},"author":3,"featured_media":5431,"comment_status":"open","ping_status":"open","sticky":false,"template":"","format":"standard","meta":{"jnews-multi-image_gallery":[],"jnews_single_post":{"subtitle":""},"jnews_primary_category":[],"jnews_social_meta":[],"jnews_override_counter":[],"footnotes":""},"categories":[1],"tags":[],"class_list":["post-5430","post","type-post","status-publish","format-standard","has-post-thumbnail","hentry","category-genel"],"_links":{"self":[{"href":"https:\/\/belediyeis.org.tr\/merkez\/wp-json\/wp\/v2\/posts\/5430","targetHints":{"allow":["GET"]}}],"collection":[{"href":"https:\/\/belediyeis.org.tr\/merkez\/wp-json\/wp\/v2\/posts"}],"about":[{"href":"https:\/\/belediyeis.org.tr\/merkez\/wp-json\/wp\/v2\/types\/post"}],"author":[{"embeddable":true,"href":"https:\/\/belediyeis.org.tr\/merkez\/wp-json\/wp\/v2\/users\/3"}],"replies":[{"embeddable":true,"href":"https:\/\/belediyeis.org.tr\/merkez\/wp-json\/wp\/v2\/comments?post=5430"}],"version-history":[{"count":1,"href":"https:\/\/belediyeis.org.tr\/merkez\/wp-json\/wp\/v2\/posts\/5430\/revisions"}],"predecessor-version":[{"id":5432,"href":"https:\/\/belediyeis.org.tr\/merkez\/wp-json\/wp\/v2\/posts\/5430\/revisions\/5432"}],"wp:featuredmedia":[{"embeddable":true,"href":"https:\/\/belediyeis.org.tr\/merkez\/wp-json\/wp\/v2\/media\/5431"}],"wp:attachment":[{"href":"https:\/\/belediyeis.org.tr\/merkez\/wp-json\/wp\/v2\/media?parent=5430"}],"wp:term":[{"taxonomy":"category","embeddable":true,"href":"https:\/\/belediyeis.org.tr\/merkez\/wp-json\/wp\/v2\/categories?post=5430"},{"taxonomy":"post_tag","embeddable":true,"href":"https:\/\/belediyeis.org.tr\/merkez\/wp-json\/wp\/v2\/tags?post=5430"}],"curies":[{"name":"wp","href":"https:\/\/api.w.org\/{rel}","templated":true}]}}