{"id":5417,"date":"2025-09-25T10:41:01","date_gmt":"2025-09-25T07:41:01","guid":{"rendered":"https:\/\/belediyeis.org.tr\/merkez\/?p=5417"},"modified":"2025-09-25T10:42:42","modified_gmt":"2025-09-25T07:42:42","slug":"sendikamiz-baskanlar-kurulu-toplantisini-gerceklestirdik-4","status":"publish","type":"post","link":"https:\/\/belediyeis.org.tr\/merkez\/2025\/09\/25\/sendikamiz-baskanlar-kurulu-toplantisini-gerceklestirdik-4\/","title":{"rendered":"Sendikam\u0131z Ba\u015fkanlar Kurulu Toplant\u0131s\u0131n\u0131 Ger\u00e7ekle\u015ftirdik"},"content":{"rendered":"\t\t<div data-elementor-type=\"wp-post\" data-elementor-id=\"5417\" class=\"elementor elementor-5417\">\n\t\t\t\t\t\t<section class=\"elementor-section elementor-top-section elementor-element elementor-element-6aaf798a elementor-section-boxed elementor-section-height-default elementor-section-height-default\" data-id=\"6aaf798a\" data-element_type=\"section\" data-e-type=\"section\">\n\t\t\t\t\t\t<div class=\"elementor-container elementor-column-gap-default\">\n\t\t\t\t\t<div class=\"elementor-column elementor-col-100 elementor-top-column elementor-element elementor-element-7e6ebcca\" data-id=\"7e6ebcca\" data-element_type=\"column\" data-e-type=\"column\">\n\t\t\t<div class=\"elementor-widget-wrap elementor-element-populated\">\n\t\t\t\t\t\t<div class=\"elementor-element elementor-element-279af940 elementor-widget elementor-widget-text-editor\" data-id=\"279af940\" data-element_type=\"widget\" data-e-type=\"widget\" data-widget_type=\"text-editor.default\">\n\t\t\t\t<div class=\"elementor-widget-container\">\n\t\t\t\t\t\t\t\t\t<p>Genel Ba\u015fkan\u0131m\u0131z Nihat Yurdakul ba\u015fkanl\u0131\u011f\u0131ndaki Sendikam\u0131z Ba\u015fkanlar Kurulu Toplant\u0131s\u0131, Ankara\u2019da Ba\u015fkanlar Kurulu Toplant\u0131 Salonunda, Sendikam\u0131z Genel Y\u00f6netim, Denetim ve Disiplin Kurulu \u00fcyeleri, T\u00fcrkiye\u2019nin her b\u00f6lgesini ve ilini temsil eden \u015fube ba\u015fkanlar\u0131 ve Genel Merkez personelinin kat\u0131l\u0131m\u0131yla yap\u0131ld\u0131.<br \/>Toplant\u0131da konu\u015fan Genel Ba\u015fkan\u0131m\u0131z, \u00fclkenin karanl\u0131k bir tabloya s\u00fcr\u00fcklendi\u011fini belirterek, \u201cBug\u00fcn \u00fclkede \u00e7a\u011fda\u015f e\u011fitim, adalet, hukuk, bilim, adaletli payla\u015f\u0131m yok. \u2018\u00c7ocuklar\u0131m\u0131z yar\u0131n mutlu olacak\u2019 diyen bile yok. \u00dclkedeki k\u00f6t\u00fc gidi\u015fe kar\u015f\u0131 \u00e7\u0131kacak tek g\u00fc\u00e7 ve en b\u00fcy\u00fck g\u00fc\u00e7 \u00f6rg\u00fctl\u00fc i\u015f\u00e7i s\u0131n\u0131f\u0131d\u0131r. \u0130\u015f\u00e7i s\u0131n\u0131f\u0131, y\u00f6netim iyiyse destekleyecek, k\u00f6t\u00fcyse indirecek\u201d dedi.<br \/>\u201cBen emek\u00e7iyim, siyaset\u00e7i de\u011filim\u201d diyen Genel Ba\u015fkan\u0131m\u0131z, konu\u015fmas\u0131n\u0131 \u015f\u00f6yle s\u00fcrd\u00fcrd\u00fc:<br \/>\u201cIsrarla savundu\u011fum \u015fey \u015fu, i\u015f\u00e7iler partizanl\u0131k yapmamal\u0131, siyaset yapmamal\u0131. \u0130\u015f\u00e7inin sa\u011fc\u0131s\u0131 solcusu olmaz. Bizi par\u00e7alamak, b\u00f6lmek istedikleri i\u00e7in bunlar\u0131 getiriyorlar. Bizi b\u00f6lerek bir araya gelmemize engel olmaya \u00e7al\u0131\u015f\u0131yorlar. \u0130\u015f\u00e7iler politika yapmal\u0131. Siyaset bir program dahilinde \u00fclkeyi y\u00f6netmeye talip olman\u0131n ad\u0131. Politika, belirlenen bir hedefe k\u0131rmadan d\u00f6kmeden ula\u015fman\u0131n ad\u0131. Bizim \u00fclkeyi y\u00f6netecek bir program\u0131m\u0131z yok, talip de de\u011filiz. Bizim hedefimiz, insan gibi \u00e7al\u0131\u015fmak, insan gibi ya\u015famak, \u00fcretmek, hizmet etmek ve bunun kar\u015f\u0131l\u0131\u011f\u0131n\u0131 alabilmek, ailemizi namerde muhta\u00e7 ettirmemek. Biz bu hedefe ula\u015fmak istiyoruz. Biz bu hedefe ula\u015fmak i\u00e7in iyi politika yapaca\u011f\u0131z. Biz i\u015f\u00e7i s\u0131n\u0131f\u0131 olarak, \u00fclkeyi temsil edecek, adaletli olacak, demokrat olacak siyaset\u00e7ileri se\u00e7ece\u011fiz, bunun politikas\u0131n\u0131 yapaca\u011f\u0131z. \u0130\u015f\u00e7i s\u0131n\u0131f\u0131 y\u00fcz\u00fc ona d\u00f6n\u00fck kim varsa onu desteklemeli\u201d<br \/>T\u00fcrkiye\u2019nin bilimden, adaletten, demokrasiden, laiklikten uzakla\u015ft\u0131r\u0131ld\u0131\u011f\u0131n\u0131 ifade eden Genel Ba\u015fkan\u0131m\u0131z, \u201cBen bir sivil toplum \u00f6rg\u00fct\u00fcn\u00fcn lideri olarak bunlara kay\u0131ts\u0131z kalamam, bunlar\u0131 s\u00f6ylemek mecburiyetindeyim. Biz, bu \u00fclkeye adalet gelsin, hukuk gelsin, \u00e7a\u011fda\u015f, demokratik laik bir \u00fclke olsun diye politika yap\u0131yoruz\u201d dedi.<br \/>Genel Ba\u015fkan\u0131m\u0131z, \u201cBenim ba\u015f\u0131nda bulundu\u011fum \u00f6rg\u00fct\u00fcm\u00fcn tabii ki bir partisi var. Belediye-\u0130\u015f Sendikas\u0131\u2019n\u0131n partisinin ad\u0131 Mustafa Kemal Atat\u00fcrk\u2019\u00fcn kurdu\u011fu laik T\u00fcrkiye Cumhuriyeti\u2019dir. De\u011fi\u015fmez liderimiz, \u00f6nderimiz, ilkelerinden asla vazge\u00e7meyece\u011fiz Mustafa Kemal Atat\u00fcrk\u2019t\u00fcr\u201d dedi.<br \/>\u00c7al\u0131\u015fma hayat\u0131ndaki g\u00fcncel sorun ve s\u0131k\u0131nt\u0131lara da konu\u015fmas\u0131nda de\u011finen Genel Ba\u015fkan\u0131m\u0131z, k\u0131dem tazminat\u0131, esnek \u00e7al\u0131\u015fma gibi emek\u00e7ilerin aleyhine konular\u0131n tekrar tekrar g\u00fcndeme getirildi\u011fini s\u00f6yledi.<br \/>\u00d6rg\u00fctlenme \u00f6zelinde i\u015fkolu tespit kararlar\u0131n\u0131n giderek b\u00fcy\u00fcyen bir sorun haline geldi\u011fini belirten Genel Ba\u015fkan\u0131m\u0131z, \u201cHukuka, yasalara ayk\u0131r\u0131 i\u015fkolu tespitleri veriliyor. \u00c7al\u0131\u015fma hayat\u0131 kaosa s\u00fcr\u00fckleniyor. Bunlarla da m\u00fccadelemizi s\u00fcrd\u00fcr\u00fcyoruz\u201d dedi.<\/p><div id='gallery_1' class='gallery galleryid-5417 gallery-columns-2 gallery-size-full'><figure class='gallery-item'>\n                <div class='gallery-icon landscape'>\n                    <a href='https:\/\/belediyeis.org.tr\/merkez\/wp-content\/uploads\/2025\/09\/1-scaled.jpg'><img fetchpriority=\"high\" decoding=\"async\" width=\"2560\" height=\"2162\" src=\"\" class=\"attachment-full size-full lazyload\" alt=\"\" data-src=\"https:\/\/belediyeis.org.tr\/merkez\/wp-content\/uploads\/2025\/09\/1-scaled.jpg\" data-sizes=\"auto\" data-srcset=\"https:\/\/belediyeis.org.tr\/merkez\/wp-content\/uploads\/2025\/09\/1-scaled.jpg 2560w, https:\/\/belediyeis.org.tr\/merkez\/wp-content\/uploads\/2025\/09\/1-300x253.jpg 300w, https:\/\/belediyeis.org.tr\/merkez\/wp-content\/uploads\/2025\/09\/1-1024x865.jpg 1024w, https:\/\/belediyeis.org.tr\/merkez\/wp-content\/uploads\/2025\/09\/1-768x649.jpg 768w, https:\/\/belediyeis.org.tr\/merkez\/wp-content\/uploads\/2025\/09\/1-1536x1297.jpg 1536w, https:\/\/belediyeis.org.tr\/merkez\/wp-content\/uploads\/2025\/09\/1-2048x1730.jpg 2048w, https:\/\/belediyeis.org.tr\/merkez\/wp-content\/uploads\/2025\/09\/1-750x633.jpg 750w, https:\/\/belediyeis.org.tr\/merkez\/wp-content\/uploads\/2025\/09\/1-1140x963.jpg 1140w\" data-expand=\"700\" \/><\/a>\n                <\/div><\/figure><figure class='gallery-item'>\n                <div class='gallery-icon landscape'>\n                    <a href='https:\/\/belediyeis.org.tr\/merkez\/wp-content\/uploads\/2025\/09\/DSC_0461-scaled.jpg'><img decoding=\"async\" width=\"2560\" height=\"1707\" src=\"\" class=\"attachment-full size-full lazyload\" alt=\"\" data-src=\"https:\/\/belediyeis.org.tr\/merkez\/wp-content\/uploads\/2025\/09\/DSC_0461-scaled.jpg\" data-sizes=\"auto\" data-srcset=\"https:\/\/belediyeis.org.tr\/merkez\/wp-content\/uploads\/2025\/09\/DSC_0461-scaled.jpg 2560w, https:\/\/belediyeis.org.tr\/merkez\/wp-content\/uploads\/2025\/09\/DSC_0461-300x200.jpg 300w, https:\/\/belediyeis.org.tr\/merkez\/wp-content\/uploads\/2025\/09\/DSC_0461-1024x683.jpg 1024w, https:\/\/belediyeis.org.tr\/merkez\/wp-content\/uploads\/2025\/09\/DSC_0461-768x512.jpg 768w, https:\/\/belediyeis.org.tr\/merkez\/wp-content\/uploads\/2025\/09\/DSC_0461-1536x1024.jpg 1536w, https:\/\/belediyeis.org.tr\/merkez\/wp-content\/uploads\/2025\/09\/DSC_0461-2048x1365.jpg 2048w, https:\/\/belediyeis.org.tr\/merkez\/wp-content\/uploads\/2025\/09\/DSC_0461-750x500.jpg 750w, https:\/\/belediyeis.org.tr\/merkez\/wp-content\/uploads\/2025\/09\/DSC_0461-1140x760.jpg 1140w\" data-expand=\"700\" \/><\/a>\n                <\/div><\/figure><br style=\"clear: both\" \/><figure class='gallery-item'>\n                <div class='gallery-icon landscape'>\n                    <a href='https:\/\/belediyeis.org.tr\/merkez\/wp-content\/uploads\/2025\/09\/DSC_0463-scaled.jpg'><img decoding=\"async\" width=\"2560\" height=\"1707\" src=\"\" class=\"attachment-full size-full lazyload\" alt=\"\" data-src=\"https:\/\/belediyeis.org.tr\/merkez\/wp-content\/uploads\/2025\/09\/DSC_0463-scaled.jpg\" data-sizes=\"auto\" data-srcset=\"https:\/\/belediyeis.org.tr\/merkez\/wp-content\/uploads\/2025\/09\/DSC_0463-scaled.jpg 2560w, https:\/\/belediyeis.org.tr\/merkez\/wp-content\/uploads\/2025\/09\/DSC_0463-300x200.jpg 300w, https:\/\/belediyeis.org.tr\/merkez\/wp-content\/uploads\/2025\/09\/DSC_0463-1024x683.jpg 1024w, https:\/\/belediyeis.org.tr\/merkez\/wp-content\/uploads\/2025\/09\/DSC_0463-768x512.jpg 768w, https:\/\/belediyeis.org.tr\/merkez\/wp-content\/uploads\/2025\/09\/DSC_0463-1536x1024.jpg 1536w, https:\/\/belediyeis.org.tr\/merkez\/wp-content\/uploads\/2025\/09\/DSC_0463-2048x1365.jpg 2048w, https:\/\/belediyeis.org.tr\/merkez\/wp-content\/uploads\/2025\/09\/DSC_0463-750x500.jpg 750w, https:\/\/belediyeis.org.tr\/merkez\/wp-content\/uploads\/2025\/09\/DSC_0463-1140x760.jpg 1140w\" data-expand=\"700\" \/><\/a>\n                <\/div><\/figure><figure class='gallery-item'>\n                <div class='gallery-icon landscape'>\n                    <a href='https:\/\/belediyeis.org.tr\/merkez\/wp-content\/uploads\/2025\/09\/DSC_0456-scaled.jpg'><img loading=\"lazy\" decoding=\"async\" width=\"2560\" height=\"1707\" src=\"\" class=\"attachment-full size-full lazyload\" alt=\"\" data-src=\"https:\/\/belediyeis.org.tr\/merkez\/wp-content\/uploads\/2025\/09\/DSC_0456-scaled.jpg\" data-sizes=\"auto\" data-srcset=\"https:\/\/belediyeis.org.tr\/merkez\/wp-content\/uploads\/2025\/09\/DSC_0456-scaled.jpg 2560w, https:\/\/belediyeis.org.tr\/merkez\/wp-content\/uploads\/2025\/09\/DSC_0456-300x200.jpg 300w, https:\/\/belediyeis.org.tr\/merkez\/wp-content\/uploads\/2025\/09\/DSC_0456-1024x683.jpg 1024w, https:\/\/belediyeis.org.tr\/merkez\/wp-content\/uploads\/2025\/09\/DSC_0456-768x512.jpg 768w, https:\/\/belediyeis.org.tr\/merkez\/wp-content\/uploads\/2025\/09\/DSC_0456-1536x1024.jpg 1536w, https:\/\/belediyeis.org.tr\/merkez\/wp-content\/uploads\/2025\/09\/DSC_0456-2048x1365.jpg 2048w, https:\/\/belediyeis.org.tr\/merkez\/wp-content\/uploads\/2025\/09\/DSC_0456-750x500.jpg 750w, https:\/\/belediyeis.org.tr\/merkez\/wp-content\/uploads\/2025\/09\/DSC_0456-1140x760.jpg 1140w\" data-expand=\"700\" \/><\/a>\n                <\/div><\/figure><br style=\"clear: both\" \/>\n            <\/div>\n\t\t\t\t\t\t\t\t<\/div>\n\t\t\t\t<\/div>\n\t\t\t\t\t<\/div>\n\t\t<\/div>\n\t\t\t\t\t<\/div>\n\t\t<\/section>\n\t\t\t\t<\/div>\n\t\t","protected":false},"excerpt":{"rendered":"<p>Genel Ba\u015fkan\u0131m\u0131z Nihat Yurdakul ba\u015fkanl\u0131\u011f\u0131ndaki Sendikam\u0131z Ba\u015fkanlar Kurulu Toplant\u0131s\u0131, Ankara\u2019da Ba\u015fkanlar Kurulu Toplant\u0131 Salonunda, Sendikam\u0131z Genel Y\u00f6netim, Denetim ve Disiplin Kurulu \u00fcyeleri, T\u00fcrkiye\u2019nin her b\u00f6lgesini ve ilini temsil eden \u015fube ba\u015fkanlar\u0131 ve Genel Merkez personelinin kat\u0131l\u0131m\u0131yla yap\u0131ld\u0131.Toplant\u0131da konu\u015fan Genel Ba\u015fkan\u0131m\u0131z, \u00fclkenin karanl\u0131k bir tabloya s\u00fcr\u00fcklendi\u011fini belirterek, \u201cBug\u00fcn \u00fclkede \u00e7a\u011fda\u015f e\u011fitim, adalet, hukuk, bilim, adaletli payla\u015f\u0131m [&hellip;]<\/p>\n","protected":false},"author":3,"featured_media":5418,"comment_status":"open","ping_status":"open","sticky":false,"template":"","format":"standard","meta":{"jnews-multi-image_gallery":[],"jnews_single_post":{"subtitle":""},"jnews_primary_category":[],"jnews_social_meta":[],"jnews_override_counter":[],"footnotes":""},"categories":[1],"tags":[],"class_list":["post-5417","post","type-post","status-publish","format-standard","has-post-thumbnail","hentry","category-genel"],"_links":{"self":[{"href":"https:\/\/belediyeis.org.tr\/merkez\/wp-json\/wp\/v2\/posts\/5417","targetHints":{"allow":["GET"]}}],"collection":[{"href":"https:\/\/belediyeis.org.tr\/merkez\/wp-json\/wp\/v2\/posts"}],"about":[{"href":"https:\/\/belediyeis.org.tr\/merkez\/wp-json\/wp\/v2\/types\/post"}],"author":[{"embeddable":true,"href":"https:\/\/belediyeis.org.tr\/merkez\/wp-json\/wp\/v2\/users\/3"}],"replies":[{"embeddable":true,"href":"https:\/\/belediyeis.org.tr\/merkez\/wp-json\/wp\/v2\/comments?post=5417"}],"version-history":[{"count":4,"href":"https:\/\/belediyeis.org.tr\/merkez\/wp-json\/wp\/v2\/posts\/5417\/revisions"}],"predecessor-version":[{"id":5428,"href":"https:\/\/belediyeis.org.tr\/merkez\/wp-json\/wp\/v2\/posts\/5417\/revisions\/5428"}],"wp:featuredmedia":[{"embeddable":true,"href":"https:\/\/belediyeis.org.tr\/merkez\/wp-json\/wp\/v2\/media\/5418"}],"wp:attachment":[{"href":"https:\/\/belediyeis.org.tr\/merkez\/wp-json\/wp\/v2\/media?parent=5417"}],"wp:term":[{"taxonomy":"category","embeddable":true,"href":"https:\/\/belediyeis.org.tr\/merkez\/wp-json\/wp\/v2\/categories?post=5417"},{"taxonomy":"post_tag","embeddable":true,"href":"https:\/\/belediyeis.org.tr\/merkez\/wp-json\/wp\/v2\/tags?post=5417"}],"curies":[{"name":"wp","href":"https:\/\/api.w.org\/{rel}","templated":true}]}}