{"id":5356,"date":"2025-09-06T16:18:03","date_gmt":"2025-09-06T13:18:03","guid":{"rendered":"https:\/\/belediyeis.org.tr\/merkez\/?p=5356"},"modified":"2025-09-06T16:18:03","modified_gmt":"2025-09-06T13:18:03","slug":"amasya-subesi-1-olagan-genel-kurulu-yapildi","status":"publish","type":"post","link":"https:\/\/belediyeis.org.tr\/merkez\/2025\/09\/06\/amasya-subesi-1-olagan-genel-kurulu-yapildi\/","title":{"rendered":"Amasya \u015eubesi 1. Ola\u011fan Genel Kurulu Yap\u0131ld\u0131"},"content":{"rendered":"<p>Amasya \u015eube delege ve \u00fcyelerinin kat\u0131l\u0131m\u0131yla The Apple Palace Otel Toplant\u0131 Salonu\u2019nda ger\u00e7ekle\u015ftirilen Genel Kurulun Divan Ba\u015fkanl\u0131\u011f\u0131n\u0131 Sendikam\u0131z \u00d6rg\u00fctlenme Genel Sekreteri \u0130smail Duman yaparken, Divan Ba\u015fkan Yard\u0131mc\u0131l\u0131klar\u0131n\u0131 Sendikam\u0131z Genel Denetleme Kurulu Raport\u00f6r\u00fc Gamze Ceylan ve \u00c7orum \u015eube Ba\u015fkan\u0131 Mehmet \u015een, divan katip \u00fcyeliklerini ise Tokat \u015eube Ba\u015fkan\u0131 Naci G\u00fcne\u015f ile Samsun \u015eube Ba\u015fkan\u0131 Taha Yasin Mutlu \u00fcstlendi.<\/p>\n<p>Genel Kurula, Amasya Belediye Ba\u015fkan\u0131 Av. Turgay Sevindi, CHP Amasya \u0130l Ba\u015fkan\u0131 \u0130lker K\u00fcp, CHP Amasya Merkez \u0130l\u00e7e Ba\u015fkan\u0131 Arif Feraho\u011flu, E\u011fitim-Sen Amasya \u015eube Ba\u015fkan\u0131 Mustafa \u00d6lg\u00fcn, Amasya Ziraat Odas\u0131 Ba\u015fkan\u0131 Mustafa Cebeci, CHP Amasya Belediye Meclis Grup Ba\u015fkan\u0131 Rasim Seven, Amasya Belediye Ba\u015fkan Yard\u0131mc\u0131lar\u0131 Ali Bodur ve Mustafa \u00d6zt\u00fcrk, CHP Amasya Gen\u00e7lik Kollar\u0131 Genel Ba\u015fkan\u0131 Umut Bayram, CHP Amasya Gen\u00e7lik Kollar\u0131 Genel Ba\u015fkan Yard\u0131mc\u0131s\u0131 Mehmet \u00d6nder, \u00c7a\u011fda\u015f Ya\u015fam\u0131 Destekleme Derne\u011fi Amasya \u015eube Ba\u015fkan\u0131 Beyhan Sevindi, Amasya T\u00fcrk Yerel Hizmet-Sen Temsilcisi Mustafa Kesler\u2019in yan\u0131 s\u0131ra Sendikam\u0131z Trabzon \u015eube Ba\u015fkan\u0131 Numan \u00d6zt\u00fcrk, Rize \u015eube Ba\u015fkan\u0131 Ya\u015far Kaspar, Ordu \u015eube Ba\u015fkan\u0131 Kadir Altun, Giresun \u015eube Ba\u015fkan\u0131 Halil Ye\u015filtepe kat\u0131ld\u0131lar.<\/p>\n<p>Genel Kurulun a\u00e7\u0131l\u0131\u015f konu\u015fmas\u0131n\u0131 yapan Genel Ba\u015fkan\u0131m\u0131z Nihat Yurdakul, y\u0131llar sonra Amasya\u2019da tekrar \u00f6rg\u00fctlenip bulu\u015fman\u0131n mutluluk ve heyecan verici bir geli\u015fme oldu\u011funu belirterek, \u201cGe\u00e7mi\u015fte Amasya\u2019da \u00e7ok b\u00fcy\u00fck i\u015fler ba\u015fard\u0131k. Bizim i\u00e7in \u00e7ok de\u011ferlidir. Hepiniz tekrar Belediye-\u0130\u015f ailesine ho\u015f geldiniz. Amasya\u2019da ge\u00e7mi\u015fte de oldu\u011fu gibi, \u015fartlar\u0131 sonuna kadar zorlayarak elimizden geleni yapt\u0131k, yapaca\u011f\u0131z. Huzurunuzda Say\u0131n Ba\u015fkan\u2019a da emekten yana tavr\u0131ndan dolay\u0131 te\u015fekk\u00fcr ediyorum. Biz de emek\u00e7iler olarak bunun kar\u015f\u0131l\u0131\u011f\u0131nda da Amasya halk\u0131na en iyi hizmeti vererek \u00e7al\u0131\u015faca\u011f\u0131z\u201d dedi.<\/p>\n<p>\u00dclkemizin karanl\u0131k bir yere do\u011fru gitti\u011fini; i\u015f\u00e7inin, memurun, emeklinin, gen\u00e7lerin kan a\u011flad\u0131\u011f\u0131n\u0131 s\u00f6yleyen Genel Ba\u015fkan\u0131m\u0131z, \u201cE\u011fer bu karanl\u0131k kuyuya d\u00fc\u015fersek, nesiller boyu \u00e7\u0131kamay\u0131z. E\u011fer \u00e7ocuklar\u0131m\u0131z\u0131n bizden daha mutlu, karde\u015f\u00e7e, bar\u0131\u015f i\u00e7inde ya\u015famas\u0131n\u0131 istiyorsak, i\u015f\u00e7i s\u0131n\u0131f\u0131n\u0131n birlikte hareket etmesi laz\u0131m. \u0130\u015f\u00e7i s\u0131n\u0131f\u0131n\u0131n partizanl\u0131\u011f\u0131 b\u0131rakmas\u0131 laz\u0131m\u201d diye konu\u015ftu.<\/p>\n<p>\u00dclkemizi gelecek nesillere ya\u015fanabilir bir \u00fclke olarak devredeceksek bunu ancak iki kurumun ba\u015farabilece\u011finiz ifade eden Genel Ba\u015fkan\u0131m\u0131z, \u201cAncak \u00fcniversiteler ve i\u015f\u00e7i s\u0131n\u0131f\u0131 birlikte hareket ederse bu \u00fclke demokratik olur, ancak o zaman hukuk devleti olur\u201d dedi.<\/p>\n<p>\u201cBen emek\u00e7iyim, siyaset\u00e7i de\u011filim\u201d diyen Genel Ba\u015fkan\u0131m\u0131z, konu\u015fmas\u0131n\u0131 \u015f\u00f6yle s\u00fcrd\u00fcrd\u00fc:<\/p>\n<p>\u201cIsrarla savundu\u011fum \u015fey \u015fu, i\u015f\u00e7iler partizanl\u0131k yapmamal\u0131, siyaset yapmamal\u0131. \u0130\u015f\u00e7iler politika yapmal\u0131. Siyaset bir program dahilinde \u00fclkeyi y\u00f6netmeye talip olman\u0131n ad\u0131. Politika, belirlenen bir hedefe k\u0131rmadan d\u00f6kmeden ula\u015fman\u0131n ad\u0131. Bizim \u00fclkeyi y\u00f6netecek bir program\u0131m\u0131z yok, talip de de\u011filiz. Bizim hedefimiz, insan gibi \u00e7al\u0131\u015fmak, insan gibi ya\u015famak, \u00fcretmek, hizmet etmek ve bunun kar\u015f\u0131l\u0131\u011f\u0131n\u0131 alabilmek, ailemizi namerde muhta\u00e7 ettirmemek. Biz bu hedefe ula\u015fmak istiyoruz. Biz bu hedefe ula\u015fmak i\u00e7in iyi politika yapaca\u011f\u0131z.<\/p>\n<p>Biz i\u015f\u00e7i s\u0131n\u0131f\u0131 olarak, \u00fclkeyi temsil edecek, adaletli olacak, demokrat olacak siyaset\u00e7ileri se\u00e7ece\u011fiz, bunun politikas\u0131n\u0131 yapaca\u011f\u0131z. Bunu yapabildik mi, yapamad\u0131k. E\u011fer yapabilseydik \u00fclke huzur i\u00e7inde olurdu. \u00c7ocuklar\u0131m\u0131z\u0131n gelece\u011fini, hayallerini \u00e7ald\u0131rd\u0131k. D\u00fcnyada da \u00fclkemizde de iki t\u00fcr h\u0131rs\u0131z vard\u0131r. Biri \u00e7antam\u0131z\u0131, e\u015fyam\u0131z\u0131 \u00e7alan bir de siyasi h\u0131rs\u0131z. \u0130kincisi gelece\u011fimizi, hayallerimizi \u00e7alan. Bunlar\u0131n fark\u0131 \u015fudur. Siyasi h\u0131rs\u0131z\u0131 biz se\u00e7eriz. Gelece\u011fimizi \u00e7ald\u0131rmamak i\u00e7in \u00a0iyi se\u00e7memiz laz\u0131m.\u201d<\/p>\n<p>Hizmet ve sanayi sekt\u00f6r\u00fcnde toplamda 17 milyon emek\u00e7inin bir araya gelmesiyle \u00fclkede pek\u00e7ok \u015feyin de\u011fi\u015fece\u011fine i\u015faret eden Genel Ba\u015fkan\u0131m\u0131z, \u201cPeki biz bunu neden beceremiyoruz, \u00e7\u00fcnk\u00fc i\u015f\u00e7i s\u0131n\u0131f\u0131 kontrol alt\u0131nda. Oysa, \u00f6nce ailemizi, \u00e7ocuklar\u0131m\u0131z\u0131, vatan\u0131m\u0131z\u0131 d\u00fc\u015f\u00fcnmeliyiz. Kim bizim \u00e7ocuklar\u0131m\u0131z\u0131 kendi \u00e7ocuklar\u0131 gibi k\u0131ymetli g\u00f6r\u00fcyorsa onu desteklemeliyiz. Daha iyi, ya\u015fanabilir bir \u00fclke ancak \u00e7a\u011fda\u015f e\u011fitimle, bilimle, teknolojiyle, \u00fcretimle, hukukla, adaletli payla\u015f\u0131mla olur. Bir ki\u015fi de \u00e7\u0131ks\u0131n s\u00f6ylesin \u00fclkemizde bunlardan biri var m\u0131? Yoksa, i\u015f\u00e7i s\u0131n\u0131f\u0131 bunlar\u0131 oylar\u0131yla destekleyerek \u00e7ocuklar\u0131na ihanet ediyor. Maalesef sendikac\u0131y\u0131m diye ortaya \u00e7\u0131kanlar y\u00fcz\u00fcnden bu hale gelindi. \u0130\u015f\u00e7i s\u0131n\u0131f\u0131 g\u00fcc\u00fcn\u00fc eme\u011finden, al\u0131nterinden al\u0131r, ba\u015fkas\u0131ndan talimat almaz\u201d diye konu\u015ftu.<\/p>\n<p>\u201cBenim ba\u015f\u0131nda bulundu\u011fum \u00f6rg\u00fct\u00fcm\u00fcn tabii ki bir partisi var\u201d diyen Genel Ba\u015fkan\u0131m\u0131z, \u201cBenim Genel Ba\u015fkan\u0131 oldu\u011fum Belediye-\u0130\u015f Sendikas\u0131\u2019n\u0131n partisinin ad\u0131 Mustafa Kemal Atat\u00fcrk\u2019\u00fcn kurdu\u011fu laik T\u00fcrkiye Cumhuriyeti\u2019dir. De\u011fi\u015fmez liderimiz, \u00f6nderimiz, ilkelerinden asla vazge\u00e7meyece\u011fiz Mustafa Kemal Atat\u00fcrk\u2019t\u00fcr\u201d dedi.<\/p>\n<p>Genel Kurulda, konu\u015fmalar\u0131n ard\u0131ndan raporlar g\u00f6r\u00fc\u015f\u00fcl\u00fcp ibra edildi.<\/p>\n<p>Genel Kurul g\u00fcndemi uyar\u0131nca daha sonra se\u00e7imlere ge\u00e7ildi. Yap\u0131lan se\u00e7imlerin sonucu kurullara se\u00e7ilenlere ba\u015far\u0131lar dileriz.<\/p>\n<p>&nbsp;<\/p>\n<div id='gallery_1' class='gallery galleryid-5356 gallery-columns-3 gallery-size-large'><figure class='gallery-item'>\n                <div class='gallery-icon landscape'>\n                    <a href='https:\/\/belediyeis.org.tr\/merkez\/wp-content\/uploads\/2025\/09\/WhatsApp-Image-2025-09-06-at-11.47.40.jpeg'><img fetchpriority=\"high\" decoding=\"async\" width=\"1024\" height=\"683\" src=\"\" class=\"attachment-large size-large lazyload\" alt=\"\" data-src=\"https:\/\/belediyeis.org.tr\/merkez\/wp-content\/uploads\/2025\/09\/WhatsApp-Image-2025-09-06-at-11.47.40-1024x683.jpeg\" data-sizes=\"auto\" data-srcset=\"https:\/\/belediyeis.org.tr\/merkez\/wp-content\/uploads\/2025\/09\/WhatsApp-Image-2025-09-06-at-11.47.40-1024x683.jpeg 1024w, https:\/\/belediyeis.org.tr\/merkez\/wp-content\/uploads\/2025\/09\/WhatsApp-Image-2025-09-06-at-11.47.40-300x200.jpeg 300w, https:\/\/belediyeis.org.tr\/merkez\/wp-content\/uploads\/2025\/09\/WhatsApp-Image-2025-09-06-at-11.47.40-768x512.jpeg 768w, https:\/\/belediyeis.org.tr\/merkez\/wp-content\/uploads\/2025\/09\/WhatsApp-Image-2025-09-06-at-11.47.40-750x500.jpeg 750w, https:\/\/belediyeis.org.tr\/merkez\/wp-content\/uploads\/2025\/09\/WhatsApp-Image-2025-09-06-at-11.47.40-1140x760.jpeg 1140w, https:\/\/belediyeis.org.tr\/merkez\/wp-content\/uploads\/2025\/09\/WhatsApp-Image-2025-09-06-at-11.47.40.jpeg 1500w\" data-expand=\"700\" \/><\/a>\n                <\/div><\/figure><figure class='gallery-item'>\n                <div class='gallery-icon landscape'>\n                    <a href='https:\/\/belediyeis.org.tr\/merkez\/wp-content\/uploads\/2025\/09\/WhatsApp-Image-2025-09-06-at-11.47.39.jpeg'><img decoding=\"async\" width=\"1024\" height=\"683\" src=\"\" class=\"attachment-large size-large lazyload\" alt=\"\" data-src=\"https:\/\/belediyeis.org.tr\/merkez\/wp-content\/uploads\/2025\/09\/WhatsApp-Image-2025-09-06-at-11.47.39-1024x683.jpeg\" data-sizes=\"auto\" data-srcset=\"https:\/\/belediyeis.org.tr\/merkez\/wp-content\/uploads\/2025\/09\/WhatsApp-Image-2025-09-06-at-11.47.39-1024x683.jpeg 1024w, https:\/\/belediyeis.org.tr\/merkez\/wp-content\/uploads\/2025\/09\/WhatsApp-Image-2025-09-06-at-11.47.39-300x200.jpeg 300w, https:\/\/belediyeis.org.tr\/merkez\/wp-content\/uploads\/2025\/09\/WhatsApp-Image-2025-09-06-at-11.47.39-768x512.jpeg 768w, https:\/\/belediyeis.org.tr\/merkez\/wp-content\/uploads\/2025\/09\/WhatsApp-Image-2025-09-06-at-11.47.39-750x500.jpeg 750w, https:\/\/belediyeis.org.tr\/merkez\/wp-content\/uploads\/2025\/09\/WhatsApp-Image-2025-09-06-at-11.47.39-1140x760.jpeg 1140w, https:\/\/belediyeis.org.tr\/merkez\/wp-content\/uploads\/2025\/09\/WhatsApp-Image-2025-09-06-at-11.47.39.jpeg 1500w\" data-expand=\"700\" \/><\/a>\n                <\/div><\/figure><figure class='gallery-item'>\n                <div class='gallery-icon landscape'>\n                    <a href='https:\/\/belediyeis.org.tr\/merkez\/wp-content\/uploads\/2025\/09\/WhatsApp-Image-2025-09-06-at-14.08.23.jpeg'><img decoding=\"async\" width=\"1024\" height=\"683\" src=\"\" class=\"attachment-large size-large lazyload\" alt=\"\" data-src=\"https:\/\/belediyeis.org.tr\/merkez\/wp-content\/uploads\/2025\/09\/WhatsApp-Image-2025-09-06-at-14.08.23-1024x683.jpeg\" data-sizes=\"auto\" data-srcset=\"https:\/\/belediyeis.org.tr\/merkez\/wp-content\/uploads\/2025\/09\/WhatsApp-Image-2025-09-06-at-14.08.23-1024x683.jpeg 1024w, https:\/\/belediyeis.org.tr\/merkez\/wp-content\/uploads\/2025\/09\/WhatsApp-Image-2025-09-06-at-14.08.23-300x200.jpeg 300w, https:\/\/belediyeis.org.tr\/merkez\/wp-content\/uploads\/2025\/09\/WhatsApp-Image-2025-09-06-at-14.08.23-768x512.jpeg 768w, https:\/\/belediyeis.org.tr\/merkez\/wp-content\/uploads\/2025\/09\/WhatsApp-Image-2025-09-06-at-14.08.23-1536x1024.jpeg 1536w, https:\/\/belediyeis.org.tr\/merkez\/wp-content\/uploads\/2025\/09\/WhatsApp-Image-2025-09-06-at-14.08.23-750x500.jpeg 750w, https:\/\/belediyeis.org.tr\/merkez\/wp-content\/uploads\/2025\/09\/WhatsApp-Image-2025-09-06-at-14.08.23-1140x760.jpeg 1140w, https:\/\/belediyeis.org.tr\/merkez\/wp-content\/uploads\/2025\/09\/WhatsApp-Image-2025-09-06-at-14.08.23.jpeg 1558w\" data-expand=\"700\" \/><\/a>\n                <\/div><\/figure><br style=\"clear: both\" \/><figure class='gallery-item'>\n                <div class='gallery-icon landscape'>\n                    <a href='https:\/\/belediyeis.org.tr\/merkez\/wp-content\/uploads\/2025\/09\/WhatsApp-Image-2025-09-06-at-11.47.39-1.jpeg'><img loading=\"lazy\" decoding=\"async\" width=\"1024\" height=\"683\" src=\"\" class=\"attachment-large size-large lazyload\" alt=\"\" data-src=\"https:\/\/belediyeis.org.tr\/merkez\/wp-content\/uploads\/2025\/09\/WhatsApp-Image-2025-09-06-at-11.47.39-1-1024x683.jpeg\" data-sizes=\"auto\" data-srcset=\"https:\/\/belediyeis.org.tr\/merkez\/wp-content\/uploads\/2025\/09\/WhatsApp-Image-2025-09-06-at-11.47.39-1-1024x683.jpeg 1024w, https:\/\/belediyeis.org.tr\/merkez\/wp-content\/uploads\/2025\/09\/WhatsApp-Image-2025-09-06-at-11.47.39-1-300x200.jpeg 300w, https:\/\/belediyeis.org.tr\/merkez\/wp-content\/uploads\/2025\/09\/WhatsApp-Image-2025-09-06-at-11.47.39-1-768x512.jpeg 768w, https:\/\/belediyeis.org.tr\/merkez\/wp-content\/uploads\/2025\/09\/WhatsApp-Image-2025-09-06-at-11.47.39-1-750x500.jpeg 750w, https:\/\/belediyeis.org.tr\/merkez\/wp-content\/uploads\/2025\/09\/WhatsApp-Image-2025-09-06-at-11.47.39-1-1140x760.jpeg 1140w, https:\/\/belediyeis.org.tr\/merkez\/wp-content\/uploads\/2025\/09\/WhatsApp-Image-2025-09-06-at-11.47.39-1.jpeg 1500w\" data-expand=\"700\" \/><\/a>\n                <\/div><\/figure><figure class='gallery-item'>\n                <div class='gallery-icon landscape'>\n                    <a href='https:\/\/belediyeis.org.tr\/merkez\/wp-content\/uploads\/2025\/09\/WhatsApp-Image-2025-09-06-at-11.47.40-1.jpeg'><img loading=\"lazy\" decoding=\"async\" width=\"1024\" height=\"683\" src=\"\" class=\"attachment-large size-large lazyload\" alt=\"\" data-src=\"https:\/\/belediyeis.org.tr\/merkez\/wp-content\/uploads\/2025\/09\/WhatsApp-Image-2025-09-06-at-11.47.40-1-1024x683.jpeg\" data-sizes=\"auto\" data-srcset=\"https:\/\/belediyeis.org.tr\/merkez\/wp-content\/uploads\/2025\/09\/WhatsApp-Image-2025-09-06-at-11.47.40-1-1024x683.jpeg 1024w, https:\/\/belediyeis.org.tr\/merkez\/wp-content\/uploads\/2025\/09\/WhatsApp-Image-2025-09-06-at-11.47.40-1-300x200.jpeg 300w, https:\/\/belediyeis.org.tr\/merkez\/wp-content\/uploads\/2025\/09\/WhatsApp-Image-2025-09-06-at-11.47.40-1-768x512.jpeg 768w, https:\/\/belediyeis.org.tr\/merkez\/wp-content\/uploads\/2025\/09\/WhatsApp-Image-2025-09-06-at-11.47.40-1-750x500.jpeg 750w, https:\/\/belediyeis.org.tr\/merkez\/wp-content\/uploads\/2025\/09\/WhatsApp-Image-2025-09-06-at-11.47.40-1-1140x760.jpeg 1140w, https:\/\/belediyeis.org.tr\/merkez\/wp-content\/uploads\/2025\/09\/WhatsApp-Image-2025-09-06-at-11.47.40-1.jpeg 1500w\" data-expand=\"700\" \/><\/a>\n                <\/div><\/figure><figure class='gallery-item'>\n                <div class='gallery-icon landscape'>\n                    <a href='https:\/\/belediyeis.org.tr\/merkez\/wp-content\/uploads\/2025\/09\/WhatsApp-Image-2025-09-06-at-11.47.41.jpeg'><img loading=\"lazy\" decoding=\"async\" width=\"1024\" height=\"683\" src=\"\" class=\"attachment-large size-large lazyload\" alt=\"\" data-src=\"https:\/\/belediyeis.org.tr\/merkez\/wp-content\/uploads\/2025\/09\/WhatsApp-Image-2025-09-06-at-11.47.41-1024x683.jpeg\" data-sizes=\"auto\" data-srcset=\"https:\/\/belediyeis.org.tr\/merkez\/wp-content\/uploads\/2025\/09\/WhatsApp-Image-2025-09-06-at-11.47.41-1024x683.jpeg 1024w, https:\/\/belediyeis.org.tr\/merkez\/wp-content\/uploads\/2025\/09\/WhatsApp-Image-2025-09-06-at-11.47.41-300x200.jpeg 300w, https:\/\/belediyeis.org.tr\/merkez\/wp-content\/uploads\/2025\/09\/WhatsApp-Image-2025-09-06-at-11.47.41-768x512.jpeg 768w, https:\/\/belediyeis.org.tr\/merkez\/wp-content\/uploads\/2025\/09\/WhatsApp-Image-2025-09-06-at-11.47.41-750x500.jpeg 750w, https:\/\/belediyeis.org.tr\/merkez\/wp-content\/uploads\/2025\/09\/WhatsApp-Image-2025-09-06-at-11.47.41-1140x760.jpeg 1140w, https:\/\/belediyeis.org.tr\/merkez\/wp-content\/uploads\/2025\/09\/WhatsApp-Image-2025-09-06-at-11.47.41.jpeg 1500w\" data-expand=\"700\" \/><\/a>\n                <\/div><\/figure><br style=\"clear: both\" \/>\n            <\/div>\n\n<p>&nbsp;<\/p>\n<p>&nbsp;<\/p>\n","protected":false},"excerpt":{"rendered":"<p>Amasya \u015eube delege ve \u00fcyelerinin kat\u0131l\u0131m\u0131yla The Apple Palace Otel Toplant\u0131 Salonu\u2019nda ger\u00e7ekle\u015ftirilen Genel Kurulun Divan Ba\u015fkanl\u0131\u011f\u0131n\u0131 Sendikam\u0131z \u00d6rg\u00fctlenme Genel Sekreteri \u0130smail Duman yaparken, Divan Ba\u015fkan Yard\u0131mc\u0131l\u0131klar\u0131n\u0131 Sendikam\u0131z Genel Denetleme Kurulu Raport\u00f6r\u00fc Gamze Ceylan ve \u00c7orum \u015eube Ba\u015fkan\u0131 Mehmet \u015een, divan katip \u00fcyeliklerini ise Tokat \u015eube Ba\u015fkan\u0131 Naci G\u00fcne\u015f ile Samsun \u015eube Ba\u015fkan\u0131 Taha Yasin [&hellip;]<\/p>\n","protected":false},"author":3,"featured_media":5357,"comment_status":"open","ping_status":"open","sticky":false,"template":"","format":"standard","meta":{"jnews-multi-image_gallery":[],"jnews_single_post":{"subtitle":""},"jnews_primary_category":[],"jnews_social_meta":[],"jnews_override_counter":[],"footnotes":""},"categories":[1],"tags":[],"class_list":["post-5356","post","type-post","status-publish","format-standard","has-post-thumbnail","hentry","category-genel"],"_links":{"self":[{"href":"https:\/\/belediyeis.org.tr\/merkez\/wp-json\/wp\/v2\/posts\/5356","targetHints":{"allow":["GET"]}}],"collection":[{"href":"https:\/\/belediyeis.org.tr\/merkez\/wp-json\/wp\/v2\/posts"}],"about":[{"href":"https:\/\/belediyeis.org.tr\/merkez\/wp-json\/wp\/v2\/types\/post"}],"author":[{"embeddable":true,"href":"https:\/\/belediyeis.org.tr\/merkez\/wp-json\/wp\/v2\/users\/3"}],"replies":[{"embeddable":true,"href":"https:\/\/belediyeis.org.tr\/merkez\/wp-json\/wp\/v2\/comments?post=5356"}],"version-history":[{"count":1,"href":"https:\/\/belediyeis.org.tr\/merkez\/wp-json\/wp\/v2\/posts\/5356\/revisions"}],"predecessor-version":[{"id":5364,"href":"https:\/\/belediyeis.org.tr\/merkez\/wp-json\/wp\/v2\/posts\/5356\/revisions\/5364"}],"wp:featuredmedia":[{"embeddable":true,"href":"https:\/\/belediyeis.org.tr\/merkez\/wp-json\/wp\/v2\/media\/5357"}],"wp:attachment":[{"href":"https:\/\/belediyeis.org.tr\/merkez\/wp-json\/wp\/v2\/media?parent=5356"}],"wp:term":[{"taxonomy":"category","embeddable":true,"href":"https:\/\/belediyeis.org.tr\/merkez\/wp-json\/wp\/v2\/categories?post=5356"},{"taxonomy":"post_tag","embeddable":true,"href":"https:\/\/belediyeis.org.tr\/merkez\/wp-json\/wp\/v2\/tags?post=5356"}],"curies":[{"name":"wp","href":"https:\/\/api.w.org\/{rel}","templated":true}]}}