{"id":5351,"date":"2025-09-03T16:57:19","date_gmt":"2025-09-03T13:57:19","guid":{"rendered":"https:\/\/belediyeis.org.tr\/merkez\/?p=5351"},"modified":"2025-09-03T17:48:41","modified_gmt":"2025-09-03T14:48:41","slug":"belediye-is-sendikasi-mersin-1-nolu-sube-genel-kurul-ilani","status":"publish","type":"post","link":"https:\/\/belediyeis.org.tr\/merkez\/2025\/09\/03\/belediye-is-sendikasi-mersin-1-nolu-sube-genel-kurul-ilani\/","title":{"rendered":"BELED\u0130YE-\u0130\u015e SEND\u0130KASI MERS\u0130N 1 NOLU \u015eUBE GENEL KURUL \u0130LANI"},"content":{"rendered":"\t\t<div data-elementor-type=\"wp-post\" data-elementor-id=\"5351\" class=\"elementor elementor-5351\">\n\t\t\t\t\t\t<section class=\"elementor-section elementor-top-section elementor-element elementor-element-713fe91 elementor-section-boxed elementor-section-height-default elementor-section-height-default\" data-id=\"713fe91\" data-element_type=\"section\" data-e-type=\"section\">\n\t\t\t\t\t\t<div class=\"elementor-container elementor-column-gap-default\">\n\t\t\t\t\t<div class=\"elementor-column elementor-col-100 elementor-top-column elementor-element elementor-element-3c363041\" data-id=\"3c363041\" data-element_type=\"column\" data-e-type=\"column\">\n\t\t\t<div class=\"elementor-widget-wrap elementor-element-populated\">\n\t\t\t\t\t\t<div class=\"elementor-element elementor-element-3803bd14 elementor-widget elementor-widget-text-editor\" data-id=\"3803bd14\" data-element_type=\"widget\" data-e-type=\"widget\" data-widget_type=\"text-editor.default\">\n\t\t\t\t<div class=\"elementor-widget-container\">\n\t\t\t\t\t\t\t\t\t<p>Belediye-\u0130\u015f Sendikas\u0131 Mersin 1 Nolu \u015eube\u2019nin 2. Ola\u011fan Genel Kurulu 21 Eyl\u00fcl 2025 Pazar g\u00fcn\u00fc Saat 10.00\u2019da a\u015fa\u011f\u0131da ilan edilen g\u00fcndem gere\u011fince Palmiye Mahallesi 1225 Sokak No:1 33110 Mersin adresindeki Hilton Otel Balo Salonunda yap\u0131lacakt\u0131r. \u0130lk toplant\u0131da \u00e7o\u011funlu\u011fun sa\u011flanamamas\u0131 halinde ikinci toplant\u0131 28 Eyl\u00fcl 2025 Pazar g\u00fcn\u00fc Saat 10.00\u2019da yine ayn\u0131 adreste yap\u0131lacakt\u0131r.<\/p><p>6356 Say\u0131l\u0131 Sendikalar ve Toplu \u0130\u015f S\u00f6zle\u015fmesi Kanunu ve Sendika Ana T\u00fcz\u00fc\u011f\u00fc\u2019n\u00fcn ilgili maddeleri gere\u011fince ilan olunur.<\/p><p>Belediye-\u0130\u015f Sendikas\u0131<br \/>Mersin 1 Nolu \u015eube Y\u00f6netim Kurulu<\/p><p>G \u00dc N D E M:<br \/>1. Yoklama ve a\u00e7\u0131l\u0131\u015f<br \/>2. Genel Kurul Ba\u015fkanl\u0131k Divan\u0131 Se\u00e7imi<br \/>3. Sayg\u0131 Duru\u015fu ve \u0130stiklal Mar\u015f\u0131<br \/>4. Konuklar\u0131n tan\u0131t\u0131m\u0131<br \/>5. Raporlar\u0131n g\u00f6r\u00fc\u015f\u00fclmesi ve Kurullar\u0131n ibras\u0131 (Y\u00f6netim ve Denetleme)<br \/>6. Kurullar\u0131n se\u00e7imi;<br \/>a. Y\u00f6netim Kurulu asil ve yedek \u00fcyeleri<br \/>b. Denetleme Kurulu asil ve yedek \u00fcyeleri<br \/>c. Disiplin Kurulu asil ve yedek \u00fcyeleri<br \/>d. Genel Merkez \u00fcst kurul delegeleri<br \/>7.Kapan\u0131\u015f<\/p><p>\u0130lan Yay\u0131n Tarihi: 03.09.2025<\/p>\t\t\t\t\t\t\t\t<\/div>\n\t\t\t\t<\/div>\n\t\t\t\t\t<\/div>\n\t\t<\/div>\n\t\t\t\t\t<\/div>\n\t\t<\/section>\n\t\t\t\t<\/div>\n\t\t","protected":false},"excerpt":{"rendered":"<p>Belediye-\u0130\u015f Sendikas\u0131 Mersin 1 Nolu \u015eube\u2019nin 2. Ola\u011fan Genel Kurulu 21 Eyl\u00fcl 2025 Pazar g\u00fcn\u00fc Saat 10.00\u2019da a\u015fa\u011f\u0131da ilan edilen g\u00fcndem gere\u011fince Palmiye Mahallesi 1225 Sokak No:1 33110 Mersin adresindeki Hilton Otel Balo Salonunda yap\u0131lacakt\u0131r. \u0130lk toplant\u0131da \u00e7o\u011funlu\u011fun sa\u011flanamamas\u0131 halinde ikinci toplant\u0131 28 Eyl\u00fcl 2025 Pazar g\u00fcn\u00fc Saat 10.00\u2019da yine ayn\u0131 adreste yap\u0131lacakt\u0131r. 6356 Say\u0131l\u0131 [&hellip;]<\/p>\n","protected":false},"author":3,"featured_media":3010,"comment_status":"open","ping_status":"open","sticky":false,"template":"","format":"standard","meta":{"jnews-multi-image_gallery":[],"jnews_single_post":{"subtitle":""},"jnews_primary_category":[],"jnews_social_meta":[],"jnews_override_counter":[],"footnotes":""},"categories":[1],"tags":[],"class_list":["post-5351","post","type-post","status-publish","format-standard","has-post-thumbnail","hentry","category-genel"],"_links":{"self":[{"href":"https:\/\/belediyeis.org.tr\/merkez\/wp-json\/wp\/v2\/posts\/5351","targetHints":{"allow":["GET"]}}],"collection":[{"href":"https:\/\/belediyeis.org.tr\/merkez\/wp-json\/wp\/v2\/posts"}],"about":[{"href":"https:\/\/belediyeis.org.tr\/merkez\/wp-json\/wp\/v2\/types\/post"}],"author":[{"embeddable":true,"href":"https:\/\/belediyeis.org.tr\/merkez\/wp-json\/wp\/v2\/users\/3"}],"replies":[{"embeddable":true,"href":"https:\/\/belediyeis.org.tr\/merkez\/wp-json\/wp\/v2\/comments?post=5351"}],"version-history":[{"count":4,"href":"https:\/\/belediyeis.org.tr\/merkez\/wp-json\/wp\/v2\/posts\/5351\/revisions"}],"predecessor-version":[{"id":5355,"href":"https:\/\/belediyeis.org.tr\/merkez\/wp-json\/wp\/v2\/posts\/5351\/revisions\/5355"}],"wp:featuredmedia":[{"embeddable":true,"href":"https:\/\/belediyeis.org.tr\/merkez\/wp-json\/wp\/v2\/media\/3010"}],"wp:attachment":[{"href":"https:\/\/belediyeis.org.tr\/merkez\/wp-json\/wp\/v2\/media?parent=5351"}],"wp:term":[{"taxonomy":"category","embeddable":true,"href":"https:\/\/belediyeis.org.tr\/merkez\/wp-json\/wp\/v2\/categories?post=5351"},{"taxonomy":"post_tag","embeddable":true,"href":"https:\/\/belediyeis.org.tr\/merkez\/wp-json\/wp\/v2\/tags?post=5351"}],"curies":[{"name":"wp","href":"https:\/\/api.w.org\/{rel}","templated":true}]}}