{"id":5346,"date":"2025-08-29T17:08:56","date_gmt":"2025-08-29T14:08:56","guid":{"rendered":"https:\/\/belediyeis.org.tr\/merkez\/?p=5346"},"modified":"2025-08-29T17:08:56","modified_gmt":"2025-08-29T14:08:56","slug":"30-agustos-zafer-bayramimiz-kutlu-olsun-7","status":"publish","type":"post","link":"https:\/\/belediyeis.org.tr\/merkez\/2025\/08\/29\/30-agustos-zafer-bayramimiz-kutlu-olsun-7\/","title":{"rendered":"30 A\u011fustos Zafer Bayram\u0131m\u0131z Kutlu Olsun"},"content":{"rendered":"<p>Ba\u015fkomutan Gazi Mustafa Kemal Atat\u00fcrk \u00f6nc\u00fcl\u00fc\u011f\u00fcnde, emperyalistler ve i\u015fgalci g\u00fc\u00e7leri \u00fclkemiz topraklar\u0131ndan kovmak ve tam ba\u011f\u0131ms\u0131zl\u0131\u011fa kavu\u015fmak i\u00e7in ba\u015flat\u0131lan kurtulu\u015f m\u00fccadelesinde, zafere giden yolda d\u00fc\u015fmana son darbenin vuruldu\u011fu 30 A\u011fustos Ba\u015fkomutanl\u0131k Meydan Muharebesinin \u00fczerinden 103 y\u0131l ge\u00e7ti.<\/p>\n<p>30 A\u011fustos Zaferi i\u00e7in \u201cyeni T\u00fcrk devletinin, gen\u00e7 T\u00fcrkiye Cumhuriyeti\u2019nin temeli burada sa\u011flamla\u015ft\u0131r\u0131ld\u0131\u201d diyen Ulu \u00d6nder, bu b\u00fcy\u00fck zaferle, laik, demokratik, \u00e7a\u011fda\u015f T\u00fcrkiye Cumhuriyeti\u2019nin de temellerinin at\u0131ld\u0131\u011f\u0131n\u0131 m\u00fcjdelemi\u015f oldu.<\/p>\n<p>30 A\u011fustos, y\u0131llarca geri b\u0131rak\u0131lm\u0131\u015f, k\u00f6lele\u015ftirilmi\u015f bir ulusun kad\u0131n\u0131 erke\u011fi genci ya\u015fl\u0131s\u0131yla s\u00f6m\u00fcr\u00fcye, gericili\u011fe kar\u015f\u0131 \u00e7\u0131k\u0131\u015f isyan\u0131, \u00e7a\u011fda\u015fl\u0131\u011fa, bilime, modern bir \u00fclkeye \u00f6zlemidir.<\/p>\n<p>Laik, demokratik ve \u00e7a\u011fda\u015f Cumhuriyetimize sahip \u00e7\u0131kma kararl\u0131l\u0131\u011f\u0131yla Zafer Bayram\u0131n\u0131z\u0131 kutluyor, ba\u015fta Ba\u015fkomutan Mustafa Kemal Atat\u00fcrk olmak \u00fczere t\u00fcm Milli M\u00fccadele kahramanlar\u0131m\u0131z\u0131 sayg\u0131 ve minnetle an\u0131yoruz.<\/p>\n<p>Sayg\u0131lar\u0131m\u0131zla.<\/p>\n<p>Belediye-\u0130\u015f Sendikas\u0131<\/p>\n","protected":false},"excerpt":{"rendered":"<p>Ba\u015fkomutan Gazi Mustafa Kemal Atat\u00fcrk \u00f6nc\u00fcl\u00fc\u011f\u00fcnde, emperyalistler ve i\u015fgalci g\u00fc\u00e7leri \u00fclkemiz topraklar\u0131ndan kovmak ve tam ba\u011f\u0131ms\u0131zl\u0131\u011fa kavu\u015fmak i\u00e7in ba\u015flat\u0131lan kurtulu\u015f m\u00fccadelesinde, zafere giden yolda d\u00fc\u015fmana son darbenin vuruldu\u011fu 30 A\u011fustos Ba\u015fkomutanl\u0131k Meydan Muharebesinin \u00fczerinden 103 y\u0131l ge\u00e7ti. 30 A\u011fustos Zaferi i\u00e7in \u201cyeni T\u00fcrk devletinin, gen\u00e7 T\u00fcrkiye Cumhuriyeti\u2019nin temeli burada sa\u011flamla\u015ft\u0131r\u0131ld\u0131\u201d diyen Ulu \u00d6nder, bu b\u00fcy\u00fck [&hellip;]<\/p>\n","protected":false},"author":3,"featured_media":5347,"comment_status":"open","ping_status":"open","sticky":false,"template":"","format":"standard","meta":{"jnews-multi-image_gallery":[],"jnews_single_post":{"subtitle":""},"jnews_primary_category":[],"jnews_social_meta":[],"jnews_override_counter":[],"footnotes":""},"categories":[1],"tags":[],"class_list":["post-5346","post","type-post","status-publish","format-standard","has-post-thumbnail","hentry","category-genel"],"_links":{"self":[{"href":"https:\/\/belediyeis.org.tr\/merkez\/wp-json\/wp\/v2\/posts\/5346","targetHints":{"allow":["GET"]}}],"collection":[{"href":"https:\/\/belediyeis.org.tr\/merkez\/wp-json\/wp\/v2\/posts"}],"about":[{"href":"https:\/\/belediyeis.org.tr\/merkez\/wp-json\/wp\/v2\/types\/post"}],"author":[{"embeddable":true,"href":"https:\/\/belediyeis.org.tr\/merkez\/wp-json\/wp\/v2\/users\/3"}],"replies":[{"embeddable":true,"href":"https:\/\/belediyeis.org.tr\/merkez\/wp-json\/wp\/v2\/comments?post=5346"}],"version-history":[{"count":1,"href":"https:\/\/belediyeis.org.tr\/merkez\/wp-json\/wp\/v2\/posts\/5346\/revisions"}],"predecessor-version":[{"id":5348,"href":"https:\/\/belediyeis.org.tr\/merkez\/wp-json\/wp\/v2\/posts\/5346\/revisions\/5348"}],"wp:featuredmedia":[{"embeddable":true,"href":"https:\/\/belediyeis.org.tr\/merkez\/wp-json\/wp\/v2\/media\/5347"}],"wp:attachment":[{"href":"https:\/\/belediyeis.org.tr\/merkez\/wp-json\/wp\/v2\/media?parent=5346"}],"wp:term":[{"taxonomy":"category","embeddable":true,"href":"https:\/\/belediyeis.org.tr\/merkez\/wp-json\/wp\/v2\/categories?post=5346"},{"taxonomy":"post_tag","embeddable":true,"href":"https:\/\/belediyeis.org.tr\/merkez\/wp-json\/wp\/v2\/tags?post=5346"}],"curies":[{"name":"wp","href":"https:\/\/api.w.org\/{rel}","templated":true}]}}