{"id":5340,"date":"2025-08-26T11:07:27","date_gmt":"2025-08-26T08:07:27","guid":{"rendered":"https:\/\/belediyeis.org.tr\/merkez\/?p=5340"},"modified":"2025-08-26T11:07:27","modified_gmt":"2025-08-26T08:07:27","slug":"artvin-savsatta-uyelerimiz-eylemlerine-kararlilikla-devam-ediyor","status":"publish","type":"post","link":"https:\/\/belediyeis.org.tr\/merkez\/2025\/08\/26\/artvin-savsatta-uyelerimiz-eylemlerine-kararlilikla-devam-ediyor\/","title":{"rendered":"Artvin-\u015eav\u015fat\u2019ta \u00dcyelerimiz Eylemlerine Kararl\u0131l\u0131kla Devam Ediyor"},"content":{"rendered":"<p>\u015eav\u015fat Belediyesi\u2019nde yerel se\u00e7imlerin ard\u0131ndan haks\u0131z hukuksuz bir \u015fekilde i\u015ften \u00e7\u0131kar\u0131lan \u00fcyelerimiz, bir y\u0131ld\u0131r s\u00fcrd\u00fcrd\u00fckleri hukuki m\u00fccadele sonucu i\u015fe iade davalar\u0131n\u0131 kazanmalar\u0131na ra\u011fmen i\u015fe ba\u015flat\u0131lmad\u0131.<\/p>\n<p>\u00dcyelerimiz, belediyenin mahkemenin karar\u0131n\u0131 tan\u0131mamas\u0131 \u00fczerine kurdu\u011fu direni\u015f \u00e7ad\u0131r\u0131 ise g\u00fcvenlik g\u00fc\u00e7leri taraf\u0131ndan zorla kald\u0131r\u0131lmas\u0131na ra\u011fmen eylemlerini s\u00fcrd\u00fcr\u00fcyor.<\/p>\n<p>\u015eav\u015fat sokaklar\u0131nda y\u00fcr\u00fcy\u00fc\u015f d\u00fczenleyen, bas\u0131n a\u00e7\u0131klamas\u0131 yapan ve m\u00fccadelelerinden vazge\u00e7meyen \u00fcyelerimiz \u201chakk\u0131m\u0131z\u0131 alana kadar sokaklardan ayr\u0131lmayaca\u011f\u0131z, \u00e7ad\u0131r\u0131m\u0131z\u0131 y\u0131kt\u0131n\u0131z ama m\u00fccadelemizi y\u0131kamayacaks\u0131n\u0131z\u201d diyerek kararl\u0131l\u0131klar\u0131n\u0131 belirttiler.<\/p>\n<p>G\u00fcnlerdir tehditlerle, korkutmalarla sindirilmeye \u00e7al\u0131\u015f\u0131ld\u0131klar\u0131n\u0131, kolluk kuvvetlerinin \u00fczerlerine sal\u0131nd\u0131klar\u0131n\u0131 s\u00f6yleyen \u00fcyelerimiz \u201cbiz ekme\u011fimiz i\u00e7in buraday\u0131z, hakk\u0131m\u0131z\u0131 alana kadar m\u00fccadelede kararl\u0131y\u0131z\u201d dediler.<\/p>\n<div id='gallery_1' class='gallery galleryid-5340 gallery-columns-1 gallery-size-large'><figure class='gallery-item'>\n                <div class='gallery-icon landscape'>\n                    <a href='https:\/\/belediyeis.org.tr\/merkez\/wp-content\/uploads\/2025\/08\/WhatsApp-Image-2025-08-26-at-10.13.18.jpeg'><img fetchpriority=\"high\" decoding=\"async\" width=\"1024\" height=\"768\" src=\"\" class=\"attachment-large size-large lazyload\" alt=\"\" data-src=\"https:\/\/belediyeis.org.tr\/merkez\/wp-content\/uploads\/2025\/08\/WhatsApp-Image-2025-08-26-at-10.13.18-1024x768.jpeg\" data-sizes=\"auto\" data-srcset=\"https:\/\/belediyeis.org.tr\/merkez\/wp-content\/uploads\/2025\/08\/WhatsApp-Image-2025-08-26-at-10.13.18-1024x768.jpeg 1024w, https:\/\/belediyeis.org.tr\/merkez\/wp-content\/uploads\/2025\/08\/WhatsApp-Image-2025-08-26-at-10.13.18-300x225.jpeg 300w, https:\/\/belediyeis.org.tr\/merkez\/wp-content\/uploads\/2025\/08\/WhatsApp-Image-2025-08-26-at-10.13.18-768x576.jpeg 768w, https:\/\/belediyeis.org.tr\/merkez\/wp-content\/uploads\/2025\/08\/WhatsApp-Image-2025-08-26-at-10.13.18-1536x1152.jpeg 1536w, https:\/\/belediyeis.org.tr\/merkez\/wp-content\/uploads\/2025\/08\/WhatsApp-Image-2025-08-26-at-10.13.18-750x563.jpeg 750w, https:\/\/belediyeis.org.tr\/merkez\/wp-content\/uploads\/2025\/08\/WhatsApp-Image-2025-08-26-at-10.13.18-1140x855.jpeg 1140w, https:\/\/belediyeis.org.tr\/merkez\/wp-content\/uploads\/2025\/08\/WhatsApp-Image-2025-08-26-at-10.13.18.jpeg 2048w\" data-expand=\"700\" \/><\/a>\n                <\/div><\/figure><br style=\"clear: both\" \/><figure class='gallery-item'>\n                <div class='gallery-icon landscape'>\n                    <a href='https:\/\/belediyeis.org.tr\/merkez\/wp-content\/uploads\/2025\/08\/WhatsApp-Image-2025-08-26-at-10.44.13.jpeg'><img decoding=\"async\" width=\"1024\" height=\"682\" src=\"\" class=\"attachment-large size-large lazyload\" alt=\"\" data-src=\"https:\/\/belediyeis.org.tr\/merkez\/wp-content\/uploads\/2025\/08\/WhatsApp-Image-2025-08-26-at-10.44.13-1024x682.jpeg\" data-sizes=\"auto\" data-srcset=\"https:\/\/belediyeis.org.tr\/merkez\/wp-content\/uploads\/2025\/08\/WhatsApp-Image-2025-08-26-at-10.44.13-1024x682.jpeg 1024w, https:\/\/belediyeis.org.tr\/merkez\/wp-content\/uploads\/2025\/08\/WhatsApp-Image-2025-08-26-at-10.44.13-300x200.jpeg 300w, https:\/\/belediyeis.org.tr\/merkez\/wp-content\/uploads\/2025\/08\/WhatsApp-Image-2025-08-26-at-10.44.13-768x512.jpeg 768w, https:\/\/belediyeis.org.tr\/merkez\/wp-content\/uploads\/2025\/08\/WhatsApp-Image-2025-08-26-at-10.44.13-1536x1023.jpeg 1536w, https:\/\/belediyeis.org.tr\/merkez\/wp-content\/uploads\/2025\/08\/WhatsApp-Image-2025-08-26-at-10.44.13-750x500.jpeg 750w, https:\/\/belediyeis.org.tr\/merkez\/wp-content\/uploads\/2025\/08\/WhatsApp-Image-2025-08-26-at-10.44.13-1140x760.jpeg 1140w, https:\/\/belediyeis.org.tr\/merkez\/wp-content\/uploads\/2025\/08\/WhatsApp-Image-2025-08-26-at-10.44.13.jpeg 1600w\" data-expand=\"700\" \/><\/a>\n                <\/div><\/figure><br style=\"clear: both\" \/>\n            <\/div>\n\n","protected":false},"excerpt":{"rendered":"<p>\u015eav\u015fat Belediyesi\u2019nde yerel se\u00e7imlerin ard\u0131ndan haks\u0131z hukuksuz bir \u015fekilde i\u015ften \u00e7\u0131kar\u0131lan \u00fcyelerimiz, bir y\u0131ld\u0131r s\u00fcrd\u00fcrd\u00fckleri hukuki m\u00fccadele sonucu i\u015fe iade davalar\u0131n\u0131 kazanmalar\u0131na ra\u011fmen i\u015fe ba\u015flat\u0131lmad\u0131. \u00dcyelerimiz, belediyenin mahkemenin karar\u0131n\u0131 tan\u0131mamas\u0131 \u00fczerine kurdu\u011fu direni\u015f \u00e7ad\u0131r\u0131 ise g\u00fcvenlik g\u00fc\u00e7leri taraf\u0131ndan zorla kald\u0131r\u0131lmas\u0131na ra\u011fmen eylemlerini s\u00fcrd\u00fcr\u00fcyor. \u015eav\u015fat sokaklar\u0131nda y\u00fcr\u00fcy\u00fc\u015f d\u00fczenleyen, bas\u0131n a\u00e7\u0131klamas\u0131 yapan ve m\u00fccadelelerinden vazge\u00e7meyen \u00fcyelerimiz \u201chakk\u0131m\u0131z\u0131 [&hellip;]<\/p>\n","protected":false},"author":3,"featured_media":5344,"comment_status":"open","ping_status":"open","sticky":false,"template":"","format":"standard","meta":{"jnews-multi-image_gallery":[],"jnews_single_post":{"subtitle":""},"jnews_primary_category":[],"jnews_social_meta":[],"jnews_override_counter":[],"footnotes":""},"categories":[1],"tags":[],"class_list":["post-5340","post","type-post","status-publish","format-standard","has-post-thumbnail","hentry","category-genel"],"_links":{"self":[{"href":"https:\/\/belediyeis.org.tr\/merkez\/wp-json\/wp\/v2\/posts\/5340","targetHints":{"allow":["GET"]}}],"collection":[{"href":"https:\/\/belediyeis.org.tr\/merkez\/wp-json\/wp\/v2\/posts"}],"about":[{"href":"https:\/\/belediyeis.org.tr\/merkez\/wp-json\/wp\/v2\/types\/post"}],"author":[{"embeddable":true,"href":"https:\/\/belediyeis.org.tr\/merkez\/wp-json\/wp\/v2\/users\/3"}],"replies":[{"embeddable":true,"href":"https:\/\/belediyeis.org.tr\/merkez\/wp-json\/wp\/v2\/comments?post=5340"}],"version-history":[{"count":1,"href":"https:\/\/belediyeis.org.tr\/merkez\/wp-json\/wp\/v2\/posts\/5340\/revisions"}],"predecessor-version":[{"id":5345,"href":"https:\/\/belediyeis.org.tr\/merkez\/wp-json\/wp\/v2\/posts\/5340\/revisions\/5345"}],"wp:featuredmedia":[{"embeddable":true,"href":"https:\/\/belediyeis.org.tr\/merkez\/wp-json\/wp\/v2\/media\/5344"}],"wp:attachment":[{"href":"https:\/\/belediyeis.org.tr\/merkez\/wp-json\/wp\/v2\/media?parent=5340"}],"wp:term":[{"taxonomy":"category","embeddable":true,"href":"https:\/\/belediyeis.org.tr\/merkez\/wp-json\/wp\/v2\/categories?post=5340"},{"taxonomy":"post_tag","embeddable":true,"href":"https:\/\/belediyeis.org.tr\/merkez\/wp-json\/wp\/v2\/tags?post=5340"}],"curies":[{"name":"wp","href":"https:\/\/api.w.org\/{rel}","templated":true}]}}