{"id":5319,"date":"2025-08-02T16:27:18","date_gmt":"2025-08-02T13:27:18","guid":{"rendered":"https:\/\/belediyeis.org.tr\/merkez\/?p=5319"},"modified":"2025-08-02T16:30:14","modified_gmt":"2025-08-02T13:30:14","slug":"sendikamiz-antalya-13-olagan-genel-kurulu-yapildi","status":"publish","type":"post","link":"https:\/\/belediyeis.org.tr\/merkez\/2025\/08\/02\/sendikamiz-antalya-13-olagan-genel-kurulu-yapildi\/","title":{"rendered":"Sendikam\u0131z Antalya \u015eubesi&#8217;nin 13. Ola\u011fan Genel Kurulu Yap\u0131ld\u0131"},"content":{"rendered":"<div class=\"x14z9mp xat24cr x1lziwak x1vvkbs xtlvy1s x126k92a\">\n<div dir=\"auto\">Antalya \u015eube delege ve \u00fcyelerinin kat\u0131l\u0131m\u0131yla Renex Otel Toplant\u0131 Salonu\u2019nda ger\u00e7ekle\u015ftirilen Genel Kurulun Divan Ba\u015fkanl\u0131\u011f\u0131n\u0131 Sendikam\u0131z Hukuk M\u00fc\u015faviri Avukat Yusuf \u015eim\u015fek yaparken, Divan Ba\u015fkan Yard\u0131mc\u0131s\u0131 Sendikam\u0131z Isparta \u015eube Ba\u015fkan\u0131 Cemal Kurt oldu; divan katip \u00fcyeliklerini ise delegelerimizden R\u0131za Kocaacar ile Ebru \u00d6z\u00e7elik \u00fcstlendi.<\/div>\n<\/div>\n<div class=\"x14z9mp xat24cr x1lziwak x1vvkbs xtlvy1s x126k92a\">\n<div dir=\"auto\">Genel kurula, CHP Antalya \u0130l Ba\u015fkan\u0131 Nail Kamac\u0131, T\u00fcrk-\u0130\u015f \u0130l Ba\u015fkan\u0131 Cemil \u00dcnal, Muratpa\u015fa Belediye Meclis \u00fcyesi Canan Kele\u015f ve di\u011fer konuklar kat\u0131ld\u0131lar.<\/div>\n<\/div>\n<div class=\"x14z9mp xat24cr x1lziwak x1vvkbs xtlvy1s x126k92a\">\n<div dir=\"auto\">Genel Kurulun a\u00e7\u0131l\u0131\u015f konu\u015fmas\u0131n\u0131 yapan Genel Ba\u015fkan\u0131m\u0131z Nihat Yurdakul, T\u00fcrkiye\u2019nin her yerini kar\u0131\u015f kar\u0131\u015f dola\u015ft\u0131\u011f\u0131n\u0131, insanlar\u0131n kayg\u0131l\u0131, gelece\u011finden umutsuz ve mutsuz oldu\u011funu belirterek, \u201cBunu de\u011fi\u015ftirecek olan i\u015f\u00e7i s\u0131n\u0131f\u0131d\u0131r\u201d dedi.<\/div>\n<\/div>\n<div class=\"x14z9mp xat24cr x1lziwak x1vvkbs xtlvy1s x126k92a\">\n<div dir=\"auto\">T\u00fcrkiye\u2019nin iyi ve adaletli y\u00f6netilmedi\u011fini ifade eden Genel Ba\u015fkan\u0131m\u0131z, \u201c\u00dclkemiz her ay milyarca lira faiz \u00f6d\u00fcyor. Bu sizin bizim t\u00fcm emek\u00e7ilerin, \u00e7ocuklar\u0131m\u0131z\u0131n torunlar\u0131m\u0131z\u0131n gelece\u011finden \u00e7al\u0131n\u0131yor\u201d diye konu\u015ftu.<\/div>\n<\/div>\n<div class=\"x14z9mp xat24cr x1lziwak x1vvkbs xtlvy1s x126k92a\">\n<div dir=\"auto\">Genel Ba\u015fkan\u0131m\u0131z konu\u015fmas\u0131n\u0131 \u015f\u00f6yle s\u00fcrd\u00fcrd\u00fc:<\/div>\n<div dir=\"auto\">\u201c\u00dcniversiteler ve i\u015f\u00e7i s\u0131n\u0131f\u0131 birlikte m\u00fccadele etmezse, o \u00fclke demokratik olamaz, adaletli y\u00f6netilemez. \u0130\u015f\u00e7i s\u0131n\u0131f\u0131n\u0131n \u00fclkeyi adaletli, demokratik, \u00e7a\u011fda\u015f \u015fekilde y\u00f6netecek y\u00f6neticileri se\u00e7mek i\u00e7in m\u00fccadele vermesi gerekiyor. \u00dclkemizde her g\u00fcn onlarca haks\u0131zl\u0131k ya\u015fan\u0131yor. Su\u00e7suz yere insanlar hapiste yat\u0131yor. E\u011fer bunca haks\u0131zl\u0131\u011fa hukuksuzlu\u011fa kar\u015f\u0131 i\u015f\u00e7i s\u0131n\u0131f\u0131 ve \u00fcniversiteler aya\u011fa kalksayd\u0131, bunlar ya\u015fanmazd\u0131, Muhitten Ba\u015fkan ve \u00e7al\u0131\u015fma arkada\u015flar\u0131 hapiste olmazd\u0131.<\/div>\n<\/div>\n<div class=\"x14z9mp xat24cr x1lziwak x1vvkbs xtlvy1s x126k92a\">\n<div dir=\"auto\">Gelip birilerinin bizi kurtarmas\u0131n\u0131 bekliyoruz. B\u00f6yle bir d\u00fcnya yok. Bar\u0131\u015f i\u00e7inde, adaletli bir d\u00fcnya istiyorsak, i\u015f\u00e7i s\u0131n\u0131f\u0131n\u0131n aya\u011fa kalkmas\u0131 gerekiyor. Sendika dedi\u011fin i\u015f\u00e7i s\u0131n\u0131f\u0131. \u0130\u015f\u00e7i s\u0131n\u0131f\u0131n\u0131 bask\u0131layan sendikalar var. Sendikal ilkeler do\u011frultusunda sendikac\u0131l\u0131k yap\u0131lsa, T\u00fcrkiye b\u00f6yle olmaz.<\/div>\n<\/div>\n<div class=\"x14z9mp xat24cr x1lziwak x1vvkbs xtlvy1s x126k92a\">\n<div dir=\"auto\">Sendikalar\u0131n en \u00f6nemli g\u00f6revi, kime haks\u0131zl\u0131k yap\u0131l\u0131yorsa yan\u0131nda kim haks\u0131zl\u0131k yap\u0131yorsa kar\u015f\u0131s\u0131nda olmakt\u0131r. Biz ne kadar iyi s\u00f6zle\u015fmeler imzalasak ne kadar iyi \u00f6rg\u00fctlensek bug\u00fcn ald\u0131\u011f\u0131m\u0131z yar\u0131n bu ekonomik \u015fartlarda gidiyor. Bir \u00fclkede demokrasi, adalet yoksa i\u015f\u00e7i s\u0131n\u0131f\u0131n\u0131n haklar\u0131 da olmaz.\u201d<\/div>\n<\/div>\n<div class=\"x14z9mp xat24cr x1lziwak x1vvkbs xtlvy1s x126k92a\">\n<div dir=\"auto\">Genel Kurulda, konu\u015fmalar\u0131n ard\u0131ndan raporlar g\u00f6r\u00fc\u015f\u00fcl\u00fcp ibra edildi.<\/div>\n<\/div>\n<div class=\"x14z9mp xat24cr x1lziwak x1vvkbs xtlvy1s x126k92a\">\n<div dir=\"auto\">Genel Kurul g\u00fcndemi uyar\u0131nca daha sonra se\u00e7imlere ge\u00e7ildi. Yap\u0131lan se\u00e7imlerin sonucu kurullara se\u00e7ilenlere ba\u015far\u0131lar dileriz.<\/div>\n<div dir=\"auto\">\n<div id='gallery_1' class='gallery galleryid-5319 gallery-columns-2 gallery-size-full'><figure class='gallery-item'>\n                <div class='gallery-icon landscape'>\n                    <a href='https:\/\/belediyeis.org.tr\/merkez\/wp-content\/uploads\/2025\/08\/WhatsApp-Image-2025-08-02-at-14.51.23-1.jpeg'><img fetchpriority=\"high\" decoding=\"async\" width=\"2048\" height=\"1536\" src=\"\" class=\"attachment-full size-full lazyload\" alt=\"\" data-src=\"https:\/\/belediyeis.org.tr\/merkez\/wp-content\/uploads\/2025\/08\/WhatsApp-Image-2025-08-02-at-14.51.23-1.jpeg\" data-sizes=\"auto\" data-srcset=\"https:\/\/belediyeis.org.tr\/merkez\/wp-content\/uploads\/2025\/08\/WhatsApp-Image-2025-08-02-at-14.51.23-1.jpeg 2048w, https:\/\/belediyeis.org.tr\/merkez\/wp-content\/uploads\/2025\/08\/WhatsApp-Image-2025-08-02-at-14.51.23-1-300x225.jpeg 300w, https:\/\/belediyeis.org.tr\/merkez\/wp-content\/uploads\/2025\/08\/WhatsApp-Image-2025-08-02-at-14.51.23-1-1024x768.jpeg 1024w, https:\/\/belediyeis.org.tr\/merkez\/wp-content\/uploads\/2025\/08\/WhatsApp-Image-2025-08-02-at-14.51.23-1-768x576.jpeg 768w, https:\/\/belediyeis.org.tr\/merkez\/wp-content\/uploads\/2025\/08\/WhatsApp-Image-2025-08-02-at-14.51.23-1-1536x1152.jpeg 1536w, https:\/\/belediyeis.org.tr\/merkez\/wp-content\/uploads\/2025\/08\/WhatsApp-Image-2025-08-02-at-14.51.23-1-750x563.jpeg 750w, https:\/\/belediyeis.org.tr\/merkez\/wp-content\/uploads\/2025\/08\/WhatsApp-Image-2025-08-02-at-14.51.23-1-1140x855.jpeg 1140w\" data-expand=\"700\" \/><\/a>\n                <\/div><\/figure><figure class='gallery-item'>\n                <div class='gallery-icon landscape'>\n                    <a href='https:\/\/belediyeis.org.tr\/merkez\/wp-content\/uploads\/2025\/08\/WhatsApp-Image-2025-08-02-at-14.51.15.jpeg'><img decoding=\"async\" width=\"2048\" height=\"1536\" src=\"\" class=\"attachment-full size-full lazyload\" alt=\"\" data-src=\"https:\/\/belediyeis.org.tr\/merkez\/wp-content\/uploads\/2025\/08\/WhatsApp-Image-2025-08-02-at-14.51.15.jpeg\" data-sizes=\"auto\" data-srcset=\"https:\/\/belediyeis.org.tr\/merkez\/wp-content\/uploads\/2025\/08\/WhatsApp-Image-2025-08-02-at-14.51.15.jpeg 2048w, https:\/\/belediyeis.org.tr\/merkez\/wp-content\/uploads\/2025\/08\/WhatsApp-Image-2025-08-02-at-14.51.15-300x225.jpeg 300w, https:\/\/belediyeis.org.tr\/merkez\/wp-content\/uploads\/2025\/08\/WhatsApp-Image-2025-08-02-at-14.51.15-1024x768.jpeg 1024w, https:\/\/belediyeis.org.tr\/merkez\/wp-content\/uploads\/2025\/08\/WhatsApp-Image-2025-08-02-at-14.51.15-768x576.jpeg 768w, https:\/\/belediyeis.org.tr\/merkez\/wp-content\/uploads\/2025\/08\/WhatsApp-Image-2025-08-02-at-14.51.15-1536x1152.jpeg 1536w, https:\/\/belediyeis.org.tr\/merkez\/wp-content\/uploads\/2025\/08\/WhatsApp-Image-2025-08-02-at-14.51.15-750x563.jpeg 750w, https:\/\/belediyeis.org.tr\/merkez\/wp-content\/uploads\/2025\/08\/WhatsApp-Image-2025-08-02-at-14.51.15-1140x855.jpeg 1140w\" data-expand=\"700\" \/><\/a>\n                <\/div><\/figure><br style=\"clear: both\" \/><figure class='gallery-item'>\n                <div class='gallery-icon landscape'>\n                    <a href='https:\/\/belediyeis.org.tr\/merkez\/wp-content\/uploads\/2025\/08\/WhatsApp-Image-2025-08-02-at-14.51.15-1.jpeg'><img decoding=\"async\" width=\"2048\" height=\"1536\" src=\"\" class=\"attachment-full size-full lazyload\" alt=\"\" data-src=\"https:\/\/belediyeis.org.tr\/merkez\/wp-content\/uploads\/2025\/08\/WhatsApp-Image-2025-08-02-at-14.51.15-1.jpeg\" data-sizes=\"auto\" data-srcset=\"https:\/\/belediyeis.org.tr\/merkez\/wp-content\/uploads\/2025\/08\/WhatsApp-Image-2025-08-02-at-14.51.15-1.jpeg 2048w, https:\/\/belediyeis.org.tr\/merkez\/wp-content\/uploads\/2025\/08\/WhatsApp-Image-2025-08-02-at-14.51.15-1-300x225.jpeg 300w, https:\/\/belediyeis.org.tr\/merkez\/wp-content\/uploads\/2025\/08\/WhatsApp-Image-2025-08-02-at-14.51.15-1-1024x768.jpeg 1024w, https:\/\/belediyeis.org.tr\/merkez\/wp-content\/uploads\/2025\/08\/WhatsApp-Image-2025-08-02-at-14.51.15-1-768x576.jpeg 768w, https:\/\/belediyeis.org.tr\/merkez\/wp-content\/uploads\/2025\/08\/WhatsApp-Image-2025-08-02-at-14.51.15-1-1536x1152.jpeg 1536w, https:\/\/belediyeis.org.tr\/merkez\/wp-content\/uploads\/2025\/08\/WhatsApp-Image-2025-08-02-at-14.51.15-1-750x563.jpeg 750w, https:\/\/belediyeis.org.tr\/merkez\/wp-content\/uploads\/2025\/08\/WhatsApp-Image-2025-08-02-at-14.51.15-1-1140x855.jpeg 1140w\" data-expand=\"700\" \/><\/a>\n                <\/div><\/figure><figure class='gallery-item'>\n                <div class='gallery-icon landscape'>\n                    <a href='https:\/\/belediyeis.org.tr\/merkez\/wp-content\/uploads\/2025\/08\/WhatsApp-Image-2025-08-02-at-14.51.23-2.jpeg'><img loading=\"lazy\" decoding=\"async\" width=\"2048\" height=\"1536\" src=\"\" class=\"attachment-full size-full lazyload\" alt=\"\" data-src=\"https:\/\/belediyeis.org.tr\/merkez\/wp-content\/uploads\/2025\/08\/WhatsApp-Image-2025-08-02-at-14.51.23-2.jpeg\" data-sizes=\"auto\" data-srcset=\"https:\/\/belediyeis.org.tr\/merkez\/wp-content\/uploads\/2025\/08\/WhatsApp-Image-2025-08-02-at-14.51.23-2.jpeg 2048w, https:\/\/belediyeis.org.tr\/merkez\/wp-content\/uploads\/2025\/08\/WhatsApp-Image-2025-08-02-at-14.51.23-2-300x225.jpeg 300w, https:\/\/belediyeis.org.tr\/merkez\/wp-content\/uploads\/2025\/08\/WhatsApp-Image-2025-08-02-at-14.51.23-2-1024x768.jpeg 1024w, https:\/\/belediyeis.org.tr\/merkez\/wp-content\/uploads\/2025\/08\/WhatsApp-Image-2025-08-02-at-14.51.23-2-768x576.jpeg 768w, https:\/\/belediyeis.org.tr\/merkez\/wp-content\/uploads\/2025\/08\/WhatsApp-Image-2025-08-02-at-14.51.23-2-1536x1152.jpeg 1536w, https:\/\/belediyeis.org.tr\/merkez\/wp-content\/uploads\/2025\/08\/WhatsApp-Image-2025-08-02-at-14.51.23-2-750x563.jpeg 750w, https:\/\/belediyeis.org.tr\/merkez\/wp-content\/uploads\/2025\/08\/WhatsApp-Image-2025-08-02-at-14.51.23-2-1140x855.jpeg 1140w\" data-expand=\"700\" \/><\/a>\n                <\/div><\/figure><br style=\"clear: both\" \/>\n            <\/div>\n\n<\/div>\n<\/div>\n","protected":false},"excerpt":{"rendered":"<p>Antalya \u015eube delege ve \u00fcyelerinin kat\u0131l\u0131m\u0131yla Renex Otel Toplant\u0131 Salonu\u2019nda ger\u00e7ekle\u015ftirilen Genel Kurulun Divan Ba\u015fkanl\u0131\u011f\u0131n\u0131 Sendikam\u0131z Hukuk M\u00fc\u015faviri Avukat Yusuf \u015eim\u015fek yaparken, Divan Ba\u015fkan Yard\u0131mc\u0131s\u0131 Sendikam\u0131z Isparta \u015eube Ba\u015fkan\u0131 Cemal Kurt oldu; divan katip \u00fcyeliklerini ise delegelerimizden R\u0131za Kocaacar ile Ebru \u00d6z\u00e7elik \u00fcstlendi. Genel kurula, CHP Antalya \u0130l Ba\u015fkan\u0131 Nail Kamac\u0131, T\u00fcrk-\u0130\u015f \u0130l Ba\u015fkan\u0131 Cemil [&hellip;]<\/p>\n","protected":false},"author":3,"featured_media":5320,"comment_status":"open","ping_status":"open","sticky":false,"template":"","format":"standard","meta":{"jnews-multi-image_gallery":[],"jnews_single_post":{"subtitle":""},"jnews_primary_category":[],"jnews_social_meta":[],"jnews_override_counter":[],"footnotes":""},"categories":[1],"tags":[],"class_list":["post-5319","post","type-post","status-publish","format-standard","has-post-thumbnail","hentry","category-genel"],"_links":{"self":[{"href":"https:\/\/belediyeis.org.tr\/merkez\/wp-json\/wp\/v2\/posts\/5319","targetHints":{"allow":["GET"]}}],"collection":[{"href":"https:\/\/belediyeis.org.tr\/merkez\/wp-json\/wp\/v2\/posts"}],"about":[{"href":"https:\/\/belediyeis.org.tr\/merkez\/wp-json\/wp\/v2\/types\/post"}],"author":[{"embeddable":true,"href":"https:\/\/belediyeis.org.tr\/merkez\/wp-json\/wp\/v2\/users\/3"}],"replies":[{"embeddable":true,"href":"https:\/\/belediyeis.org.tr\/merkez\/wp-json\/wp\/v2\/comments?post=5319"}],"version-history":[{"count":2,"href":"https:\/\/belediyeis.org.tr\/merkez\/wp-json\/wp\/v2\/posts\/5319\/revisions"}],"predecessor-version":[{"id":5327,"href":"https:\/\/belediyeis.org.tr\/merkez\/wp-json\/wp\/v2\/posts\/5319\/revisions\/5327"}],"wp:featuredmedia":[{"embeddable":true,"href":"https:\/\/belediyeis.org.tr\/merkez\/wp-json\/wp\/v2\/media\/5320"}],"wp:attachment":[{"href":"https:\/\/belediyeis.org.tr\/merkez\/wp-json\/wp\/v2\/media?parent=5319"}],"wp:term":[{"taxonomy":"category","embeddable":true,"href":"https:\/\/belediyeis.org.tr\/merkez\/wp-json\/wp\/v2\/categories?post=5319"},{"taxonomy":"post_tag","embeddable":true,"href":"https:\/\/belediyeis.org.tr\/merkez\/wp-json\/wp\/v2\/tags?post=5319"}],"curies":[{"name":"wp","href":"https:\/\/api.w.org\/{rel}","templated":true}]}}