{"id":5302,"date":"2025-07-27T20:15:05","date_gmt":"2025-07-27T17:15:05","guid":{"rendered":"https:\/\/belediyeis.org.tr\/merkez\/?p=5302"},"modified":"2025-07-27T20:15:57","modified_gmt":"2025-07-27T17:15:57","slug":"konya-subenin-13-olagan-genel-kurulu-yapildi","status":"publish","type":"post","link":"https:\/\/belediyeis.org.tr\/merkez\/2025\/07\/27\/konya-subenin-13-olagan-genel-kurulu-yapildi\/","title":{"rendered":"Konya \u015eube\u2019nin 13. Ola\u011fan Genel Kurulu yap\u0131ld\u0131."},"content":{"rendered":"<p>Genel Kurul\u2019un Divan Ba\u015fkanl\u0131\u011f\u0131n\u0131 sendikam\u0131z \u00d6rg\u00fctlenme Genel Sekreteri \u0130smail Duman, Divan Ba\u015fkan Yard\u0131mc\u0131l\u0131\u011f\u0131n\u0131 T\u0130S Genel Sekreteri G\u00fcney Demirda\u015f yaparken, Divan Katip \u00dcyeliklerini ise Afyonkarahisar \u015eube Ba\u015fkan\u0131 Mehmet Selman, Burdur \u015eube Ba\u015fkan\u0131 Mehmet Ferit \u00c7elikba\u015f ve Isparta \u015eube Ba\u015fkan\u0131 Camal Kurt \u00fcstlendiler.<\/p>\n<p>Genel kurula delegelerimizin yan\u0131 s\u0131ra Yol-\u0130\u015f Sendikas\u0131 1 Nolu \u015eube Ba\u015fkan\u0131 Say\u0131n Abdullah Dadak, Yol-\u0130\u015f Sendikas\u0131 2 Nolu \u015eube Ba\u015fkan\u0131 Say\u0131n Ali Alkan ve Basisen Konya \u015eube Ba\u015fkan\u0131 Say\u0131n Mehmet Bilir de kat\u0131ld\u0131lar.<\/p>\n<p>Genel Kurul sonucu kurullara se\u00e7ilenlere ba\u015far\u0131lar dileriz.<\/p>\n<p><img fetchpriority=\"high\" decoding=\"async\" class=\"alignnone wp-image-5305 size-jnews-750x536\" src=\"http:\/\/belediyeis.org.tr\/merkez\/wp-content\/uploads\/2025\/07\/WhatsApp-Image-2025-07-27-at-19.06.36-750x536.jpeg\" alt=\"\" width=\"750\" height=\"536\" srcset=\"https:\/\/belediyeis.org.tr\/merkez\/wp-content\/uploads\/2025\/07\/WhatsApp-Image-2025-07-27-at-19.06.36-750x536.jpeg 750w, https:\/\/belediyeis.org.tr\/merkez\/wp-content\/uploads\/2025\/07\/WhatsApp-Image-2025-07-27-at-19.06.36-120x86.jpeg 120w, https:\/\/belediyeis.org.tr\/merkez\/wp-content\/uploads\/2025\/07\/WhatsApp-Image-2025-07-27-at-19.06.36-350x250.jpeg 350w, https:\/\/belediyeis.org.tr\/merkez\/wp-content\/uploads\/2025\/07\/WhatsApp-Image-2025-07-27-at-19.06.36-1140x815.jpeg 1140w\" sizes=\"(max-width: 750px) 100vw, 750px\" \/> <img decoding=\"async\" class=\"alignnone size-large wp-image-5306\" src=\"http:\/\/belediyeis.org.tr\/merkez\/wp-content\/uploads\/2025\/07\/WhatsApp-Image-2025-07-27-at-19.06.36-1-1024x768.jpeg\" alt=\"\" width=\"1024\" height=\"768\" srcset=\"https:\/\/belediyeis.org.tr\/merkez\/wp-content\/uploads\/2025\/07\/WhatsApp-Image-2025-07-27-at-19.06.36-1-1024x768.jpeg 1024w, https:\/\/belediyeis.org.tr\/merkez\/wp-content\/uploads\/2025\/07\/WhatsApp-Image-2025-07-27-at-19.06.36-1-300x225.jpeg 300w, https:\/\/belediyeis.org.tr\/merkez\/wp-content\/uploads\/2025\/07\/WhatsApp-Image-2025-07-27-at-19.06.36-1-768x576.jpeg 768w, https:\/\/belediyeis.org.tr\/merkez\/wp-content\/uploads\/2025\/07\/WhatsApp-Image-2025-07-27-at-19.06.36-1-1536x1152.jpeg 1536w, https:\/\/belediyeis.org.tr\/merkez\/wp-content\/uploads\/2025\/07\/WhatsApp-Image-2025-07-27-at-19.06.36-1-750x563.jpeg 750w, https:\/\/belediyeis.org.tr\/merkez\/wp-content\/uploads\/2025\/07\/WhatsApp-Image-2025-07-27-at-19.06.36-1-1140x855.jpeg 1140w, https:\/\/belediyeis.org.tr\/merkez\/wp-content\/uploads\/2025\/07\/WhatsApp-Image-2025-07-27-at-19.06.36-1.jpeg 1600w\" sizes=\"(max-width: 1024px) 100vw, 1024px\" \/><\/p>\n","protected":false},"excerpt":{"rendered":"<p>Genel Kurul\u2019un Divan Ba\u015fkanl\u0131\u011f\u0131n\u0131 sendikam\u0131z \u00d6rg\u00fctlenme Genel Sekreteri \u0130smail Duman, Divan Ba\u015fkan Yard\u0131mc\u0131l\u0131\u011f\u0131n\u0131 T\u0130S Genel Sekreteri G\u00fcney Demirda\u015f yaparken, Divan Katip \u00dcyeliklerini ise Afyonkarahisar \u015eube Ba\u015fkan\u0131 Mehmet Selman, Burdur \u015eube Ba\u015fkan\u0131 Mehmet Ferit \u00c7elikba\u015f ve Isparta \u015eube Ba\u015fkan\u0131 Camal Kurt \u00fcstlendiler. Genel kurula delegelerimizin yan\u0131 s\u0131ra Yol-\u0130\u015f Sendikas\u0131 1 Nolu \u015eube Ba\u015fkan\u0131 Say\u0131n Abdullah Dadak, [&hellip;]<\/p>\n","protected":false},"author":4,"featured_media":5303,"comment_status":"open","ping_status":"open","sticky":false,"template":"","format":"standard","meta":{"jnews-multi-image_gallery":[],"jnews_single_post":{"subtitle":"","format":"standard","override":[{"template":"7","parallax":"1","layout":"no-sidebar-narrow","sidebar":"default-sidebar","second_sidebar":"default-sidebar","sticky_sidebar":"1","share_position":"hide","share_float_style":"share-normal","show_share_counter":"1","show_view_counter":"1","show_featured":"1","show_post_meta":"1","show_post_author_image":"1","show_post_date":"1","post_date_format":"default","post_date_format_custom":"Y\/m\/d","post_reading_time_wpm":"300","post_calculate_word_method":"str_word_count","show_zoom_button":"1","zoom_button_out_step":"2","zoom_button_in_step":"3","show_post_tag":"1","number_popup_post":"1","show_post_related":"1"}],"image_override":[{"single_post_thumbnail_size":"no-crop","single_post_gallery_size":"crop-715"}],"trending_post_position":"meta","trending_post_label":"Trending","sponsored_post_label":"Sponsored by","disable_ad":"0"},"jnews_primary_category":[],"jnews_social_meta":[],"jnews_override_counter":{"view_counter_number":"0","share_counter_number":"0","like_counter_number":"0","dislike_counter_number":"0"},"footnotes":""},"categories":[1],"tags":[305],"class_list":["post-5302","post","type-post","status-publish","format-standard","has-post-thumbnail","hentry","category-genel","tag-sube-genel-kurulu"],"_links":{"self":[{"href":"https:\/\/belediyeis.org.tr\/merkez\/wp-json\/wp\/v2\/posts\/5302","targetHints":{"allow":["GET"]}}],"collection":[{"href":"https:\/\/belediyeis.org.tr\/merkez\/wp-json\/wp\/v2\/posts"}],"about":[{"href":"https:\/\/belediyeis.org.tr\/merkez\/wp-json\/wp\/v2\/types\/post"}],"author":[{"embeddable":true,"href":"https:\/\/belediyeis.org.tr\/merkez\/wp-json\/wp\/v2\/users\/4"}],"replies":[{"embeddable":true,"href":"https:\/\/belediyeis.org.tr\/merkez\/wp-json\/wp\/v2\/comments?post=5302"}],"version-history":[{"count":2,"href":"https:\/\/belediyeis.org.tr\/merkez\/wp-json\/wp\/v2\/posts\/5302\/revisions"}],"predecessor-version":[{"id":5307,"href":"https:\/\/belediyeis.org.tr\/merkez\/wp-json\/wp\/v2\/posts\/5302\/revisions\/5307"}],"wp:featuredmedia":[{"embeddable":true,"href":"https:\/\/belediyeis.org.tr\/merkez\/wp-json\/wp\/v2\/media\/5303"}],"wp:attachment":[{"href":"https:\/\/belediyeis.org.tr\/merkez\/wp-json\/wp\/v2\/media?parent=5302"}],"wp:term":[{"taxonomy":"category","embeddable":true,"href":"https:\/\/belediyeis.org.tr\/merkez\/wp-json\/wp\/v2\/categories?post=5302"},{"taxonomy":"post_tag","embeddable":true,"href":"https:\/\/belediyeis.org.tr\/merkez\/wp-json\/wp\/v2\/tags?post=5302"}],"curies":[{"name":"wp","href":"https:\/\/api.w.org\/{rel}","templated":true}]}}