{"id":5246,"date":"2025-07-10T12:26:27","date_gmt":"2025-07-10T09:26:27","guid":{"rendered":"http:\/\/belediyeis.org.tr\/merkez\/?p=5246"},"modified":"2025-07-10T12:26:27","modified_gmt":"2025-07-10T09:26:27","slug":"sendikamiz-istanbul-2-nolu-sube-baskani-savas-dogan-ve-sube-yonetim-kurulu-uyeleri-genel-baskanimiz-nihat-yurdakulu-ziyaret-ettiler","status":"publish","type":"post","link":"https:\/\/belediyeis.org.tr\/merkez\/2025\/07\/10\/sendikamiz-istanbul-2-nolu-sube-baskani-savas-dogan-ve-sube-yonetim-kurulu-uyeleri-genel-baskanimiz-nihat-yurdakulu-ziyaret-ettiler\/","title":{"rendered":"Sendikam\u0131z \u0130stanbul 2 Nolu \u015eube Ba\u015fkan\u0131 Sava\u015f Do\u011fan ve \u015eube Y\u00f6netim Kurulu \u00fcyeleri, Genel Ba\u015fkan\u0131m\u0131z Nihat Yurdakul\u2019u ziyaret ettiler."},"content":{"rendered":"<div class=\"xdj266r x14z9mp xat24cr x1lziwak x1vvkbs x126k92a\">\n<div dir=\"auto\">Genel Ba\u015fkan\u0131m\u0131z, yeni se\u00e7ilen \u0130stanbul 2 Nolu \u015eube y\u00f6netimini tebrik ederek \u00e7al\u0131\u015fmalar\u0131nda ba\u015far\u0131lar diledi.<\/div>\n<\/div>\n<div class=\"x14z9mp xat24cr x1lziwak x1vvkbs xtlvy1s x126k92a\">\n<div dir=\"auto\">Ziyarette, Sendikam\u0131z Genel Merkez y\u00f6neticileri de bulundu.<\/div>\n<div dir=\"auto\"><img fetchpriority=\"high\" decoding=\"async\" class=\"alignnone wp-image-5248 size-jnews-750x375\" src=\"http:\/\/belediyeis.org.tr\/merkez\/wp-content\/uploads\/2025\/07\/DSC_0305-750x375.jpg\" alt=\"\" width=\"750\" height=\"375\" srcset=\"https:\/\/belediyeis.org.tr\/merkez\/wp-content\/uploads\/2025\/07\/DSC_0305-750x375.jpg 750w, https:\/\/belediyeis.org.tr\/merkez\/wp-content\/uploads\/2025\/07\/DSC_0305-360x180.jpg 360w, https:\/\/belediyeis.org.tr\/merkez\/wp-content\/uploads\/2025\/07\/DSC_0305-1140x570.jpg 1140w\" sizes=\"(max-width: 750px) 100vw, 750px\" \/><\/div>\n<\/div>\n","protected":false},"excerpt":{"rendered":"<p>Genel Ba\u015fkan\u0131m\u0131z, yeni se\u00e7ilen \u0130stanbul 2 Nolu \u015eube y\u00f6netimini tebrik ederek \u00e7al\u0131\u015fmalar\u0131nda ba\u015far\u0131lar diledi. Ziyarette, Sendikam\u0131z Genel Merkez y\u00f6neticileri de bulundu.<\/p>\n","protected":false},"author":4,"featured_media":5247,"comment_status":"open","ping_status":"open","sticky":false,"template":"","format":"standard","meta":{"jnews-multi-image_gallery":[],"jnews_single_post":{"subtitle":"","format":"standard","override":[{"template":"7","parallax":"1","layout":"no-sidebar-narrow","sidebar":"default-sidebar","second_sidebar":"default-sidebar","sticky_sidebar":"1","share_position":"hide","share_float_style":"share-normal","show_share_counter":"1","show_view_counter":"1","show_featured":"1","show_post_meta":"1","show_post_author_image":"1","show_post_date":"1","post_date_format":"default","post_date_format_custom":"Y\/m\/d","post_reading_time_wpm":"300","post_calculate_word_method":"str_word_count","show_zoom_button":"1","zoom_button_out_step":"2","zoom_button_in_step":"3","show_post_tag":"1","number_popup_post":"1","show_post_related":"1"}],"image_override":[{"single_post_thumbnail_size":"no-crop","single_post_gallery_size":"crop-715"}],"trending_post_position":"meta","trending_post_label":"Trending","sponsored_post_label":"Sponsored by","disable_ad":"0"},"jnews_primary_category":[],"jnews_social_meta":[],"jnews_override_counter":{"view_counter_number":"0","share_counter_number":"0","like_counter_number":"0","dislike_counter_number":"0"},"footnotes":""},"categories":[1],"tags":[],"class_list":["post-5246","post","type-post","status-publish","format-standard","has-post-thumbnail","hentry","category-genel"],"_links":{"self":[{"href":"https:\/\/belediyeis.org.tr\/merkez\/wp-json\/wp\/v2\/posts\/5246","targetHints":{"allow":["GET"]}}],"collection":[{"href":"https:\/\/belediyeis.org.tr\/merkez\/wp-json\/wp\/v2\/posts"}],"about":[{"href":"https:\/\/belediyeis.org.tr\/merkez\/wp-json\/wp\/v2\/types\/post"}],"author":[{"embeddable":true,"href":"https:\/\/belediyeis.org.tr\/merkez\/wp-json\/wp\/v2\/users\/4"}],"replies":[{"embeddable":true,"href":"https:\/\/belediyeis.org.tr\/merkez\/wp-json\/wp\/v2\/comments?post=5246"}],"version-history":[{"count":1,"href":"https:\/\/belediyeis.org.tr\/merkez\/wp-json\/wp\/v2\/posts\/5246\/revisions"}],"predecessor-version":[{"id":5249,"href":"https:\/\/belediyeis.org.tr\/merkez\/wp-json\/wp\/v2\/posts\/5246\/revisions\/5249"}],"wp:featuredmedia":[{"embeddable":true,"href":"https:\/\/belediyeis.org.tr\/merkez\/wp-json\/wp\/v2\/media\/5247"}],"wp:attachment":[{"href":"https:\/\/belediyeis.org.tr\/merkez\/wp-json\/wp\/v2\/media?parent=5246"}],"wp:term":[{"taxonomy":"category","embeddable":true,"href":"https:\/\/belediyeis.org.tr\/merkez\/wp-json\/wp\/v2\/categories?post=5246"},{"taxonomy":"post_tag","embeddable":true,"href":"https:\/\/belediyeis.org.tr\/merkez\/wp-json\/wp\/v2\/tags?post=5246"}],"curies":[{"name":"wp","href":"https:\/\/api.w.org\/{rel}","templated":true}]}}