{"id":5181,"date":"2025-06-29T14:43:44","date_gmt":"2025-06-29T11:43:44","guid":{"rendered":"https:\/\/belediyeis.org.tr\/merkez\/?p=5181"},"modified":"2025-06-29T14:48:39","modified_gmt":"2025-06-29T11:48:39","slug":"kars-subenin-13-olagan-genel-kurulu-yapildi","status":"publish","type":"post","link":"https:\/\/belediyeis.org.tr\/merkez\/2025\/06\/29\/kars-subenin-13-olagan-genel-kurulu-yapildi\/","title":{"rendered":"Kars \u015eube&#8217;nin 13. Ola\u011fan Genel Kurulu yap\u0131ld\u0131."},"content":{"rendered":"<p>Genel Kurul\u2019un Divan Ba\u015fkanl\u0131\u011f\u0131n\u0131 sendikam\u0131z \u00d6rg\u00fctlenme Genel Sekreteri \u0130smail Duman, Divan Ba\u015fkan Yard\u0131mc\u0131l\u0131klar\u0131n\u0131 delegelerimiz Mustafa \u0130srafil Eyg\u00fcl ve R\u0131dvan Ye\u015fil yaparken, Divan Katip \u00dcyeliklerini de yine delegelerimiz Didem Temiz ve Didem Toymu\u015f \u00fcstlendiler.<\/p>\n<p>Genel Kurul sonucu kurullara se\u00e7ilenlere ba\u015far\u0131lar dileriz.<\/p>\n<p><img fetchpriority=\"high\" decoding=\"async\" class=\"alignnone wp-image-5183 size-jnews-750x536\" src=\"http:\/\/belediyeis.org.tr\/merkez\/wp-content\/uploads\/2025\/06\/WhatsApp-Image-2025-06-29-at-12.26.16-1-750x536.jpeg\" alt=\"\" width=\"750\" height=\"536\" srcset=\"https:\/\/belediyeis.org.tr\/merkez\/wp-content\/uploads\/2025\/06\/WhatsApp-Image-2025-06-29-at-12.26.16-1-750x536.jpeg 750w, https:\/\/belediyeis.org.tr\/merkez\/wp-content\/uploads\/2025\/06\/WhatsApp-Image-2025-06-29-at-12.26.16-1-120x86.jpeg 120w, https:\/\/belediyeis.org.tr\/merkez\/wp-content\/uploads\/2025\/06\/WhatsApp-Image-2025-06-29-at-12.26.16-1-350x250.jpeg 350w, https:\/\/belediyeis.org.tr\/merkez\/wp-content\/uploads\/2025\/06\/WhatsApp-Image-2025-06-29-at-12.26.16-1-1140x815.jpeg 1140w\" sizes=\"(max-width: 750px) 100vw, 750px\" \/><img decoding=\"async\" class=\"alignnone size-large wp-image-5186\" src=\"http:\/\/belediyeis.org.tr\/merkez\/wp-content\/uploads\/2025\/06\/WhatsApp-Image-2025-06-29-at-12.26.16-2-1024x768.jpeg\" alt=\"\" width=\"1024\" height=\"768\" srcset=\"https:\/\/belediyeis.org.tr\/merkez\/wp-content\/uploads\/2025\/06\/WhatsApp-Image-2025-06-29-at-12.26.16-2-1024x768.jpeg 1024w, https:\/\/belediyeis.org.tr\/merkez\/wp-content\/uploads\/2025\/06\/WhatsApp-Image-2025-06-29-at-12.26.16-2-300x225.jpeg 300w, https:\/\/belediyeis.org.tr\/merkez\/wp-content\/uploads\/2025\/06\/WhatsApp-Image-2025-06-29-at-12.26.16-2-768x576.jpeg 768w, https:\/\/belediyeis.org.tr\/merkez\/wp-content\/uploads\/2025\/06\/WhatsApp-Image-2025-06-29-at-12.26.16-2-1536x1152.jpeg 1536w, https:\/\/belediyeis.org.tr\/merkez\/wp-content\/uploads\/2025\/06\/WhatsApp-Image-2025-06-29-at-12.26.16-2-750x563.jpeg 750w, https:\/\/belediyeis.org.tr\/merkez\/wp-content\/uploads\/2025\/06\/WhatsApp-Image-2025-06-29-at-12.26.16-2-1140x855.jpeg 1140w, https:\/\/belediyeis.org.tr\/merkez\/wp-content\/uploads\/2025\/06\/WhatsApp-Image-2025-06-29-at-12.26.16-2.jpeg 1600w\" sizes=\"(max-width: 1024px) 100vw, 1024px\" \/><\/p>\n","protected":false},"excerpt":{"rendered":"<p>Genel Kurul\u2019un Divan Ba\u015fkanl\u0131\u011f\u0131n\u0131 sendikam\u0131z \u00d6rg\u00fctlenme Genel Sekreteri \u0130smail Duman, Divan Ba\u015fkan Yard\u0131mc\u0131l\u0131klar\u0131n\u0131 delegelerimiz Mustafa \u0130srafil Eyg\u00fcl ve R\u0131dvan Ye\u015fil yaparken, Divan Katip \u00dcyeliklerini de yine delegelerimiz Didem Temiz ve Didem Toymu\u015f \u00fcstlendiler. Genel Kurul sonucu kurullara se\u00e7ilenlere ba\u015far\u0131lar dileriz.<\/p>\n","protected":false},"author":4,"featured_media":5182,"comment_status":"open","ping_status":"open","sticky":false,"template":"","format":"standard","meta":{"jnews-multi-image_gallery":[],"jnews_single_post":[],"jnews_primary_category":[],"jnews_social_meta":[],"jnews_override_counter":[],"footnotes":""},"categories":[1],"tags":[],"class_list":["post-5181","post","type-post","status-publish","format-standard","has-post-thumbnail","hentry","category-genel"],"_links":{"self":[{"href":"https:\/\/belediyeis.org.tr\/merkez\/wp-json\/wp\/v2\/posts\/5181","targetHints":{"allow":["GET"]}}],"collection":[{"href":"https:\/\/belediyeis.org.tr\/merkez\/wp-json\/wp\/v2\/posts"}],"about":[{"href":"https:\/\/belediyeis.org.tr\/merkez\/wp-json\/wp\/v2\/types\/post"}],"author":[{"embeddable":true,"href":"https:\/\/belediyeis.org.tr\/merkez\/wp-json\/wp\/v2\/users\/4"}],"replies":[{"embeddable":true,"href":"https:\/\/belediyeis.org.tr\/merkez\/wp-json\/wp\/v2\/comments?post=5181"}],"version-history":[{"count":3,"href":"https:\/\/belediyeis.org.tr\/merkez\/wp-json\/wp\/v2\/posts\/5181\/revisions"}],"predecessor-version":[{"id":5188,"href":"https:\/\/belediyeis.org.tr\/merkez\/wp-json\/wp\/v2\/posts\/5181\/revisions\/5188"}],"wp:featuredmedia":[{"embeddable":true,"href":"https:\/\/belediyeis.org.tr\/merkez\/wp-json\/wp\/v2\/media\/5182"}],"wp:attachment":[{"href":"https:\/\/belediyeis.org.tr\/merkez\/wp-json\/wp\/v2\/media?parent=5181"}],"wp:term":[{"taxonomy":"category","embeddable":true,"href":"https:\/\/belediyeis.org.tr\/merkez\/wp-json\/wp\/v2\/categories?post=5181"},{"taxonomy":"post_tag","embeddable":true,"href":"https:\/\/belediyeis.org.tr\/merkez\/wp-json\/wp\/v2\/tags?post=5181"}],"curies":[{"name":"wp","href":"https:\/\/api.w.org\/{rel}","templated":true}]}}