{"id":5174,"date":"2025-06-26T19:26:13","date_gmt":"2025-06-26T16:26:13","guid":{"rendered":"https:\/\/belediyeis.org.tr\/merkez\/?p=5174"},"modified":"2025-06-26T19:26:13","modified_gmt":"2025-06-26T16:26:13","slug":"izmir-buyuksehir-belediye-baskani-cemil-tugaya-gercekleri-bir-kez-daha-hatirlatiyoruz","status":"publish","type":"post","link":"https:\/\/belediyeis.org.tr\/merkez\/2025\/06\/26\/izmir-buyuksehir-belediye-baskani-cemil-tugaya-gercekleri-bir-kez-daha-hatirlatiyoruz\/","title":{"rendered":"\u0130zmir B\u00fcy\u00fck\u015fehir Belediye Ba\u015fkan\u0131 Cemil TUGAY\u2019a ger\u00e7ekleri bir kez daha hat\u0131rlat\u0131yoruz."},"content":{"rendered":"<div class=\"xdj266r x14z9mp xat24cr x1lziwak x1vvkbs x126k92a\">\n<div dir=\"auto\">Cemil Tugay, Genel Ba\u015fkan\u0131m\u0131z Nihat Yurdakul\u2019un, ard\u0131ndan da T\u00fcrk-\u0130\u015f Genel Ba\u015fkan\u0131 Erg\u00fcn Atalay\u2019\u0131n belediyeye ba\u011fl\u0131 \u015firketlerde \u00e7al\u0131\u015fan i\u015f\u00e7ilerin 55-65 bin TL \u00fccret ald\u0131\u011f\u0131 a\u00e7\u0131klamas\u0131n\u0131 payla\u015ft\u0131\u011f\u0131 bir bordroyla cevaplayarak, Belediye-\u0130\u015f \u00fcyesi i\u015f\u00e7ilerin ald\u0131\u011f\u0131 en d\u00fc\u015f\u00fck \u00fccretin 132.000 TL oldu\u011funu iddia etti.<\/div>\n<\/div>\n<div class=\"x14z9mp xat24cr x1lziwak x1vvkbs xtlvy1s x126k92a\">\n<div dir=\"auto\">\u0130zmir B\u00fcy\u00fck\u015fehir Belediye Ba\u015fkan\u0131 Cemil Tugay g\u00fcnlerdir ba\u015fta \u0130zmir halk\u0131 olmak \u00fczere \u00fclkemiz kamuoyunu yanl\u0131\u015f rakamlarla manip\u00fcle etmekte \u0131srar ediyor.<\/div>\n<\/div>\n<div class=\"x14z9mp xat24cr x1lziwak x1vvkbs xtlvy1s x126k92a\">\n<div dir=\"auto\">Say\u0131n Cemil Tugay\u2019\u0131n s\u00f6ylediklerinin aksine \u0130zmir B\u00fcy\u00fck\u015fehir Belediyesine ba\u011fl\u0131 \u0130ZBETON, \u0130ZDO\u011eA ve \u0130ZULA\u015e \u015firketinde \u00e7al\u0131\u015fan sendikam\u0131z \u00fcyesi i\u015f\u00e7ilerin ayl\u0131k \u00fccretleri 55-65 bin TL\u2019dir.<\/div>\n<\/div>\n<div class=\"x14z9mp xat24cr x1lziwak x1vvkbs xtlvy1s x126k92a\">\n<div dir=\"auto\">Cemil Tugay\u2019a \u00e7a\u011fr\u0131m\u0131zd\u0131r. E\u011fer Belediye-\u0130\u015f \u00fcyesi i\u015f\u00e7ilerin ald\u0131\u011f\u0131 en d\u00fc\u015f\u00fck i\u015f\u00e7i maa\u015f\u0131n\u0131n 132 bin TL oldu\u011funda \u0131srarc\u0131ysan\u0131z. Tamam o zaman gelin. \u0130ddia etti\u011finiz 132 bin TL\u2019yi 90 bin olarak kabul edelim, Eyl\u00fcl\u2019deki enflasyon zamm\u0131ndan da vazge\u00e7elim.<\/div>\n<\/div>\n<div class=\"x14z9mp xat24cr x1lziwak x1vvkbs xtlvy1s x126k92a\">\n<div dir=\"auto\">E\u011fer \u00e7\u00f6z\u00fcm iradeniz varsa, samimi teklifimizi sunuyoruz. Gelin \u0130zmir halk\u0131 ve bas\u0131n\u0131n \u00f6n\u00fcnde samimiyetle imzalar\u0131 atal\u0131m.<\/div>\n<\/div>\n<div class=\"x14z9mp xat24cr x1lziwak x1vvkbs xtlvy1s x126k92a\">\n<div dir=\"auto\"><\/div>\n<\/div>\n","protected":false},"excerpt":{"rendered":"<p>Cemil Tugay, Genel Ba\u015fkan\u0131m\u0131z Nihat Yurdakul\u2019un, ard\u0131ndan da T\u00fcrk-\u0130\u015f Genel Ba\u015fkan\u0131 Erg\u00fcn Atalay\u2019\u0131n belediyeye ba\u011fl\u0131 \u015firketlerde \u00e7al\u0131\u015fan i\u015f\u00e7ilerin 55-65 bin TL \u00fccret ald\u0131\u011f\u0131 a\u00e7\u0131klamas\u0131n\u0131 payla\u015ft\u0131\u011f\u0131 bir bordroyla cevaplayarak, Belediye-\u0130\u015f \u00fcyesi i\u015f\u00e7ilerin ald\u0131\u011f\u0131 en d\u00fc\u015f\u00fck \u00fccretin 132.000 TL oldu\u011funu iddia etti. \u0130zmir B\u00fcy\u00fck\u015fehir Belediye Ba\u015fkan\u0131 Cemil Tugay g\u00fcnlerdir ba\u015fta \u0130zmir halk\u0131 olmak \u00fczere \u00fclkemiz kamuoyunu yanl\u0131\u015f [&hellip;]<\/p>\n","protected":false},"author":4,"featured_media":5175,"comment_status":"open","ping_status":"open","sticky":false,"template":"","format":"standard","meta":{"jnews-multi-image_gallery":[],"jnews_single_post":[],"jnews_primary_category":[],"jnews_social_meta":[],"jnews_override_counter":[],"footnotes":""},"categories":[1],"tags":[198,117],"class_list":["post-5174","post","type-post","status-publish","format-standard","has-post-thumbnail","hentry","category-genel","tag-izmir","tag-toplu-sozlesme"],"_links":{"self":[{"href":"https:\/\/belediyeis.org.tr\/merkez\/wp-json\/wp\/v2\/posts\/5174","targetHints":{"allow":["GET"]}}],"collection":[{"href":"https:\/\/belediyeis.org.tr\/merkez\/wp-json\/wp\/v2\/posts"}],"about":[{"href":"https:\/\/belediyeis.org.tr\/merkez\/wp-json\/wp\/v2\/types\/post"}],"author":[{"embeddable":true,"href":"https:\/\/belediyeis.org.tr\/merkez\/wp-json\/wp\/v2\/users\/4"}],"replies":[{"embeddable":true,"href":"https:\/\/belediyeis.org.tr\/merkez\/wp-json\/wp\/v2\/comments?post=5174"}],"version-history":[{"count":1,"href":"https:\/\/belediyeis.org.tr\/merkez\/wp-json\/wp\/v2\/posts\/5174\/revisions"}],"predecessor-version":[{"id":5176,"href":"https:\/\/belediyeis.org.tr\/merkez\/wp-json\/wp\/v2\/posts\/5174\/revisions\/5176"}],"wp:featuredmedia":[{"embeddable":true,"href":"https:\/\/belediyeis.org.tr\/merkez\/wp-json\/wp\/v2\/media\/5175"}],"wp:attachment":[{"href":"https:\/\/belediyeis.org.tr\/merkez\/wp-json\/wp\/v2\/media?parent=5174"}],"wp:term":[{"taxonomy":"category","embeddable":true,"href":"https:\/\/belediyeis.org.tr\/merkez\/wp-json\/wp\/v2\/categories?post=5174"},{"taxonomy":"post_tag","embeddable":true,"href":"https:\/\/belediyeis.org.tr\/merkez\/wp-json\/wp\/v2\/tags?post=5174"}],"curies":[{"name":"wp","href":"https:\/\/api.w.org\/{rel}","templated":true}]}}