{"id":5170,"date":"2025-06-25T16:14:01","date_gmt":"2025-06-25T13:14:01","guid":{"rendered":"http:\/\/belediyeis.org.tr\/merkez\/?p=5170"},"modified":"2025-06-25T16:14:01","modified_gmt":"2025-06-25T13:14:01","slug":"genel-baskanimiz-nihat-yurdakul-chp-izmir-il-baskani-senol-aslanoglunu-ziyaret-etti","status":"publish","type":"post","link":"https:\/\/belediyeis.org.tr\/merkez\/2025\/06\/25\/genel-baskanimiz-nihat-yurdakul-chp-izmir-il-baskani-senol-aslanoglunu-ziyaret-etti\/","title":{"rendered":"Genel Ba\u015fkan\u0131m\u0131z Nihat Yurdakul, CHP \u0130zmir \u0130l Ba\u015fkan\u0131 \u015eenol Aslano\u011flu\u2019nu ziyaret etti."},"content":{"rendered":"<p>Genel Ba\u015fkan\u0131m\u0131z, \u0130zmir B\u00fcy\u00fck\u015fehir Belediyesi\u2019nde ya\u015fanan haks\u0131z hukuksuz i\u015ften \u00e7\u0131karmalar ve s\u00fcre\u00e7 ile ilgili olarak CHP \u0130zmir \u0130l Ba\u015fkan\u0131 Say\u0131n \u015eenol Aslano\u011flu ile g\u00f6r\u00fc\u015f al\u0131\u015fveri\u015finde bulundu.<\/p>\n<p>Genel Ba\u015fkan\u0131m\u0131z, \u201cBiz sa\u011fduyu i\u00e7inde bu haks\u0131z uygulaman\u0131n sonland\u0131r\u0131lmas\u0131n\u0131 talep ediyoruz. Bu yanl\u0131\u015ftan d\u00f6n\u00fcls\u00fcn\u201d dedi.<\/p>\n<p>Genel Ba\u015fkan\u0131m\u0131z Nihat Yurdakul dost\u00e7a yakla\u015f\u0131m\u0131 nedeniyle Say\u0131n \u015eenol Aslano\u011flu\u2019na te\u015fekk\u00fcr etti ve \u00e7al\u0131\u015fmalar\u0131nda ba\u015far\u0131lar diledi.<\/p>\n<p>Ziyarete, sendikam\u0131z Genel Merkez Y\u00f6neticileri ve \u0130zmir \u015eubelerinin Ba\u015fkanlar\u0131 da kat\u0131ld\u0131lar.<\/p>\n<p>&nbsp;<\/p>\n","protected":false},"excerpt":{"rendered":"<p>Genel Ba\u015fkan\u0131m\u0131z, \u0130zmir B\u00fcy\u00fck\u015fehir Belediyesi\u2019nde ya\u015fanan haks\u0131z hukuksuz i\u015ften \u00e7\u0131karmalar ve s\u00fcre\u00e7 ile ilgili olarak CHP \u0130zmir \u0130l Ba\u015fkan\u0131 Say\u0131n \u015eenol Aslano\u011flu ile g\u00f6r\u00fc\u015f al\u0131\u015fveri\u015finde bulundu. Genel Ba\u015fkan\u0131m\u0131z, \u201cBiz sa\u011fduyu i\u00e7inde bu haks\u0131z uygulaman\u0131n sonland\u0131r\u0131lmas\u0131n\u0131 talep ediyoruz. Bu yanl\u0131\u015ftan d\u00f6n\u00fcls\u00fcn\u201d dedi. Genel Ba\u015fkan\u0131m\u0131z Nihat Yurdakul dost\u00e7a yakla\u015f\u0131m\u0131 nedeniyle Say\u0131n \u015eenol Aslano\u011flu\u2019na te\u015fekk\u00fcr etti ve \u00e7al\u0131\u015fmalar\u0131nda [&hellip;]<\/p>\n","protected":false},"author":4,"featured_media":5171,"comment_status":"open","ping_status":"open","sticky":false,"template":"","format":"standard","meta":{"jnews-multi-image_gallery":[],"jnews_single_post":[],"jnews_primary_category":[],"jnews_social_meta":[],"jnews_override_counter":[],"footnotes":""},"categories":[1],"tags":[],"class_list":["post-5170","post","type-post","status-publish","format-standard","has-post-thumbnail","hentry","category-genel"],"_links":{"self":[{"href":"https:\/\/belediyeis.org.tr\/merkez\/wp-json\/wp\/v2\/posts\/5170","targetHints":{"allow":["GET"]}}],"collection":[{"href":"https:\/\/belediyeis.org.tr\/merkez\/wp-json\/wp\/v2\/posts"}],"about":[{"href":"https:\/\/belediyeis.org.tr\/merkez\/wp-json\/wp\/v2\/types\/post"}],"author":[{"embeddable":true,"href":"https:\/\/belediyeis.org.tr\/merkez\/wp-json\/wp\/v2\/users\/4"}],"replies":[{"embeddable":true,"href":"https:\/\/belediyeis.org.tr\/merkez\/wp-json\/wp\/v2\/comments?post=5170"}],"version-history":[{"count":1,"href":"https:\/\/belediyeis.org.tr\/merkez\/wp-json\/wp\/v2\/posts\/5170\/revisions"}],"predecessor-version":[{"id":5173,"href":"https:\/\/belediyeis.org.tr\/merkez\/wp-json\/wp\/v2\/posts\/5170\/revisions\/5173"}],"wp:featuredmedia":[{"embeddable":true,"href":"https:\/\/belediyeis.org.tr\/merkez\/wp-json\/wp\/v2\/media\/5171"}],"wp:attachment":[{"href":"https:\/\/belediyeis.org.tr\/merkez\/wp-json\/wp\/v2\/media?parent=5170"}],"wp:term":[{"taxonomy":"category","embeddable":true,"href":"https:\/\/belediyeis.org.tr\/merkez\/wp-json\/wp\/v2\/categories?post=5170"},{"taxonomy":"post_tag","embeddable":true,"href":"https:\/\/belediyeis.org.tr\/merkez\/wp-json\/wp\/v2\/tags?post=5170"}],"curies":[{"name":"wp","href":"https:\/\/api.w.org\/{rel}","templated":true}]}}