{"id":5163,"date":"2025-06-25T16:00:06","date_gmt":"2025-06-25T13:00:06","guid":{"rendered":"http:\/\/belediyeis.org.tr\/merkez\/?p=5163"},"modified":"2025-06-25T16:00:06","modified_gmt":"2025-06-25T13:00:06","slug":"genel-baskanimizin-basin-toplantisinin-ardindan-izmir-buyuksehir-belediyesi-sirketleri-izulas-ve-izbetonda-uyelerimizle-degerlendirme-toplantisi-yaptik","status":"publish","type":"post","link":"https:\/\/belediyeis.org.tr\/merkez\/2025\/06\/25\/genel-baskanimizin-basin-toplantisinin-ardindan-izmir-buyuksehir-belediyesi-sirketleri-izulas-ve-izbetonda-uyelerimizle-degerlendirme-toplantisi-yaptik\/","title":{"rendered":"Genel Ba\u015fkan\u0131m\u0131z\u0131n bas\u0131n toplant\u0131s\u0131n\u0131n ard\u0131ndan \u0130zmir B\u00fcy\u00fck\u015fehir Belediyesi \u015firketleri \u0130ZULA\u015e ve \u0130ZBETON\u2019da \u00fcyelerimizle de\u011ferlendirme toplant\u0131s\u0131 yapt\u0131k."},"content":{"rendered":"<div class=\"xdj266r x14z9mp xat24cr x1lziwak x1vvkbs x126k92a\">\n<div dir=\"auto\">Sendikam\u0131z Genel Merkez y\u00f6neticileri, \u0130zmir \u015eubelerinin Ba\u015fkanlar\u0131 ve \u015fube y\u00f6neticileri, \u0130ZULA\u015e ve \u0130ZBETON\u2019da \u00e7al\u0131\u015fan \u00fcyelerimizle i\u015ften \u00e7\u0131karmalar ve bundan sonraki s\u00fcre\u00e7te izleyece\u011fimiz yol haritas\u0131 ile ilgili olarak \u00fcyelerimize bilgi verdiler.<\/div>\n<\/div>\n<div class=\"x14z9mp xat24cr x1lziwak x1vvkbs xtlvy1s x126k92a\">\n<div dir=\"auto\">Toplant\u0131da, \u0130zmir B\u00fcy\u00fck\u015fehir Belediye y\u00f6netiminin bu haks\u0131z hukuksuz karardan derhal d\u00f6nmesi ve i\u015ften \u00e7\u0131kar\u0131lan \u00fcyelerimizin i\u015flerine geri ba\u015flat\u0131lmas\u0131 \u00e7a\u011fr\u0131m\u0131z\u0131 bir kez daha tekrarlad\u0131k.<\/div>\n<div dir=\"auto\"><img fetchpriority=\"high\" decoding=\"async\" class=\"alignnone wp-image-5165 size-jnews-750x375\" src=\"http:\/\/belediyeis.org.tr\/merkez\/wp-content\/uploads\/2025\/06\/WhatsApp-Image-2025-06-25-at-05.55.22-2-750x375.jpeg\" alt=\"\" width=\"750\" height=\"375\" srcset=\"https:\/\/belediyeis.org.tr\/merkez\/wp-content\/uploads\/2025\/06\/WhatsApp-Image-2025-06-25-at-05.55.22-2-750x375.jpeg 750w, https:\/\/belediyeis.org.tr\/merkez\/wp-content\/uploads\/2025\/06\/WhatsApp-Image-2025-06-25-at-05.55.22-2-360x180.jpeg 360w, https:\/\/belediyeis.org.tr\/merkez\/wp-content\/uploads\/2025\/06\/WhatsApp-Image-2025-06-25-at-05.55.22-2-1140x570.jpeg 1140w\" sizes=\"(max-width: 750px) 100vw, 750px\" \/> <img decoding=\"async\" class=\"alignnone wp-image-5166 size-jnews-750x375\" src=\"http:\/\/belediyeis.org.tr\/merkez\/wp-content\/uploads\/2025\/06\/WhatsApp-Image-2025-06-25-at-08.39.10-2-750x375.jpeg\" alt=\"\" width=\"750\" height=\"375\" srcset=\"https:\/\/belediyeis.org.tr\/merkez\/wp-content\/uploads\/2025\/06\/WhatsApp-Image-2025-06-25-at-08.39.10-2-750x375.jpeg 750w, https:\/\/belediyeis.org.tr\/merkez\/wp-content\/uploads\/2025\/06\/WhatsApp-Image-2025-06-25-at-08.39.10-2-360x180.jpeg 360w, https:\/\/belediyeis.org.tr\/merkez\/wp-content\/uploads\/2025\/06\/WhatsApp-Image-2025-06-25-at-08.39.10-2-1140x570.jpeg 1140w\" sizes=\"(max-width: 750px) 100vw, 750px\" \/> <img decoding=\"async\" class=\"alignnone wp-image-5167 size-jnews-750x375\" src=\"http:\/\/belediyeis.org.tr\/merkez\/wp-content\/uploads\/2025\/06\/WhatsApp-Image-2025-06-25-at-08.39.12-3-750x375.jpeg\" alt=\"\" width=\"750\" height=\"375\" srcset=\"https:\/\/belediyeis.org.tr\/merkez\/wp-content\/uploads\/2025\/06\/WhatsApp-Image-2025-06-25-at-08.39.12-3-750x375.jpeg 750w, https:\/\/belediyeis.org.tr\/merkez\/wp-content\/uploads\/2025\/06\/WhatsApp-Image-2025-06-25-at-08.39.12-3-360x180.jpeg 360w, https:\/\/belediyeis.org.tr\/merkez\/wp-content\/uploads\/2025\/06\/WhatsApp-Image-2025-06-25-at-08.39.12-3-1140x570.jpeg 1140w\" sizes=\"(max-width: 750px) 100vw, 750px\" \/><\/div>\n<\/div>\n","protected":false},"excerpt":{"rendered":"<p>Sendikam\u0131z Genel Merkez y\u00f6neticileri, \u0130zmir \u015eubelerinin Ba\u015fkanlar\u0131 ve \u015fube y\u00f6neticileri, \u0130ZULA\u015e ve \u0130ZBETON\u2019da \u00e7al\u0131\u015fan \u00fcyelerimizle i\u015ften \u00e7\u0131karmalar ve bundan sonraki s\u00fcre\u00e7te izleyece\u011fimiz yol haritas\u0131 ile ilgili olarak \u00fcyelerimize bilgi verdiler. Toplant\u0131da, \u0130zmir B\u00fcy\u00fck\u015fehir Belediye y\u00f6netiminin bu haks\u0131z hukuksuz karardan derhal d\u00f6nmesi ve i\u015ften \u00e7\u0131kar\u0131lan \u00fcyelerimizin i\u015flerine geri ba\u015flat\u0131lmas\u0131 \u00e7a\u011fr\u0131m\u0131z\u0131 bir kez daha tekrarlad\u0131k.<\/p>\n","protected":false},"author":4,"featured_media":5164,"comment_status":"open","ping_status":"open","sticky":false,"template":"","format":"standard","meta":{"jnews-multi-image_gallery":[],"jnews_single_post":[],"jnews_primary_category":[],"jnews_social_meta":[],"jnews_override_counter":[],"footnotes":""},"categories":[1],"tags":[],"class_list":["post-5163","post","type-post","status-publish","format-standard","has-post-thumbnail","hentry","category-genel"],"_links":{"self":[{"href":"https:\/\/belediyeis.org.tr\/merkez\/wp-json\/wp\/v2\/posts\/5163","targetHints":{"allow":["GET"]}}],"collection":[{"href":"https:\/\/belediyeis.org.tr\/merkez\/wp-json\/wp\/v2\/posts"}],"about":[{"href":"https:\/\/belediyeis.org.tr\/merkez\/wp-json\/wp\/v2\/types\/post"}],"author":[{"embeddable":true,"href":"https:\/\/belediyeis.org.tr\/merkez\/wp-json\/wp\/v2\/users\/4"}],"replies":[{"embeddable":true,"href":"https:\/\/belediyeis.org.tr\/merkez\/wp-json\/wp\/v2\/comments?post=5163"}],"version-history":[{"count":1,"href":"https:\/\/belediyeis.org.tr\/merkez\/wp-json\/wp\/v2\/posts\/5163\/revisions"}],"predecessor-version":[{"id":5168,"href":"https:\/\/belediyeis.org.tr\/merkez\/wp-json\/wp\/v2\/posts\/5163\/revisions\/5168"}],"wp:featuredmedia":[{"embeddable":true,"href":"https:\/\/belediyeis.org.tr\/merkez\/wp-json\/wp\/v2\/media\/5164"}],"wp:attachment":[{"href":"https:\/\/belediyeis.org.tr\/merkez\/wp-json\/wp\/v2\/media?parent=5163"}],"wp:term":[{"taxonomy":"category","embeddable":true,"href":"https:\/\/belediyeis.org.tr\/merkez\/wp-json\/wp\/v2\/categories?post=5163"},{"taxonomy":"post_tag","embeddable":true,"href":"https:\/\/belediyeis.org.tr\/merkez\/wp-json\/wp\/v2\/tags?post=5163"}],"curies":[{"name":"wp","href":"https:\/\/api.w.org\/{rel}","templated":true}]}}